{"id":594581,"date":"2025-12-12T08:45:15","date_gmt":"2025-12-12T08:45:15","guid":{"rendered":"https:\/\/www.europesays.com\/fr\/594581\/"},"modified":"2025-12-12T08:45:15","modified_gmt":"2025-12-12T08:45:15","slug":"recul-surprise-du-pib-en-octobre-a-01","status":"publish","type":"post","link":"https:\/\/www.europesays.com\/fr\/594581\/","title":{"rendered":"recul surprise du PIB en octobre, \u00e0 -0,1%"},"content":{"rendered":"<p class=\"fig-paragraph\">Le produit int\u00e9rieur brut (PIB) du Royaume-Uni a recul\u00e9 de 0,1% en octobre, a annonc\u00e9 vendredi l&rsquo;Office national des statistiques (ONS), une baisse inattendue, les analystes interrog\u00e9s par Bloomberg tablant sur une l\u00e9g\u00e8re progression de 0,1%. Ce recul fait suite \u00e0 un repli identique en septembre et une croissance nulle en ao\u00fbt. Il accentue encore la pression sur le gouvernement travailliste, qui peine depuis son retour au pouvoir en juillet 2024 \u00e0 tenir sa promesse de retour de la croissance.<\/p>\n<p class=\"fig-paragraph\">\u00abNous sommes d\u00e9termin\u00e9s \u00e0 d\u00e9fier les pr\u00e9visions de croissance et \u00e0 cr\u00e9er des emplois de qualit\u00e9, afin que chacun puisse b\u00e9n\u00e9ficier d&rsquo;une meilleure situation\u00bb, a r\u00e9agi un porte-parole du minist\u00e8re des Finances dans un communiqu\u00e9. Le mois d&rsquo;octobre a notamment \u00e9t\u00e9 marqu\u00e9 par la reprise des activit\u00e9s du constructeur Jaguar Land Rover, qui avait \u00e9t\u00e9 contraint de mettre en pause sa production en septembre en raison d&rsquo;une cyberattaque, avec un impact non n\u00e9gligeable sur l&rsquo;\u00e9conomie britannique.<\/p>\n<p class=\"fig-body-link\">\n            \u00c0 lire aussi<br \/>\n        <a class=\"fig-body-link__link\" href=\"http:\/\/www.lefigaro.fr\/international\/javier-milei-affirme-que-des-pourparlers-sont-en-cours-pour-lever-l-embargo-sur-les-armes-mis-en-place-par-le-royaume-uni-depuis-1982-londres-dement-20251211\" target=\"_blank\" data-fig-type=\"NewsFlash\" rel=\"noopener nofollow\" data-gtm-custom-categorie=\"navigation\" data-gtm-custom-action=\"crossclick\" data-gtm-custom-label=\"Contextuel\" data-gtm-event=\"customEventSPE\" data-fig-domain=\"LEFIGARO\"><\/p>\n<p>        Javier Milei affirme que des pourparlers sont en cours pour lever l\u2019embargo sur les armes mis en place par le Royaume-Uni depuis 1982, Londres d\u00e9ment<br \/>\n    <\/a>\n<\/p>\n<p>                                            <a class=\"fig-a11y-skip\" href=\"#fig-a11y-skip-main-inarticle\" data-module=\"a11y-skip\" data-context=\"was @visible\"><br \/>\n    Passer la publicit\u00e9<br \/>\n<\/a>            <\/p>\n<p>                                            Un regain d\u2019activit\u00e9 insuffisant<\/p>\n<p class=\"fig-paragraph\">Mais ce regain d&rsquo;activit\u00e9 n&rsquo;a pas suffi au Royaume-Uni pour retrouver la croissance en octobre, rel\u00e8ve Lindsay James, analyste chez Quilter, qui impute le recul du PIB aux inqui\u00e9tudes en amont de la pr\u00e9sentation du budget britannique le 26 novembre. \u00abLes entreprises et les consommateurs s&rsquo;attendaient \u00e0 des hausses d&rsquo;imp\u00f4ts, et les sp\u00e9culations et fuites incessantes ont de nouveau frein\u00e9 l&rsquo;\u00e9conomie britannique, comme l&rsquo;an dernier\u00bb, estime-t-elle.<\/p>\n<p class=\"fig-paragraph\">Le gouvernement a finalement annonc\u00e9 des hausses d&rsquo;imp\u00f4ts dans ce budget, mais qui ne prendront effet que progressivement au fil des ans, ce qui semble avoir rassur\u00e9 les march\u00e9s. \u00abEn pratique, l&rsquo;\u00e9conomie britannique recule\u00bb, souligne cependant Lindsay James, ce qui rend selon elle \u00abde plus en plus probable\u00bb une nouvelle baisse du taux d&rsquo;int\u00e9r\u00eat par la Banque d&rsquo;Angleterre lors de sa prochaine r\u00e9union le 18 d\u00e9cembre. L&rsquo;institution mon\u00e9taire doit cependant composer avec inflation qui reste \u00e9lev\u00e9e par rapport aux pays de la zone euro, \u00e0 3,6% en octobre.<\/p>\n","protected":false},"excerpt":{"rendered":"Le produit int\u00e9rieur brut (PIB) du Royaume-Uni a recul\u00e9 de 0,1% en octobre, a annonc\u00e9 vendredi l&rsquo;Office national&hellip;\n","protected":false},"author":2,"featured_media":594582,"comment_status":"","ping_status":"","sticky":false,"template":"","format":"standard","meta":{"footnotes":""},"categories":[1588],"tags":[1111,47,11,1117,1109,1112,636,341,257,1777,674,632,1108,107,1106,1107,1119,1116,1110,1114,500,12,1113,1118,137,473,1853,401,1115,1851,1850,1852],"class_list":{"0":"post-594581","1":"post","2":"type-post","3":"status-publish","4":"format-standard","5":"has-post-thumbnail","7":"category-royaume-uni","8":"tag-actu","9":"tag-actualite","10":"tag-actualites","11":"tag-assurance","12":"tag-breves","13":"tag-depeches","14":"tag-devises","15":"tag-emploi","16":"tag-entreprise","17":"tag-eu","18":"tag-europe","19":"tag-fcp","20":"tag-fil","21":"tag-fil-info","22":"tag-flash","23":"tag-flash-actu","24":"tag-formation","25":"tag-immobilier","26":"tag-informations","27":"tag-infos","28":"tag-medias","29":"tag-news","30":"tag-nouvelles","31":"tag-placement","32":"tag-retraite","33":"tag-royaume-uni","34":"tag-royaume-uni-de-grande-bretagne-et-dirlande-du-nord","35":"tag-sicav","36":"tag-taux","37":"tag-uk","38":"tag-united-kingdom","39":"tag-united-kingdom-of-great-britain-and-northern-ireland"},"share_on_mastodon":{"url":"https:\/\/pubeurope.com\/@fr\/115705723377916384","error":""},"_links":{"self":[{"href":"https:\/\/www.europesays.com\/fr\/wp-json\/wp\/v2\/posts\/594581","targetHints":{"allow":["GET"]}}],"collection":[{"href":"https:\/\/www.europesays.com\/fr\/wp-json\/wp\/v2\/posts"}],"about":[{"href":"https:\/\/www.europesays.com\/fr\/wp-json\/wp\/v2\/types\/post"}],"author":[{"embeddable":true,"href":"https:\/\/www.europesays.com\/fr\/wp-json\/wp\/v2\/users\/2"}],"replies":[{"embeddable":true,"href":"https:\/\/www.europesays.com\/fr\/wp-json\/wp\/v2\/comments?post=594581"}],"version-history":[{"count":0,"href":"https:\/\/www.europesays.com\/fr\/wp-json\/wp\/v2\/posts\/594581\/revisions"}],"wp:featuredmedia":[{"embeddable":true,"href":"https:\/\/www.europesays.com\/fr\/wp-json\/wp\/v2\/media\/594582"}],"wp:attachment":[{"href":"https:\/\/www.europesays.com\/fr\/wp-json\/wp\/v2\/media?parent=594581"}],"wp:term":[{"taxonomy":"category","embeddable":true,"href":"https:\/\/www.europesays.com\/fr\/wp-json\/wp\/v2\/categories?post=594581"},{"taxonomy":"post_tag","embeddable":true,"href":"https:\/\/www.europesays.com\/fr\/wp-json\/wp\/v2\/tags?post=594581"}],"curies":[{"name":"wp","href":"https:\/\/api.w.org\/{rel}","templated":true}]}}