{"id":594583,"date":"2025-12-12T08:46:16","date_gmt":"2025-12-12T08:46:16","guid":{"rendered":"https:\/\/www.europesays.com\/fr\/594583\/"},"modified":"2025-12-12T08:46:16","modified_gmt":"2025-12-12T08:46:16","slug":"si-largent-netait-pas-un-probleme-ou-partiriez-vous","status":"publish","type":"post","link":"https:\/\/www.europesays.com\/fr\/594583\/","title":{"rendered":"\u201cSi l\u2019argent n\u2019\u00e9tait pas un probl\u00e8me, o\u00f9 partiriez-vous ?\u201d"},"content":{"rendered":"\n<p>Esslingen, ville moyenne du Bade-Wurtemberg pos\u00e9e entre vignobles et maisons \u00e0 colombages, est le terrain qu\u2019a choisi <a class=\"ithalc\" data-ithal=\"lien_externe\" data-ithalc=\"[nav_article]\" target=\"_blank\" href=\"https:\/\/www.zeit.de\/zeit-magazin\/2025\/48\/traumreiseziele-teure-reiseziele-bucket-list-gxe\" rel=\"nofollow noopener\"><strong>Die Zeit <\/strong>pour une petite enqu\u00eate d\u2019un genre particulier<\/a>\u00a0: demander aux passants o\u00f9 ils r\u00eaveraient de voyager si l\u2019argent n\u2019\u00e9tait pas un probl\u00e8me. \u201cImaginons que, pour ce voyage magique, l\u2019argent leur tombe du ciel. Bien s\u00fbr, c\u2019est une question irr\u00e9aliste\u00a0; nous avons certainement d\u2019autres probl\u00e8mes de soci\u00e9t\u00e9. Mais on a bien le droit de demander \u00e0 ses concitoyens une carte postale de leurs r\u00eaves\u00a0!\u201d explique le quotidien.<\/p>\n<p>Le choix d\u2019Esslingen ne rel\u00e8ve en rien du hasard\u00a0: ni trop grande ni trop petite, sans charme tapageur ni laideur rebutante, la ville offre un \u00e9chantillon ordinaire de vies allemandes. L\u2019enqu\u00eate repose sur une m\u00e9thodologie simple\u00a0: interroger les gens au fil des rencontres, sans filtre ni questionnaire, pour saisir la premi\u00e8re image qui surgit dans l\u2019esprit de chacun.<\/p>\n<p>Ce qui remonte, dans cette s\u00e9rie de r\u00e9ponses spontan\u00e9es, dessine une g\u00e9ographie intime du d\u00e9sir de partir. Chez certains, la fuite l\u2019emporte sur la destination. La posti\u00e8re ne s\u2019embarrasse d\u2019aucune nuance\u00a0: \u201cJe veux juste partir, tout est mieux qu\u2019ici\u00a0!\u201d Un refus du pr\u00e9sent qui efface la fronti\u00e8re entre voyage et expatriation. D\u2019autres, plus r\u00eaveurs, \u00e9voquent des horizons lointains pour \u00e9prouver un choc ou une respiration nouvelle. Une \u00e9tudiante dit vouloir \u201csentir cette tranquillit\u00e9 dans le m\u00e9tro japonais, mais aussi les lumi\u00e8res et le tumulte de Tokyo\u201d. Une m\u00e8re, elle, cherche la libert\u00e9 des grands espaces\u00a0: \u201cEn Norv\u00e8ge, c\u2019est si vaste et si libre. Ici, tout est \u00e9troit et plein de monde.\u201d<\/p>\n<p>La fascination pour l\u2019Am\u00e9rique du Nord se retrouve dans de nombreux t\u00e9moignages. Dans un salon de beaut\u00e9, une cliente affirme\u00a0: \u201cTout me fascine aux \u00c9tats-Unis. La vie l\u00e0-bas, les relations, tout est si diff\u00e9rent.\u201d Un jeune p\u00e8re r\u00eave lui aussi de la c\u00f4te Pacifique, partag\u00e9e entre paysages mythiques et malaise politique. Malgr\u00e9 ces r\u00e9serves, l\u2019imaginaire am\u00e9ricain demeure un aimant collectif.<\/p>\n<p>Mais une autre ligne appara\u00eet, presque en contrepoint\u00a0: le d\u00e9sir du retour aux sources. Pour certains, le luxe ultime ne serait ni Hawaii ni la c\u00f4te californienne, mais leur pays d\u2019origine. Un vendeur du magasin \u201ctout \u00e0 1\u00a0euro\u201d le dit sans d\u00e9tour\u00a0: \u201cJe voudrais revoir mon village natal en Afghanistan. Cela fait seize ans que je n\u2019y suis pas retourn\u00e9, c\u2019est mon seul souhait.\u201d Au fil des rencontres, le r\u00eave bascule ainsi vers l\u2019essentiel\u00a0: retrouver un lieu, un pass\u00e9, une appartenance.<\/p>\n<p>De cette cartographie improvis\u00e9e, une \u00e9vidence se d\u00e9gage\u00a0: quand tout devient possible, les habitants d\u2019Esslingen ne r\u00eavent pas seulement de voyage, mais plus largement d\u2019ailleurs. Un ailleurs o\u00f9 respirer autrement, recommencer ou simplement revenir \u00e0 soi.<\/p>\n","protected":false},"excerpt":{"rendered":"Esslingen, ville moyenne du Bade-Wurtemberg pos\u00e9e entre vignobles et maisons \u00e0 colombages, est le terrain qu\u2019a choisi Die&hellip;\n","protected":false},"author":2,"featured_media":594584,"comment_status":"","ping_status":"","sticky":false,"template":"","format":"standard","meta":{"footnotes":""},"categories":[1587],"tags":[11,672,1804,1856,1805,1803,1777,674,4315,1801,12,1802],"class_list":{"0":"post-594583","1":"post","2":"type-post","3":"status-publish","4":"format-standard","5":"has-post-thumbnail","7":"category-allemagne","8":"tag-actualites","9":"tag-allemagne","10":"tag-bundesrepublik-deutschland","11":"tag-courrier-expat","12":"tag-de","13":"tag-deutschland","14":"tag-eu","15":"tag-europe","16":"tag-expatriation","17":"tag-germany","18":"tag-news","19":"tag-republique-federale-dallemagne"},"share_on_mastodon":{"url":"https:\/\/pubeurope.com\/@fr\/115705727347189957","error":""},"_links":{"self":[{"href":"https:\/\/www.europesays.com\/fr\/wp-json\/wp\/v2\/posts\/594583","targetHints":{"allow":["GET"]}}],"collection":[{"href":"https:\/\/www.europesays.com\/fr\/wp-json\/wp\/v2\/posts"}],"about":[{"href":"https:\/\/www.europesays.com\/fr\/wp-json\/wp\/v2\/types\/post"}],"author":[{"embeddable":true,"href":"https:\/\/www.europesays.com\/fr\/wp-json\/wp\/v2\/users\/2"}],"replies":[{"embeddable":true,"href":"https:\/\/www.europesays.com\/fr\/wp-json\/wp\/v2\/comments?post=594583"}],"version-history":[{"count":0,"href":"https:\/\/www.europesays.com\/fr\/wp-json\/wp\/v2\/posts\/594583\/revisions"}],"wp:featuredmedia":[{"embeddable":true,"href":"https:\/\/www.europesays.com\/fr\/wp-json\/wp\/v2\/media\/594584"}],"wp:attachment":[{"href":"https:\/\/www.europesays.com\/fr\/wp-json\/wp\/v2\/media?parent=594583"}],"wp:term":[{"taxonomy":"category","embeddable":true,"href":"https:\/\/www.europesays.com\/fr\/wp-json\/wp\/v2\/categories?post=594583"},{"taxonomy":"post_tag","embeddable":true,"href":"https:\/\/www.europesays.com\/fr\/wp-json\/wp\/v2\/tags?post=594583"}],"curies":[{"name":"wp","href":"https:\/\/api.w.org\/{rel}","templated":true}]}}