{"id":594594,"date":"2025-12-12T08:54:16","date_gmt":"2025-12-12T08:54:16","guid":{"rendered":"https:\/\/www.europesays.com\/fr\/594594\/"},"modified":"2025-12-12T08:54:16","modified_gmt":"2025-12-12T08:54:16","slug":"volley-ball-spikeligue-vainqueurs-du-premier-set-les-centurions-narbonne-baissent-les-armes-face-a-la-lanterne-rouge-cannes","status":"publish","type":"post","link":"https:\/\/www.europesays.com\/fr\/594594\/","title":{"rendered":"Volley-ball \u2013 SpikeLigue\u00a0: vainqueurs du premier set, les Centurions Narbonne baissent les armes face \u00e0 la lanterne rouge Cannes"},"content":{"rendered":"<p>\n                                                                Bien lanc\u00e9s dans la partie, sur le terrain de Cannes ce jeudi soir, lanterne rouge avant le coup d\u2019envoi, les Centurions Narbonne ont ensuite diminu\u00e9 la cadence laissant les Azur\u00e9ens prendre confiance. Les Audois s\u2019inclinent (3-1) et encha\u00eenent un troisi\u00e8me revers d\u2019affil\u00e9e en trois d\u00e9placements lors des huit derniers jours.\n                            <\/p>\n<p dir=\"ltr\">On dit que les voyages forment la jeunesse. Pour Narbonne, ils cr\u00e9ent surtout des spirales n\u00e9gatives\u2026 Pour leur troisi\u00e8me d\u00e9placement cons\u00e9cutif, apr\u00e8s ceux du Plessis-Robinson (3-2) et de Tourcoing (3-1), qui se sont tous les deux sold\u00e9s par une d\u00e9faite, les Audois ont malheureusement align\u00e9 la passe de trois, hier soir, \u00e0 Cannes (d\u00e9faite 3-1). Qui plus est, chez la lanterne rouge. Et ce, malgr\u00e9 un premier set remport\u00e9, laissant penser que la machine \u00e9tait alors lanc\u00e9e. Rat\u00e9.<\/p>\n<p dir=\"ltr\">Le premier set, porteur d\u2019espoir donc, voit en effet les Centurions se montrer plus efficaces dans les secteurs cl\u00e9s\u00a0: des blocs solides \u2013 sign\u00e9s Czerwinski (4-3), Tour\u00e9 (5-7, 22-24) ou encore Thoral (13-15) -, deux aces contre aucun, dont celui, pr\u00e9cieux, de Viiber (18-21) dans le money-time, et une r\u00e9ussite offensive sup\u00e9rieure (55\u00a0% contre 48\u00a0%). C\u2019est d\u2019ailleurs dans le money-time que Patte et ses co\u00e9quipiers creusent l\u2019\u00e9cart. Avec deux points d\u2019avance apr\u00e8s l\u2019attaque de Fornes (18-20), les visiteurs font preuve d\u2019une grande ma\u00eetrise et ne laissent pas Cannes revenir. Ils remportent logiquement cette premi\u00e8re manche, parfaitement g\u00e9r\u00e9e (22-25).<\/p>\n<p>Une s\u00e9rie n\u00e9gative \u00e0 stopper le 20\u00a0d\u00e9cembre \u00e0 l\u2019Arena<\/p>\n<p dir=\"ltr\">Le deuxi\u00e8me set n\u2019est malheureusement pas du m\u00eame acabit. Face \u00e0 des Cannois piqu\u00e9s au vif, Narbonne manque son entame (5-1) et se retrouve \u00e0 courir derri\u00e8re pendant de longues minutes (11-8, 14-11, 18-16). Cette fois, ce sont les Maralpins qui g\u00e8rent id\u00e9alement leur money-time. Men\u00e9s 20-16 et plafonnant \u00e0 39\u00a0% d\u2019efficacit\u00e9 offensive, les Audois ne parviennent pas \u00e0 recoller (25-19).<\/p>\n<p dir=\"ltr\">Pire, cette \u00e9galisation met un coup au moral des visiteurs, qui livrent une fin de troisi\u00e8me set compliqu\u00e9e. Moins performants en r\u00e9ception (36\u00a0% contre 55\u00a0%) et surtout moins tranchants dans les moments d\u00e9cisifs (32\u00a0% contre 52\u00a0%), les Narbonnais passent \u00e0 c\u00f4t\u00e9 de la seconde moiti\u00e9 de la manche. Pourtant, tout avait bien commenc\u00e9\u00a0: un contre de Fornes (5-6) puis un ace de Viiber (5-8) obligent Cannes \u00e0 prendre un temps mort (5-9), et l\u2019attaque de Bisgaard donne m\u00eame trois points d\u2019avance (14-17). Mais la machine s\u2019enraye, et les locaux finissent par s\u2019\u00e9chapper (25-21).<\/p>\n<p dir=\"ltr\">Dos au mur et contraints d\u2019arracher le tie-break pour repartir au moins avec un point, les Centurions s\u2019accrochent dans le quatri\u00e8me set (14-11 puis 14-15, 17-17). Mais ils craquent encore en fin de manche\u00a0: deux aces de Ketrzynski les crucifient (21-17), et Narbonne finit par finalement s\u2019incliner (25-20).<\/p>\n<p dir=\"ltr\">Pour les Audois, il s\u2019agit l\u00e0 du troisi\u00e8me revers en trois d\u00e9placements, une s\u00e9rie qu\u2019il faudra imp\u00e9rativement stopper le 20\u00a0d\u00e9cembre prochain lors de la r\u00e9ception de Saint-Nazaire.<\/p>\n","protected":false},"excerpt":{"rendered":"Bien lanc\u00e9s dans la partie, sur le terrain de Cannes ce jeudi soir, lanterne rouge avant le coup&hellip;\n","protected":false},"author":2,"featured_media":594595,"comment_status":"","ping_status":"","sticky":false,"template":"","format":"standard","meta":{"footnotes":""},"categories":[1417],"tags":[4086,1011,27,35514,517,60,1470,1469],"class_list":{"0":"post-594594","1":"post","2":"type-post","3":"status-publish","4":"format-standard","5":"has-post-thumbnail","7":"category-volley","8":"tag-aude","9":"tag-fr","10":"tag-france","11":"tag-narbonne","12":"tag-sport","13":"tag-sports","14":"tag-volley","15":"tag-volleyball"},"share_on_mastodon":{"url":"https:\/\/pubeurope.com\/@fr\/115705758767222121","error":""},"_links":{"self":[{"href":"https:\/\/www.europesays.com\/fr\/wp-json\/wp\/v2\/posts\/594594","targetHints":{"allow":["GET"]}}],"collection":[{"href":"https:\/\/www.europesays.com\/fr\/wp-json\/wp\/v2\/posts"}],"about":[{"href":"https:\/\/www.europesays.com\/fr\/wp-json\/wp\/v2\/types\/post"}],"author":[{"embeddable":true,"href":"https:\/\/www.europesays.com\/fr\/wp-json\/wp\/v2\/users\/2"}],"replies":[{"embeddable":true,"href":"https:\/\/www.europesays.com\/fr\/wp-json\/wp\/v2\/comments?post=594594"}],"version-history":[{"count":0,"href":"https:\/\/www.europesays.com\/fr\/wp-json\/wp\/v2\/posts\/594594\/revisions"}],"wp:featuredmedia":[{"embeddable":true,"href":"https:\/\/www.europesays.com\/fr\/wp-json\/wp\/v2\/media\/594595"}],"wp:attachment":[{"href":"https:\/\/www.europesays.com\/fr\/wp-json\/wp\/v2\/media?parent=594594"}],"wp:term":[{"taxonomy":"category","embeddable":true,"href":"https:\/\/www.europesays.com\/fr\/wp-json\/wp\/v2\/categories?post=594594"},{"taxonomy":"post_tag","embeddable":true,"href":"https:\/\/www.europesays.com\/fr\/wp-json\/wp\/v2\/tags?post=594594"}],"curies":[{"name":"wp","href":"https:\/\/api.w.org\/{rel}","templated":true}]}}