{"id":594604,"date":"2025-12-12T09:02:35","date_gmt":"2025-12-12T09:02:35","guid":{"rendered":"https:\/\/www.europesays.com\/fr\/594604\/"},"modified":"2025-12-12T09:02:35","modified_gmt":"2025-12-12T09:02:35","slug":"la-famille-royale-celebre-les-prix-nobel-avec-faste-lors-dun-somptueux-banquet-au-palais-royal-de-stockholm","status":"publish","type":"post","link":"https:\/\/www.europesays.com\/fr\/594604\/","title":{"rendered":"La famille royale c\u00e9l\u00e8bre les Prix Nobel avec faste lors d&rsquo;un somptueux banquet au palais royal de Stockholm"},"content":{"rendered":"<p>Au lendemain de la c\u00e9r\u00e9monie de remise des Prix Nobel, la famille royale de Su\u00e8de a pour habitude d\u2019organiser un banquet en l\u2019honneur des laur\u00e9ats. Le roi Carl XVI Gustaf, la reine Silvia et leurs trois enfants ont respect\u00e9 la tradition en pr\u00e9parant un d\u00eener au menu typique scandinave pour leurs convives venus du monde entier. La reine, la princesse h\u00e9riti\u00e8re Victoria et la princesse Madeleine portaient de magnifiques robes et diad\u00e8mes. <\/p>\n<p><strong>Lire aussi : <a href=\"https:\/\/histoiresroyales.fr\/victoria-de-suede-reproduit-look-iconique-reine-silvia-remise-des-prix-nobel\/\" target=\"_blank\" rel=\"noopener\">Victoria de Su\u00e8de reproduit un look iconique de la reine Silvia \u00e0 la remise des Prix Nobel<\/a><\/strong><\/p>\n<p>Un banquet au palais royal de Stockholm en l\u2019honneur des laur\u00e9ats des Prix Nobel 2025<\/p>\n<p>Le 10 d\u00e9cembre, jour de l\u2019anniversaire de la mort d\u2019Alfred Nobel, est la date \u00e0 laquelle sont remis les diff\u00e9rents Prix Nobel. Le Prix Nobel de la paix est remis \u00e0 Oslo, en Norv\u00e8ge, tandis que les diff\u00e9rents Prix Nobel scientifiques et culturels sont remis des mains du roi Carl XVI Gustaf \u00e0 Stockholm, en Su\u00e8de. La ville de Stockholm offre ensuite un banquet apr\u00e8s la c\u00e9r\u00e9monie. Le lendemain, le 11 d\u00e9cembre, la famille royale retrouve d\u00e9j\u00e0 les laur\u00e9ats, puisqu\u2019il est de tradition que le souverain organise \u00e0 son tour un banquet. <\/p>\n<p><img fetchpriority=\"high\" decoding=\"async\" width=\"1300\" height=\"1821\" src=\"https:\/\/www.europesays.com\/fr\/wp-content\/uploads\/2025\/12\/reine-silvia-roi-carl-xvi-gustaf-prix-nobel-2025-gala-banquet.jpg\" alt=\"\" class=\"wp-image-231562 lazyload\" data-  \/>La reine Silvia et le roi Carl XVI Gustaf ont organis\u00e9 un banquet en l\u2019honneur des laur\u00e9ats des Prix Nobel (Photo : Cl\u00e9ment Morin\/Nobel Prize Outreach)<\/p>\n<p><strong>Lire aussi : <a href=\"https:\/\/histoiresroyales.fr\/famille-royale-de-suede-majeste-ceremonie-de-remise-prix-nobel\/\" target=\"_blank\" rel=\"noopener\">La famille royale de Su\u00e8de en majest\u00e9 \u00e0 la c\u00e9r\u00e9monie de remise des Prix Nobel<\/a><\/strong><\/p>\n<p>Le banquet des laur\u00e9ats du Prix Nobel est une occasion de plus pour que la famille royale apparaisse dans ses plus beaux atours : cravate blanche pour le roi et les princes, robes de soir\u00e9e et diad\u00e8mes pour la reine et les princesses. Le roi Carl XVI Gustaf, 79 ans, et la reine Silvia, 81 ans, \u00e9taient accompagn\u00e9s ce jeudi soir de leurs trois enfants et deux de leurs trois beaux-enfants. La princesse h\u00e9riti\u00e8re Victoria, 48 ans, \u00e9tait accompagn\u00e9e de son \u00e9poux, le prince Daniel, 52 ans. Le prince Carl Philip, 46 ans, n\u2019\u00e9tait pas accompagn\u00e9 de son \u00e9pouse, qui est rest\u00e9e \u00e0 la maison pour s\u2019occuper de leurs quatre enfants. La princesse Madeleine, 43 ans, \u00e9tait accompagn\u00e9e de son \u00e9poux, Christopher O\u2019Neill, 51 ans. Les membres de la famille portaient aussi l\u2019ensemble de leurs distinctions, dont le prestigieux ruban bleu p\u00e2le en \u00e9charpe de l\u2019ordre des S\u00e9raphins.<\/p>\n<p><img loading=\"lazy\" decoding=\"async\" width=\"1300\" height=\"1819\" src=\"https:\/\/www.europesays.com\/fr\/wp-content\/uploads\/2025\/12\/banquet-princesse-heritiere-victoria-gala-prix-nobel-2025.jpg\" alt=\"\" class=\"wp-image-231563 lazyload\" data-  \/>La princesse h\u00e9riti\u00e8re Victoria fait son entr\u00e9e au bras du prince Daniel (Photo : Cl\u00e9ment Morin\/Nobel Prize Outreach)<\/p>\n<p><img loading=\"lazy\" decoding=\"async\" width=\"1300\" height=\"1821\" src=\"https:\/\/www.europesays.com\/fr\/wp-content\/uploads\/2025\/12\/madeleine-chris-o-neill-prince-carl-philip-banquet-nobel.jpg\" alt=\"\" class=\"wp-image-231564 lazyload\" data-  \/>Le prince Carl Philip sans son \u00e9pouse, \u00e0 c\u00f4t\u00e9 de sa s\u0153ur, la princesse Madeleine, et Christopher O\u2019Neill (Photo : Cl\u00e9ment Morin\/Nobel Prize Outreach)<\/p>\n<p><strong>Lire aussi : <a href=\"https:\/\/histoiresroyales.fr\/princesse-madeleine-porte-premiere-fois-diademe-en-rubis-offert-roi-edouard-vii-ancetre\/\" target=\"_blank\" rel=\"noopener\">La princesse Madeleine porte pour la premi\u00e8re fois un diad\u00e8me de rubis offert par le roi \u00c9douard VII \u00e0 son anc\u00eatre<\/a><\/strong><\/p>\n<p>Rien n\u2019est trop beau pour en mettre plein la vue aux invit\u00e9s venus du monde entier. Les Prix Nobel ont \u00e9t\u00e9 remis \u00e0 des laur\u00e9ats fran\u00e7ais, am\u00e9ricains, japonais ou encore hongrois et britanniques. Le Prix Nobel de physique a \u00e9t\u00e9 d\u00e9cern\u00e9 \u00e0 John Clarke, Michel Devoret et John Martinis. Le Prix Nobel de chimie a \u00e9t\u00e9 remis \u00e0 Susumu Kitagawa, Omar Yaghi et Richard Robson. Le Prix Nobel de m\u00e9decine revient \u00e0 Shimon Sakaguchi, Mary Brunkow et Fred Ramsdell. L\u00e1szl\u00f3 Krasznahorkai a re\u00e7u le Prix Nobel de litt\u00e9rature et enfin, le Prix Nobel d\u2019\u00e9conomie a \u00e9t\u00e9 remis \u00e0 Philippe Aghion, Peter Howitt et Joel Mokyr.<\/p>\n<p><img loading=\"lazy\" decoding=\"async\" width=\"1300\" height=\"1821\" src=\"https:\/\/www.europesays.com\/fr\/wp-content\/uploads\/2025\/12\/prix-nobel-palais-royal-2025.jpg\" alt=\"\" class=\"wp-image-231566 lazyload\" data-  \/>Les laur\u00e9ats des Prix Nobel arrivent au palais royal (Photo : Cl\u00e9ment Morin\/Nobel Prize Outreach)<\/p>\n<p><img loading=\"lazy\" decoding=\"async\" width=\"1400\" height=\"1961\" src=\"https:\/\/www.europesays.com\/fr\/wp-content\/uploads\/2025\/12\/accueil-prix-nobel-famille-royale-palais-stockholm.jpg\" alt=\"\" class=\"wp-image-231561 lazyload\" data-  \/>La famille royale accueille ses invit\u00e9s dans le salon du prince Bertil (Photo : Cl\u00e9ment Morin\/Nobel Prize Outreach)<\/p>\n<p><strong>Lire aussi : <a href=\"https:\/\/histoiresroyales.fr\/reine-silvia-princesse-heritiere-victoria-princesse-madeleine-beaux-diademes-honneur-presidente-islandaise\/\" target=\"_blank\" rel=\"noopener\">La reine Silvia et ses filles arborent leurs plus beaux diad\u00e8mes en l\u2019honneur de la pr\u00e9sidente islandaise<\/a><\/strong><\/p>\n<p>La reine Silvia, la princesse h\u00e9riti\u00e8re Victoria et la princesse Madeleine sortent leurs plus beaux diad\u00e8mes<\/p>\n<p>La reine Silvia portait le diad\u00e8me d\u2019am\u00e9thystes de l\u2019imp\u00e9ratrice Jos\u00e9phine avec le collier assorti. Le diad\u00e8me \u00e9tait un collier \u00e0 l\u2019origine. Il est compos\u00e9 de quinze grosses am\u00e9thystes ovales, entour\u00e9es de diamants. Les am\u00e9thystes sont serties dans de l\u2019or alors que les diamants sont sertis dans l\u2019argent. L\u2019imp\u00e9ratrice Jos\u00e9phine a transmis le bijou d\u2019am\u00e9thystes \u00e0 sa belle-fille, Augusta de Bavi\u00e8re, qui avait \u00e9pous\u00e9 son fils, le prince Eug\u00e8ne de Beauharnais en 1806. Augusta a elle-m\u00eame transmis les am\u00e9thystes \u00e0 sa fille, la princesse Jos\u00e9phine de Leuchtenberg, qui s\u2019est mari\u00e9e en 1823 avec le roi Oscar 1e de Su\u00e8de.<\/p>\n<p><img loading=\"lazy\" decoding=\"async\" width=\"1300\" height=\"1949\" src=\"https:\/\/www.europesays.com\/fr\/wp-content\/uploads\/2025\/12\/reine-silvia-salue-invites-prix-nobel-2025.jpg\" alt=\"\" class=\"wp-image-231567 lazyload\" data-  \/>La reine Silvia, qui porte son diad\u00e8me d\u2019am\u00e9thystes, salue les invit\u00e9s (Photo : Cl\u00e9ment Morin\/Nobel Prize Outreach)<\/p>\n<p>La princesse h\u00e9riti\u00e8re Victoria porte l\u2019\u00e9l\u00e9gant diad\u00e8me de diamant de Connaught. Ce diad\u00e8me est un cadeau que la princesse Margaret du Royaume-Uni a re\u00e7u de son p\u00e8re, le duc de Connaught, en 1905. Le duc de Connaught avait achet\u00e9 ce diad\u00e8me au joaillier E. Wolff and Co pour sa fille, \u00e0 l\u2019occasion de son mariage avec le prince h\u00e9ritier Gustave Adolphe de Su\u00e8de. Le diad\u00e8me est rest\u00e9 dans la famille royale depuis cette date. <\/p>\n<p><img loading=\"lazy\" decoding=\"async\" width=\"1300\" height=\"1821\" src=\"https:\/\/www.europesays.com\/fr\/wp-content\/uploads\/2025\/12\/princesse-heritiere-victoria-salue-prix-nobel-2025.jpg\" alt=\"\" class=\"wp-image-231565 lazyload\" data-  \/>La princesse h\u00e9riti\u00e8re Victoria salue les invit\u00e9s (Photo : Cl\u00e9ment Morin\/Nobel Prize Outreach)<\/p>\n<p>La princesse Madeleine portait le m\u00eame diad\u00e8me que celui port\u00e9 l\u2019ann\u00e9e derni\u00e8re \u00e0 la m\u00eame occasion. Ce diad\u00e8me a la particularit\u00e9 de n\u2019\u00eatre serti d\u2019aucune pierre pr\u00e9cieuse. Ce bijou doit sa brillance et son scintillement uniquement gr\u00e2ce au travail de polissage et d\u2019embossage de l\u2019acier. Ce diad\u00e8me de style Empire aurait \u00e9t\u00e9 dessin\u00e9 pour la princesse Hortense, l\u2019une des filles de l\u2019imp\u00e9ratrice Jos\u00e9phine des Fran\u00e7ais, adopt\u00e9e par Napol\u00e9on en 1796.\u00a0Les bijoux d\u2019Hortense ont fini dans la cassette de Jos\u00e9phine de Leuchtenberg, la petite-fille de l\u2019imp\u00e9ratrice Jos\u00e9phine. Jos\u00e9phine de Leuchtenberg devint reine de Su\u00e8de en \u00e9pousant le roi Oscar 1er de Su\u00e8de. C\u2019est ainsi que le bijou a finalement rejoint la collection de la famille royale de Su\u00e8de.<\/p>\n<p><img loading=\"lazy\" decoding=\"async\" width=\"1300\" height=\"867\" src=\"https:\/\/www.europesays.com\/fr\/wp-content\/uploads\/2025\/12\/princesse-heritiere-victoria-banquet-table-prix-nobel.jpg\" alt=\"\" class=\"wp-image-231568 lazyload\" data-  \/>La princesse h\u00e9riti\u00e8re Victoria est assise \u00e0 c\u00f4t\u00e9 du professeur Richard Robson, r\u00e9cipiendaire du Prix Nobel de chimie (Photo : Cl\u00e9ment Morin\/Nobel Prize Outreach)<\/p>\n<p><img loading=\"lazy\" decoding=\"async\" width=\"1300\" height=\"1821\" src=\"https:\/\/www.europesays.com\/fr\/wp-content\/uploads\/2025\/12\/reine-silvia-diademe-amethystes-prix-nobel-2025.jpg\" alt=\"\" class=\"wp-image-231569 lazyload\" data-  \/>Le professeur John Clarke, Prix Nobel de physique, a l\u2019honneur d\u2019\u00eatre assis \u00e0 c\u00f4t\u00e9 de la reine Silvia (Photo : Cl\u00e9ment Morin\/Nobel Prize Outreach)<\/p>\n<p><img loading=\"lazy\" decoding=\"async\" width=\"1300\" height=\"1821\" src=\"https:\/\/www.europesays.com\/fr\/wp-content\/uploads\/2025\/12\/roi-carl-xvi-gustaf-prix-nobel-2025.jpg\" alt=\"\" class=\"wp-image-231570 lazyload\" data-  \/>Le roi Carl XVI Gustaf est assis entre le Prix Nobel de physique Michel Devoret et son \u00e9pouse Marie-H\u00e9l\u00e8ne Girard (ici sur la photo) (Photo : Cl\u00e9ment Morin\/Nobel Prize Outreach)<\/p>\n<p><strong>Lire aussi : <a href=\"https:\/\/histoiresroyales.fr\/reine-silvia-victoria-de-suede-coiffees-diademe-amethystes-double-couronne-de-laurier-honneur-dignitaires-pays\/\" target=\"_blank\" rel=\"noopener\">Silvia et Victoria de Su\u00e8de coiff\u00e9es d\u2019un diad\u00e8me d\u2019am\u00e9thystes et d\u2019une double couronne de laurier en l\u2019honneur des dignitaires du pays<\/a><\/strong><\/p>\n<p>Du chevreuil et de l\u2019omble chevalier au menu typique scandinave<\/p>\n<p>Les tables \u00e9taient d\u00e9cor\u00e9es de poinsettias, appel\u00e9es famili\u00e8rement l\u2019\u00e9toile de No\u00ebl, de l\u2019eucalyptus et des gerb\u00e9ras. L\u2019entr\u00e9e \u00e9tait de l\u2019omble chevalier marin\u00e9 \u00e0 l\u2019aneth avec \u0153ufs de truite, cr\u00e8me fra\u00eeche fum\u00e9e, ciboulette, graines de fenouil et cumin. Le poisson \u00e9tait servi dans un plat datant des ann\u00e9es 1860, command\u00e9 pour la reine Jos\u00e9phine, l\u2019\u00e9pouse du roi Oscar 1er. Le hors-d\u2019\u0153uvre \u00e9tait du c\u00e9leri-rave glac\u00e9 au beurre noisette et au sherry, chou pointu brais\u00e9, estragon, champignons et sauce au beurre et au sherry, servi dans une assiette command\u00e9e pour le roi Gustave VI Adolphe et la reine Louise en 1954 et con\u00e7ue par Sven Erik Skawonius.<\/p>\n<p><img loading=\"lazy\" decoding=\"async\" width=\"999\" height=\"1400\" src=\"https:\/\/www.europesays.com\/fr\/wp-content\/uploads\/2025\/12\/repas-diner-banquet-prix-nobel-2025-999x1400.jpg\" alt=\"\" class=\"wp-image-231572 lazyload\" data-  \/>Le repas est servi sur l\u2019immense table dress\u00e9e dans la galerie Charles XI du palais royal de Stockholm (Photo : Cl\u00e9ment Morin\/Nobel Prize Outreach)<\/p>\n<p><img loading=\"lazy\" decoding=\"async\" width=\"934\" height=\"1400\" src=\"https:\/\/www.europesays.com\/fr\/wp-content\/uploads\/2025\/12\/table-dressee-prix-nobel-2025-934x1400.jpg\" alt=\"\" class=\"wp-image-231571 lazyload\" data-  \/>La d\u00e9coration florale comprend des gerb\u00e9ras, de l\u2019eucalyptus et des \u00e9toiles de No\u00ebl (Photo : Cl\u00e9ment Morin\/Nobel Prize Outreach)<\/p>\n<p>Le plat principal \u00e9tait de la selle de chevreuil de la chasse royale, oignons blancs confits, pur\u00e9e de pommes de terre aux amandes aromatis\u00e9e au fromage affin\u00e9, coulis d\u2019airelles rouges et sauce au chevreuil avec porto et poivre vert. Le plat \u00e0 viande a \u00e9t\u00e9 r\u00e9alis\u00e9 \u00e0 Berlin dans les ann\u00e9es 1850 et appartenait \u00e0 la grande-duchesse Louise de Bade. En dessert : variation d\u2019agrumes avec gin et baies de geni\u00e8vre, glace aux aiguilles de sapin et lait caill\u00e9, mousse d\u2019agrumes et meringue aux baies de geni\u00e8vre. L\u2019assiette \u00e0 dessert \u00e9tait un cadeau offert par le parlement et le gouvernement \u00e0 l\u2019occasion des 50 ans du roi en 1996. Les verres, con\u00e7us par Sigurd Persson, sont le cadeau de mariage que Silvia et Carl Gustaf ont re\u00e7u en 1976 de la part des autorit\u00e9s su\u00e9doises. Quant \u00e0 l\u2019argenterie, il s\u2019agit de l\u2019h\u00e9ritage de l\u2019imp\u00e9ratrice Am\u00e9lie du Br\u00e9sil, qui a l\u00e9gu\u00e9 une partie de ses biens \u00e0 sa s\u0153ur, la reine Jos\u00e9phine de Su\u00e8de.<\/p>\n<p>\t\t\t\t<img loading=\"lazy\" alt=\"Avatar photo\" src=\"https:\/\/www.europesays.com\/fr\/wp-content\/uploads\/2025\/04\/1516945716303-164x164.jpeg\"  class=\"avatar avatar-164 photo lazyload\" height=\"164\" width=\"164\" decoding=\"async\"\/><br \/>\n\t\t<a href=\"https:\/\/histoiresroyales.fr\/author\/royaliste123\/\" target=\"_blank\" rel=\"noopener\">Nicolas Fontaine<\/a><br \/>\n\t\t\t\t\tR\u00e9dacteur en chef<\/p>\n<p>Nicolas Fontaine a \u00e9t\u00e9 concepteur-r\u00e9dacteur et auteur pour de nombreuses marques et m\u00e9dias belges et fran\u00e7ais. Sp\u00e9cialiste de l&rsquo;actualit\u00e9 des familles royales, Nicolas a fond\u00e9 le site Histoires royales dont il est le r\u00e9dacteur en chef.&#13;<br \/>\n&#13;<br \/>\nnicolas@histoiresroyales.fr<\/p>\n<p>\t\t\t\t\t\t\t<a href=\"https:\/\/twitter.com\/ActusRoyales\" class=\"boxed-icon fill twitter\" target=\"_blank\" rel=\"noopener\"><\/a><br \/>\n\t\t\t\t\t\t\t\t\t<a href=\"https:\/\/www.instagram.com\/histoiresroyales.fr\/\" class=\"boxed-icon fill instagram\" target=\"_blank\" rel=\"noopener\"><\/a><\/p>\n<p>\t\t\t\t\t\t\t\t\t\t\t\t\t<script async src=\"https:\/\/platform.twitter.com\/widgets.js\" charset=\"utf-8\"><\/script><script async src=\"\/\/www.instagram.com\/embed.js\"><\/script><\/p>\n","protected":false},"excerpt":{"rendered":"Au lendemain de la c\u00e9r\u00e9monie de remise des Prix Nobel, la famille royale de Su\u00e8de a pour habitude&hellip;\n","protected":false},"author":2,"featured_media":594605,"comment_status":"","ping_status":"","sticky":false,"template":"","format":"standard","meta":{"footnotes":""},"categories":[1359],"tags":[24842,28757,48094,70752,52311,66468,58,59,1011,27,70753,973,33226,48098,70754],"class_list":{"0":"post-594604","1":"post","2":"type-post","3":"status-publish","4":"format-standard","5":"has-post-thumbnail","7":"category-people","8":"tag-banquet","9":"tag-carl-philip-de-suu00e8de","10":"tag-carl-xvi-gustaf","11":"tag-christopher-oneill","12":"tag-daniel-de-suu00e8de","13":"tag-diadu00e8me","14":"tag-divertissement","15":"tag-entertainment","16":"tag-fr","17":"tag-france","18":"tag-madeleine-de-suu00e8de","19":"tag-people","20":"tag-prix-nobel","21":"tag-reine-silvia-de-suu00e8de","22":"tag-victoria-de-suu00e8de"},"share_on_mastodon":{"url":"https:\/\/pubeurope.com\/@fr\/115705792186361949","error":""},"_links":{"self":[{"href":"https:\/\/www.europesays.com\/fr\/wp-json\/wp\/v2\/posts\/594604","targetHints":{"allow":["GET"]}}],"collection":[{"href":"https:\/\/www.europesays.com\/fr\/wp-json\/wp\/v2\/posts"}],"about":[{"href":"https:\/\/www.europesays.com\/fr\/wp-json\/wp\/v2\/types\/post"}],"author":[{"embeddable":true,"href":"https:\/\/www.europesays.com\/fr\/wp-json\/wp\/v2\/users\/2"}],"replies":[{"embeddable":true,"href":"https:\/\/www.europesays.com\/fr\/wp-json\/wp\/v2\/comments?post=594604"}],"version-history":[{"count":0,"href":"https:\/\/www.europesays.com\/fr\/wp-json\/wp\/v2\/posts\/594604\/revisions"}],"wp:featuredmedia":[{"embeddable":true,"href":"https:\/\/www.europesays.com\/fr\/wp-json\/wp\/v2\/media\/594605"}],"wp:attachment":[{"href":"https:\/\/www.europesays.com\/fr\/wp-json\/wp\/v2\/media?parent=594604"}],"wp:term":[{"taxonomy":"category","embeddable":true,"href":"https:\/\/www.europesays.com\/fr\/wp-json\/wp\/v2\/categories?post=594604"},{"taxonomy":"post_tag","embeddable":true,"href":"https:\/\/www.europesays.com\/fr\/wp-json\/wp\/v2\/tags?post=594604"}],"curies":[{"name":"wp","href":"https:\/\/api.w.org\/{rel}","templated":true}]}}