{"id":594608,"date":"2025-12-12T09:05:15","date_gmt":"2025-12-12T09:05:15","guid":{"rendered":"https:\/\/www.europesays.com\/fr\/594608\/"},"modified":"2025-12-12T09:05:15","modified_gmt":"2025-12-12T09:05:15","slug":"je-serais-viree-dans-la-minute-et-je-perdrais-le-boulot-de-ma-vie-julia-vignali-ce-que-son-contrat-lui-interdit-dans-affaire-conclue","status":"publish","type":"post","link":"https:\/\/www.europesays.com\/fr\/594608\/","title":{"rendered":"Je serais vir\u00e9e dans la minute et je perdrais le boulot de ma vie\u00a0\u00bb, Julia Vignali, ce que son contrat lui interdit dans \u00ab\u00a0Affaire conclue"},"content":{"rendered":"<p>Pour ce prime sp\u00e9cial No\u00ebl diffus\u00e9 vendredi soir sur France 3, Affaire conclue a vu les choses en grand. L\u2019\u00e9quipe de l\u2019\u00e9mission a pos\u00e9 ses cam\u00e9ras <a href=\"https:\/\/www.public.fr\/affaire-conclue-8-millions-deuros-cet-acheteur-star-perd-son-palais\" target=\"_blank\" rel=\"noopener\">au majestueux ch\u00e2teau d\u2019Uss\u00e9<\/a>, en Indre-et-Loire, un lieu mythique qui aurait inspir\u00e9 \u00e0 Charles Perrault la version la plus connue de La Belle au bois dormant. Un d\u00e9cor f\u00e9\u00e9rique, <strong>dix objets d\u2019exception<\/strong>, dont une parure en diamants et une rare voiture Excalibur et une ambiance teint\u00e9e de magie pour un \u00e9pisode hors norme pr\u00e9sent\u00e9, une fois encore, par <a href=\"https:\/\/www.public.fr\/tag\/julia-vignali\" target=\"_blank\" rel=\"noopener\">Julia Vignali.<\/a><\/p>\n<p><strong>Une \u00e9mission transform\u00e9e en conte de f\u00e9es<\/strong><\/p>\n<p>Pour entrer pleinement dans cette atmosph\u00e8re enchant\u00e9e, <strong>la pr\u00e9sentatrice s\u2019est pr\u00eat\u00e9e au jeu<\/strong> : robe de bal rouge flamboyante, couronne scintillante et accueil dans les salons royaux du ch\u00e2teau. Malgr\u00e9 ce d\u00e9cor somptueux, les codes immuables du programme restent en place : une expertise rigoureuse assur\u00e9e par les commissaires-priseurs, des vendeurs venus d\u00e9fendre leurs tr\u00e9sors, et des acheteurs pr\u00eats \u00e0 rench\u00e9rir\u2026 ou \u00e0 laisser filer.<\/p>\n<p>Pour cette \u00e9dition sp\u00e9ciale, deux nouveaut\u00e9s feront fr\u00e9mir les acheteurs embl\u00e9matiques : <strong>l\u2019\u00e9preuve sous enveloppe cachet\u00e9e<\/strong>, <strong>la vente \u00e0 la bougie<\/strong>, un proc\u00e9d\u00e9 ancien o\u00f9 l\u2019ench\u00e8re s\u2019arr\u00eate lorsque la flamme s\u2019\u00e9teint. Une m\u00e9canique de jeu qui promet de belles mont\u00e9es d\u2019adr\u00e9naline.<\/p>\n<p>Julia Vignali r\u00e9v\u00e8le ce qu&rsquo;elle n&rsquo;a pas le droit de faire <\/p>\n<p>Invit\u00e9e sur le plateau du Buzz TV \u00e0 la veille de la diffusion, <a href=\"https:\/\/www.public.fr\/sophie-davant-en-larmes-avant-lemission-julia-vignali-balance-sur-les-coulisses-du-3000e-numero-daffaire-conclue\" target=\"_blank\" rel=\"noopener\">Julia Vignali a partag\u00e9 les coulisses de ce tournage unique<\/a>. Et surtout, elle a rappel\u00e9 <strong>une r\u00e8gle m\u00e9connue du public mais capitale pour la bonne tenue de l\u2019\u00e9mission.<\/strong><\/p>\n<p>\u00ab\u00a0Je n\u2019ai pas le droit de vendre, ni d\u2019acheter. En r\u00e9sum\u00e9, de faire du business \u00e0 travers l\u2019\u00e9mission \u00bb, explique-t-elle sans d\u00e9tour. Une interdiction stricte, inscrite noir sur blanc dans son contrat, et qu\u2019elle juge \u00ab parfaitement normale\u00a0\u00bb, afin de pr\u00e9server l\u2019impartialit\u00e9 de l\u2019animatrice.<\/p>\n<p>Cette r\u00e8gle n\u2019est pas nouvelle : en octobre 2025 d\u00e9j\u00e0, dans Affaire conclue, elle confiait que la moindre tentative d\u2019achat lui co\u00fbterait \u00ab\u00a0son job dans la minute\u00a0\u00bb. \u00ab\u00a0Je perdrais le boulot de ma vie\u00a0\u00bb, ajoutait-elle alors, consciente du privil\u00e8ge et de la responsabilit\u00e9 qui accompagnent son poste.<\/p>\n<p><strong>Son astuce pour ne pas c\u00e9der \u00e0 la tentation<\/strong><\/p>\n<p>Car oui, Julia Vignali a parfois des coups de c\u0153ur. Comment r\u00e9sister face \u00e0 un vase Art d\u00e9co rare, une estampe du XIX\u1d49 si\u00e8cle ou une sculpture animali\u00e8re unique ?<\/p>\n<p>Elle avoue avoir mis en place une m\u00e9thode discr\u00e8te et maline : \u00ab\u00a0Si je craque demain sur un objet, je le prends en photo. Ensuite, je cherche sur une application ce que c\u2019est exactement et les objets qui lui ressemblent. Je me d\u00e9brouille\u00a0\u00bb. <\/p>\n<p>Un stratag\u00e8me qui lui permet de respecter son contrat tout en alimentant sa passion grandissante pour les objets anciens. Et pour d\u00e9nicher la perle rare, elle ne compte pas uniquement sur le hasard des tournages : \u00ab\u00a0J\u2019essaie de les trouver dans les brocantes, comme tout un chacun\u00a0\u00bb. <\/p>\n<p>\n          Hits &amp; People en continu\n        <\/p>\n<p>\n          Public Radio\n        <\/p>\n<p>      Mentionn\u00e9s dans cet article<\/p>\n<p>      Sur le m\u00eame sujet<\/p>\n","protected":false},"excerpt":{"rendered":"Pour ce prime sp\u00e9cial No\u00ebl diffus\u00e9 vendredi soir sur France 3, Affaire conclue a vu les choses en&hellip;\n","protected":false},"author":2,"featured_media":594609,"comment_status":"","ping_status":"","sticky":false,"template":"","format":"standard","meta":{"footnotes":""},"categories":[1356],"tags":[9885,58,59,1011,27,2173,27579,252,1364],"class_list":{"0":"post-594608","1":"post","2":"type-post","3":"status-publish","4":"format-standard","5":"has-post-thumbnail","7":"category-television","8":"tag-affaire-conclue","9":"tag-divertissement","10":"tag-entertainment","11":"tag-fr","12":"tag-france","13":"tag-interview","14":"tag-julia-vignali","15":"tag-television","16":"tag-tv"},"share_on_mastodon":{"url":"https:\/\/pubeurope.com\/@fr\/115705801862903979","error":""},"_links":{"self":[{"href":"https:\/\/www.europesays.com\/fr\/wp-json\/wp\/v2\/posts\/594608","targetHints":{"allow":["GET"]}}],"collection":[{"href":"https:\/\/www.europesays.com\/fr\/wp-json\/wp\/v2\/posts"}],"about":[{"href":"https:\/\/www.europesays.com\/fr\/wp-json\/wp\/v2\/types\/post"}],"author":[{"embeddable":true,"href":"https:\/\/www.europesays.com\/fr\/wp-json\/wp\/v2\/users\/2"}],"replies":[{"embeddable":true,"href":"https:\/\/www.europesays.com\/fr\/wp-json\/wp\/v2\/comments?post=594608"}],"version-history":[{"count":0,"href":"https:\/\/www.europesays.com\/fr\/wp-json\/wp\/v2\/posts\/594608\/revisions"}],"wp:featuredmedia":[{"embeddable":true,"href":"https:\/\/www.europesays.com\/fr\/wp-json\/wp\/v2\/media\/594609"}],"wp:attachment":[{"href":"https:\/\/www.europesays.com\/fr\/wp-json\/wp\/v2\/media?parent=594608"}],"wp:term":[{"taxonomy":"category","embeddable":true,"href":"https:\/\/www.europesays.com\/fr\/wp-json\/wp\/v2\/categories?post=594608"},{"taxonomy":"post_tag","embeddable":true,"href":"https:\/\/www.europesays.com\/fr\/wp-json\/wp\/v2\/tags?post=594608"}],"curies":[{"name":"wp","href":"https:\/\/api.w.org\/{rel}","templated":true}]}}