{"id":594610,"date":"2025-12-12T09:06:13","date_gmt":"2025-12-12T09:06:13","guid":{"rendered":"https:\/\/www.europesays.com\/fr\/594610\/"},"modified":"2025-12-12T09:06:13","modified_gmt":"2025-12-12T09:06:13","slug":"il-ny-croyait-pas-elle-a","status":"publish","type":"post","link":"https:\/\/www.europesays.com\/fr\/594610\/","title":{"rendered":"\u00ab Il n&rsquo;y croyait pas, elle a&#8230; \u00bb"},"content":{"rendered":"<p>Julien Dor\u00e9 vit une p\u00e9riode tr\u00e8s particuli\u00e8re de sa carri\u00e8re.<br \/>\nEntre sa tourn\u00e9e, son retour prochain \u00e0 l\u2019Accor Arena et sa<br \/>\nnouvelle vie dans les C\u00e9vennes avec son fils, le chanteur de 42 ans<br \/>\nsemble avoir <strong>trouv\u00e9 un \u00e9quilibre qui lui fait du<br \/>\nbien.<\/strong> Apr\u00e8s des ann\u00e9es pass\u00e9es \u00e0 Paris, il a tout quitt\u00e9<br \/>\nen 2017 pour revenir l\u00e0 o\u00f9 il a grandi. Un choix qu\u2019il ne regrette<br \/>\nabsolument pas. Il le dit lui-m\u00eame : se r\u00e9veiller dans la nature,<br \/>\nloin du stress et du bruit, a chang\u00e9 sa mani\u00e8re de voir les choses.<br \/>\nAujourd\u2019hui, <strong>il \u00e9l\u00e8ve son fils au c\u0153ur de la<br \/>\nfor\u00eat,<\/strong> et il adore ce quotidien simple. Invit\u00e9 dans C \u00e0<br \/>\nvous, il a expliqu\u00e9 que cette vie proche de la nature lui<br \/>\npermettait de <a href=\"https:\/\/www.melty.fr\/people\/julien-dore-dans-quelques-annees-je-vais-le-chanteur-sans-detour-sur-sa-paternite-2211210.html\" target=\"_blank\" rel=\"noopener\"><br \/>\ntransmettre l\u2019essentiel \u00e0 son enfant.<\/a> Pour lui, cette connexion<br \/>\n\u00e0 la terre est devenue indispensable.<\/p>\n<p>Un Bercy pas comme les autres : Doroth\u00e9e surprend Julien Dor\u00e9<br \/>\nen plein show<\/p>\n<p>Et pourtant, malgr\u00e9 ce besoin de calme, il n\u2019a jamais voulu<br \/>\nabandonner la musique. D\u2019ailleurs, il est actuellement en pleine<br \/>\npromotion de <strong>sa tourn\u00e9e des Z\u00e9nith.<\/strong> Pendant ce<br \/>\ntemps, une autre figure culte des ann\u00e9es 80-90 fait, elle aussi,<br \/>\nson grand retour : Doroth\u00e9e. \u00c0 72 ans, elle remonte sur sc\u00e8ne apr\u00e8s<br \/>\nplus de quinze ans d\u2019absence. Elle pr\u00e9pare m\u00eame plusieurs concerts,<br \/>\ndont un \u00e0 Bruxelles, devant plusieurs g\u00e9n\u00e9rations de fans.<\/p>\n<p>Ainsi, elle promet <strong>un spectacle rempli<br \/>\nd\u2019\u00e9motions,<\/strong> de souvenirs et de chansons cultes. Un retour<br \/>\nqui rappelle celui de Chantal Goya <a href=\"https:\/\/www.melty.fr\/people\/chantal-goya-victime-dun-vol-julien-dore-vole-a-son-secours-cest-bibi-qui-offre-2245484.html\" target=\"_blank\" rel=\"noopener\"><br \/>\n\u00e0 qui Julien Dor\u00e9 a sauv\u00e9 la mise r\u00e9cemment.<\/a> Mais alors quel<br \/>\nest le lien entre les deux artistes ? Le soir du premier Bercy de<br \/>\nla tourn\u00e9e de Julien Dor\u00e9 en avril dernier, le chanteur a eu<br \/>\n<strong>une belle surprise<\/strong> et le public aussi\u2026<\/p>\n<p>Le chanteur \u00e9mu aux larmes : Doroth\u00e9e fait une apparition<br \/>\nsurprise \u00e0 son concert<\/p>\n<p>Alors qu\u2019il chantait sur sc\u00e8ne, le logo du Club Doroth\u00e9e est<br \/>\napparu sur l\u2019\u00e9cran g\u00e9ant. Et l\u00e0, surprise totale : Doroth\u00e9e<br \/>\nelle-m\u00eame est <strong>entr\u00e9e sur sc\u00e8ne.<\/strong> La chanteuse de 71<br \/>\nans a interpr\u00e9t\u00e9 All\u00f4, allo, Monsieur l\u2019ordinateur en<br \/>\nversion piano\/voix avec lui. Un moment simple, mais tr\u00e8s fort, qui<br \/>\na d\u00e9clench\u00e9 une vague d\u2019applaudissements. Julien Dor\u00e9 <strong>\u00e9tait<br \/>\nvisiblement \u00e9mu.<\/strong><\/p>\n<p>Ce duo n\u2019est pas arriv\u00e9 par hasard. Les Muscl\u00e9s (le groupe du<br \/>\nClub Doroth\u00e9e) avaient enregistr\u00e9 peu de temps avant une petite<br \/>\ns\u00e9quence avec Julien Dor\u00e9 pour une \u00e9mission sp\u00e9ciale diffus\u00e9e sur<br \/>\nTF1. Comme il ne pouvait pas \u00eatre pr\u00e9sent, il avait laiss\u00e9 un mot<br \/>\npour Doroth\u00e9e. Selon l\u2019entourage du chanteur, c\u2019est \u00e0 ce moment-l\u00e0<br \/>\n<strong>que tout a commenc\u00e9.<\/strong> Ils ont gard\u00e9 contact. Julien<br \/>\nDor\u00e9 a fini par lui proposer de monter sur sc\u00e8ne \u00e0 Bercy. Mais il<br \/>\navoue qu\u2019il n\u2019y croyait pas du tout.<\/p>\n<p>Un \u00ab oui \u00bb inattendu : Doroth\u00e9e touche<br \/>\nJulien Dor\u00e9 en acceptant son invitation<\/p>\n<p>Et pourtant, la chanteuse a accept\u00e9 ! \u00a0Doroth\u00e9e, qui<br \/>\n<strong>refuse souvent les apparitions publiques,<\/strong> a dit<br \/>\noui avec une simplicit\u00e9 d\u00e9sarmante. Elle a accept\u00e9 pour lui, parce<br \/>\nqu\u2019elle avait \u00e9t\u00e9 touch\u00e9e par son message. Julien Dor\u00e9 a appris sa<br \/>\nr\u00e9ponse en priv\u00e9, et selon un proche, il est rest\u00e9 bouche b\u00e9e. Pour<br \/>\nJulien Dor\u00e9, c\u2019\u00e9tait presque irr\u00e9el. Sur sc\u00e8ne, il l\u2019a dit<br \/>\nclairement : \u00ab Je ne sais pas vous, mais <strong>j\u2019ai<br \/>\nl\u2019impression d\u2019\u00eatre un gamin\u2026 \u00bb.<\/strong> Et on ne peut que le<br \/>\ncomprendre. Ce retour de Doroth\u00e9e a touch\u00e9 plusieurs<br \/>\ng\u00e9n\u00e9rations.<\/p>\n<p>Les fans pr\u00e9sents \u00e0 Bercy ont chant\u00e9 avec elle <strong>comme au<br \/>\nbon vieux temps,<\/strong> et Julien Dor\u00e9 en \u00e9tait lui-m\u00eame<br \/>\nprofond\u00e9ment \u00e9mu. Depuis cette apparition surprise, la question<br \/>\nbr\u00fble les l\u00e8vres : Doroth\u00e9e <strong>reviendra-t-elle sur sc\u00e8ne avec<br \/>\nlui<\/strong> lors des prochains concerts ? Rien n\u2019est confirm\u00e9.<br \/>\nElle pr\u00e9pare son propre spectacle, et aucune date n\u2019a encore \u00e9t\u00e9<br \/>\nannonc\u00e9e en France.<\/p>\n","protected":false},"excerpt":{"rendered":"Julien Dor\u00e9 vit une p\u00e9riode tr\u00e8s particuli\u00e8re de sa carri\u00e8re. Entre sa tourn\u00e9e, son retour prochain \u00e0 l\u2019Accor&hellip;\n","protected":false},"author":2,"featured_media":594611,"comment_status":"","ping_status":"","sticky":false,"template":"","format":"standard","meta":{"footnotes":""},"categories":[1355],"tags":[58,59,1011,27,4004,1361,873,65861],"class_list":{"0":"post-594610","1":"post","2":"type-post","3":"status-publish","4":"format-standard","5":"has-post-thumbnail","7":"category-musique","8":"tag-divertissement","9":"tag-entertainment","10":"tag-fr","11":"tag-france","12":"tag-julien-dore","13":"tag-music","14":"tag-musique","15":"tag-trend"},"share_on_mastodon":{"url":"https:\/\/pubeurope.com\/@fr\/115705805906029462","error":""},"_links":{"self":[{"href":"https:\/\/www.europesays.com\/fr\/wp-json\/wp\/v2\/posts\/594610","targetHints":{"allow":["GET"]}}],"collection":[{"href":"https:\/\/www.europesays.com\/fr\/wp-json\/wp\/v2\/posts"}],"about":[{"href":"https:\/\/www.europesays.com\/fr\/wp-json\/wp\/v2\/types\/post"}],"author":[{"embeddable":true,"href":"https:\/\/www.europesays.com\/fr\/wp-json\/wp\/v2\/users\/2"}],"replies":[{"embeddable":true,"href":"https:\/\/www.europesays.com\/fr\/wp-json\/wp\/v2\/comments?post=594610"}],"version-history":[{"count":0,"href":"https:\/\/www.europesays.com\/fr\/wp-json\/wp\/v2\/posts\/594610\/revisions"}],"wp:featuredmedia":[{"embeddable":true,"href":"https:\/\/www.europesays.com\/fr\/wp-json\/wp\/v2\/media\/594611"}],"wp:attachment":[{"href":"https:\/\/www.europesays.com\/fr\/wp-json\/wp\/v2\/media?parent=594610"}],"wp:term":[{"taxonomy":"category","embeddable":true,"href":"https:\/\/www.europesays.com\/fr\/wp-json\/wp\/v2\/categories?post=594610"},{"taxonomy":"post_tag","embeddable":true,"href":"https:\/\/www.europesays.com\/fr\/wp-json\/wp\/v2\/tags?post=594610"}],"curies":[{"name":"wp","href":"https:\/\/api.w.org\/{rel}","templated":true}]}}