{"id":594618,"date":"2025-12-12T09:10:14","date_gmt":"2025-12-12T09:10:14","guid":{"rendered":"https:\/\/www.europesays.com\/fr\/594618\/"},"modified":"2025-12-12T09:10:14","modified_gmt":"2025-12-12T09:10:14","slug":"anouchka-delon-denonce-desormais-la-trahison-de-son-petit-frere-et-lache-tout-absolument-tout","status":"publish","type":"post","link":"https:\/\/www.europesays.com\/fr\/594618\/","title":{"rendered":"Anouchka Delon d\u00e9nonce d\u00e9sormais la trahison de son petit fr\u00e8re et l\u00e2che tout, absolument tout"},"content":{"rendered":"<p><a href=\"https:\/\/www.public.fr\/tag\/anouchka-delon\" target=\"_blank\" rel=\"noopener\">Anouchka Delon<\/a> sort enfin de son silence. Ce jeudi 11 d\u00e9cembre, lors de son passage dans l&rsquo;\u00e9mission Face \u00e0 Fogiel sur RTL, <a href=\"https:\/\/www.public.fr\/quelle-ne-touche-pas-un-centime-heritage-dalain-delon-son-fils-alain-fabien-declare-la-guerre-a-anouchka\" target=\"_blank\" rel=\"noopener\"><strong>Alain-Fabien Delon<\/strong> a r\u00e9v\u00e9l\u00e9 qu&rsquo;il comptait contester le dernier testament de leur p\u00e8re<\/a>, r\u00e9dig\u00e9 en 2022. <\/p>\n<p>\u00ab\u00a0Ce n&rsquo;est pas une question d&rsquo;argent, c&rsquo;est avant tout pour faire respecter les derni\u00e8res volont\u00e9s de mon p\u00e8re.\u00a0Je trouve que <strong>certaines personnes malintentionn\u00e9es ont pu profiter d&rsquo;un \u00e9tat de faiblesse de mon p\u00e8re \u00e0 des fins p\u00e9cuniaires<\/strong>\u00a0et \u00e7a m&#8217;emp\u00eache de dormir la nuit\u00a0\u00bb, a-t-il confi\u00e9 avant d&rsquo;assurer que sa s\u0153ur, Anouchka faisait partie du lot : \u00ab\u00a0<strong>Je n\u2019ai pas envie qu&rsquo;elle touche quoi que ce soit, ni m\u00eame un centime<\/strong>.\u00a0\u00bb<\/p>\n<p>\u00ab\u00a0Une jalousie fratricide et une haine compr\u00e9hensible, mais inexcusable\u00a0\u00bb<\/p>\n<p>Quelques heures apr\u00e8s cette prise de parole, l&rsquo;int\u00e9ress\u00e9e s&rsquo;est donc empar\u00e9e de ses r\u00e9seaux sociaux afin de s&rsquo;exprimer sur l&rsquo;affaire. <\/p>\n<p>Dans un long message mis en ligne sur <a href=\"https:\/\/www.instagram.com\/anouchkadelon\/\" target=\"_blank\" rel=\"noreferrer noopener\">Instagram<\/a>, la maman de Lino est revenue sur la querelle qui oppose les membres de sa famille. <\/p>\n<p>\u00ab\u00a0<strong>Ce gamin pr\u00e9tendant \u00eatre un fils, un fr\u00e8re, s\u2019engagea \u00e0 poignarder son unique s\u0153ur dans le dos, ainsi qu\u2019\u00e0 trahir les liens sacr\u00e9s du sang sur la place publique<\/strong>\u00ab\u00a0, a-t-elle pr\u00e9cis\u00e9 sans mentionner son cadet. \u00ab\u00a0<strong>M\u00fb par une jalousie fratricide et une haine compr\u00e9hensible mais inexcusable, il la condamna violemment en am\u00e9nageant la sc\u00e8ne \u00e0 son avantage<\/strong>\u00ab\u00a0.<\/p>\n<p>Pour Anouchka, ses fr\u00e8res sont parvenus \u00e0 faire d&rsquo;elle le \u00ab\u00a0mouton noir de la famille Delon\u00a0\u00bb. Pire, son petit fr\u00e8re aurait, selon elle, <strong>d\u00e9pouill\u00e9 \u00ab\u00a0son p\u00e8re de tout ce qui lui restait\u00a0\u00bb<\/strong>,\u00a0\u00e0 savoir\u00a0\u00ab\u00a0sa dignit\u00e9, son honneur, son nom, ses derni\u00e8res volont\u00e9s, ainsi que son \u00e9ternel repos\u00a0\u00bb.<\/p>\n<p>\u00ab\u00a0L\u2019orgueil, l\u2019ego, ainsi que les pr\u00e9jug\u00e9s punitifs de ce minot me passent au-dessus. Le respect ne s\u2019ach\u00e8te pas, il se m\u00e9rite. Qu\u2019il me salisse \u00e0 grands coups de pens\u00e9es pr\u00e9fabriqu\u00e9es ne me surprend pas. Que son avis \u00e0 mon sujet ne change jamais j\u2019en ai l\u2019intime conviction. <strong>Ses menaces ainsi que son chantage de mafieux de s\u00e9rie B ne m\u2019intimident gu\u00e8re<\/strong>\u00ab\u00a0, ajoute-t-elle. <\/p>\n<p>Anouchka Delon pr\u00eate \u00e0 se d\u00e9fendre fermement<\/p>\n<p>\u00ab\u00a0<strong>La fille unique devient victime d\u2019une dynamique familiale narcissique<\/strong>\u00ab\u00a0, d\u00e9clare Anouchka. \u00ab\u00a0<strong>Pas simple d\u2019\u00eatre une femme dans une famille d\u2019hommes o\u00f9 r\u00e8gne le machisme d\u2019une autre \u00e9poque<\/strong>\u00ab\u00a0. <\/p>\n<p>Loin de vouloir se taire, la fille d&rsquo;Alain Delon compte bien d\u00e9fendre son honneur apr\u00e8s les attaques de son fr\u00e8re : \u00ab\u00a0<strong>Croire ce qu\u2019il se dit \u00e0 mon sujet, serait mal me conna\u00eetre. \u00catre persuad\u00e9e que j\u2019en resterai l\u00e0 le serait tout autant<\/strong>\u00ab\u00a0, \u00e9crit-elle.<\/p>\n<p>Et de conclure : \u00ab\u00a0Apr\u00e8s tout comme le disait Opa (Alain Delon, ndlr), le premier homme de ma vie\u00a0: &lsquo;N\u2019oublie pas que tu es une Delon'\u00a0\u00bb. La guerre est d\u00e9clar\u00e9e !<\/p>\n<p>\n          Hits &amp; People en continu\n        <\/p>\n<p>\n          Public Radio\n        <\/p>\n<p>      Mentionn\u00e9s dans cet article<\/p>\n<p>      Sur le m\u00eame sujet<\/p>\n<p>  <script async src=\"\/\/www.instagram.com\/embed.js\"><\/script><\/p>\n","protected":false},"excerpt":{"rendered":"Anouchka Delon sort enfin de son silence. Ce jeudi 11 d\u00e9cembre, lors de son passage dans l&rsquo;\u00e9mission Face&hellip;\n","protected":false},"author":2,"featured_media":594619,"comment_status":"","ping_status":"","sticky":false,"template":"","format":"standard","meta":{"footnotes":""},"categories":[8],"tags":[5960,15944,19718,58,59,1011,27,11632],"class_list":{"0":"post-594618","1":"post","2":"type-post","3":"status-publish","4":"format-standard","5":"has-post-thumbnail","7":"category-divertissement","8":"tag-alain-delon","9":"tag-alain-fabien-delon","10":"tag-anouchka-delon","11":"tag-divertissement","12":"tag-entertainment","13":"tag-fr","14":"tag-france","15":"tag-heritage"},"share_on_mastodon":{"url":"https:\/\/pubeurope.com\/@fr\/115705821614110704","error":""},"_links":{"self":[{"href":"https:\/\/www.europesays.com\/fr\/wp-json\/wp\/v2\/posts\/594618","targetHints":{"allow":["GET"]}}],"collection":[{"href":"https:\/\/www.europesays.com\/fr\/wp-json\/wp\/v2\/posts"}],"about":[{"href":"https:\/\/www.europesays.com\/fr\/wp-json\/wp\/v2\/types\/post"}],"author":[{"embeddable":true,"href":"https:\/\/www.europesays.com\/fr\/wp-json\/wp\/v2\/users\/2"}],"replies":[{"embeddable":true,"href":"https:\/\/www.europesays.com\/fr\/wp-json\/wp\/v2\/comments?post=594618"}],"version-history":[{"count":0,"href":"https:\/\/www.europesays.com\/fr\/wp-json\/wp\/v2\/posts\/594618\/revisions"}],"wp:featuredmedia":[{"embeddable":true,"href":"https:\/\/www.europesays.com\/fr\/wp-json\/wp\/v2\/media\/594619"}],"wp:attachment":[{"href":"https:\/\/www.europesays.com\/fr\/wp-json\/wp\/v2\/media?parent=594618"}],"wp:term":[{"taxonomy":"category","embeddable":true,"href":"https:\/\/www.europesays.com\/fr\/wp-json\/wp\/v2\/categories?post=594618"},{"taxonomy":"post_tag","embeddable":true,"href":"https:\/\/www.europesays.com\/fr\/wp-json\/wp\/v2\/tags?post=594618"}],"curies":[{"name":"wp","href":"https:\/\/api.w.org\/{rel}","templated":true}]}}