{"id":594620,"date":"2025-12-12T09:11:17","date_gmt":"2025-12-12T09:11:17","guid":{"rendered":"https:\/\/www.europesays.com\/fr\/594620\/"},"modified":"2025-12-12T09:11:17","modified_gmt":"2025-12-12T09:11:17","slug":"260e-de-remise-chez-darty-une-offre-a-ne-pas-rater","status":"publish","type":"post","link":"https:\/\/www.europesays.com\/fr\/594620\/","title":{"rendered":"-260\u20ac de remise chez Darty une offre \u00e0 ne pas rater !"},"content":{"rendered":"<p>Le nouveau MacBook Pro 14\u2033 \u00e9quip\u00e9 de la puce M4 profite d\u2019une belle r\u00e9duction chez Darty. Affich\u00e9 habituellement \u00e0 1 659 euros, il passe \u00e0 1 399 euros, soit 260 euros d\u2019\u00e9conomie sur une machine qui vient tout juste de sortir. Une aubaine pour les professionnels et \u00e9tudiants en qu\u00eate d\u2019un portable puissant.<\/p>\n<p><b>Promo MacBook Pro 14 M4 : -260 euros de remise imm\u00e9diate<\/b><\/p>\n<p>La configuration propos\u00e9e embarque 16 Go de RAM et 512 Go de stockage SSD. De quoi couvrir largement la majorit\u00e9 des usages sans se sentir \u00e0 l\u2019\u00e9troit. Darty assure la livraison d\u00e8s le lendemain ou le retrait gratuit en magasin. Le paiement en 3 ou 4 fois facilite l\u2019achat de cette machine premium qui b\u00e9n\u00e9ficie d\u2019une garantie de deux ans.<\/p>\n<p><b>La puce M4 change la donne<\/b><\/p>\n<p><img data-lazyloaded=\"1\" data-od-added-loading=\"\" data-od-replaced- data-od-xpath=\"\/HTML\/BODY\/DIV[@id='page']\/*[2][self::DIV]\/*[1][self::DIV]\/*[1][self::DIV]\/*[1][self::MAIN]\/*[2][self::ARTICLE]\/*[2][self::DIV]\/*[2][self::DIV]\/*[8][self::P]\/*[1][self::IMG]\" loading=\"lazy\" decoding=\"async\" src=\"https:\/\/www.europesays.com\/fr\/wp-content\/uploads\/2025\/12\/Apple-macbook-pro-M4.jpg\" alt=\"Apple macbook pro M4\" width=\"640\" height=\"391\" class=\"alignnone size-full wp-image-3638\"  data-\/><br \/>Apple frappe fort avec sa derni\u00e8re puce Silicon. Le processeur \u00e0 10 c\u0153urs (4 Performance et 6 Efficiency) booste les performances de 28 % par rapport \u00e0 la puce M3 dans les tests de r\u00e9f\u00e9rence. Le GPU \u00e0 10 c\u0153urs suit le mouvement avec des gains similaires. Mais c\u2019est surtout le Neural Engine qui impressionne : il double ses capacit\u00e9s d\u2019intelligence artificielle avec 38 TOPS contre 18 TOPS auparavant.<\/p>\n<p>Montage vid\u00e9o, d\u00e9veloppement ou cr\u00e9ation 3D ? Cette machine encaisse tout sans ralentir. La gravure plus fine am\u00e9liore aussi l\u2019efficacit\u00e9 \u00e9nerg\u00e9tique. Enfin, Apple abandonne les 8 Go de RAM sur l\u2019entr\u00e9e de gamme. Les 16 Go deviennent le nouveau standard, une \u00e9volution attendue depuis longtemps.<\/p>\n<p><b>Un \u00e9cran qui fait la diff\u00e9rence<\/b><\/p>\n<p>L\u2019\u00e9cran Liquid Retina XDR de 14,2 pouces reste l\u2019un des meilleurs du march\u00e9. Plus de 10 000 mini-LED assurent un contraste exceptionnel de 1 000 000:1. En usage classique, la dalle affiche 500 nits de luminosit\u00e9. En HDR, elle grimpe \u00e0 1 000 nits en plein \u00e9cran et culmine \u00e0 1 600 nits sur les zones les plus lumineuses.<\/p>\n<p>La r\u00e9solution de 3 024 x 1 964 pixels (254 pixels par pouce) affiche textes et images avec une nettet\u00e9 remarquable. Les cr\u00e9atifs appr\u00e9cieront la couverture P3 et le ProMotion jusqu\u2019\u00e0 120 Hz qui rend le d\u00e9filement particuli\u00e8rement fluide. Bref, difficile de faire mieux dans cette gamme de prix.<\/p>\n<p><b>Une autonomie record<\/b><\/p>\n<p>Apple annonce 24 heures en lecture vid\u00e9o. Dans la vraie vie, comptez plut\u00f4t entre 15 et 18 heures selon l\u2019intensit\u00e9 de vos t\u00e2ches. Cette endurance provient de l\u2019efficacit\u00e9 de la puce M4 coupl\u00e9e \u00e0 une batterie de 72,4 Wh. En bureautique classique, vous traversez facilement une journ\u00e9e compl\u00e8te sans chercher de prise.<\/p>\n<p>La charge rapide (adaptateur 70W ou 96W) r\u00e9cup\u00e8re 50 % en 30 minutes. Pratique quand vous encha\u00eenez les r\u00e9unions. Face au mod\u00e8le M3, l\u2019autonomie progresse de 10 \u00e0 15 % selon les usages.<\/p>\n<p><b>Connectique compl\u00e8te<\/b><\/p>\n<p>Trois ports Thunderbolt 4 offrent des d\u00e9bits jusqu\u2019\u00e0 40 Gb\/s. Parfait pour brancher disques rapides et \u00e9crans haute r\u00e9solution. Le port HDMI \u00e9vite l\u2019adaptateur pour relier un moniteur externe. Le lecteur de cartes SDXC ravira photographes et vid\u00e9astes.<\/p>\n<p>Le MagSafe 3 revient pour la charge magn\u00e9tique, lib\u00e9rant un port Thunderbolt. La prise jack 3,5 mm accepte les casques haute imp\u00e9dance. C\u00f4t\u00e9 sans-fil, Wi-Fi 6E et Bluetooth 5.3 assurent des connexions stables. Le Wi-Fi 7 attendra la prochaine g\u00e9n\u00e9ration.<\/p>\n<p><b>Construction solide, finitions exemplaires<\/b><\/p>\n<p>Le ch\u00e2ssis en aluminium recycl\u00e9 p\u00e8se 1,55 kg. Facile \u00e0 glisser dans un sac tout en inspirant confiance. Le noir sid\u00e9ral donne un look r\u00e9solument premium. Le clavier r\u00e9tro\u00e9clair\u00e9 AZERTY offre une frappe agr\u00e9able. Le large pav\u00e9 tactile Force Touch r\u00e9pond avec une pr\u00e9cision exemplaire.<\/p>\n<p>La webcam 12 MP avec Center Stage recadre automatiquement l\u2019image lors des visios. Les six haut-parleurs avec Spatial Audio d\u00e9livrent un son bluffant pour un portable. Seul b\u00e9mol : l\u2019indice de r\u00e9parabilit\u00e9 de 6,6\/10 rappelle que les composants soud\u00e9s limitent les \u00e9volutions futures.<\/p>\n<p><b>Pourquoi sauter le pas maintenant ?<\/b><\/p>\n<p>Cette offre cumule plusieurs atouts. La r\u00e9duction intervient sur un mod\u00e8le r\u00e9cent qui ne conna\u00eet habituellement pas de baisses rapides. La disponibilit\u00e9 imm\u00e9diate permet d\u2019en profiter sans attendre. Le paiement \u00e9chelonn\u00e9 all\u00e8ge la facture mensuelle.<\/p>\n<p>Ce MacBook Pro 14\u2033 M4 s\u2019adresse aux professionnels, \u00e9tudiants exigeants et cr\u00e9ateurs. Ses performances g\u00e8rent ais\u00e9ment les projets complexes tout en restant nomade. L\u2019\u00e9cran XDR compte parmi les meilleurs \u00e0 ce prix. L\u2019autonomie record lib\u00e8re des contraintes d\u2019alimentation permanente.<\/p>\n","protected":false},"excerpt":{"rendered":"Le nouveau MacBook Pro 14\u2033 \u00e9quip\u00e9 de la puce M4 profite d\u2019une belle r\u00e9duction chez Darty. Affich\u00e9 habituellement&hellip;\n","protected":false},"author":2,"featured_media":594621,"comment_status":"","ping_status":"","sticky":false,"template":"","format":"standard","meta":{"footnotes":""},"categories":[7],"tags":[1011,27,43,40,41,39,42,44],"class_list":{"0":"post-594620","1":"post","2":"type-post","3":"status-publish","4":"format-standard","5":"has-post-thumbnail","7":"category-sciences-et-technologies","8":"tag-fr","9":"tag-france","10":"tag-science","11":"tag-science-and-technology","12":"tag-sciences","13":"tag-sciences-et-technologies","14":"tag-technologies","15":"tag-technology"},"share_on_mastodon":{"url":"https:\/\/pubeurope.com\/@fr\/115705826589976789","error":""},"_links":{"self":[{"href":"https:\/\/www.europesays.com\/fr\/wp-json\/wp\/v2\/posts\/594620","targetHints":{"allow":["GET"]}}],"collection":[{"href":"https:\/\/www.europesays.com\/fr\/wp-json\/wp\/v2\/posts"}],"about":[{"href":"https:\/\/www.europesays.com\/fr\/wp-json\/wp\/v2\/types\/post"}],"author":[{"embeddable":true,"href":"https:\/\/www.europesays.com\/fr\/wp-json\/wp\/v2\/users\/2"}],"replies":[{"embeddable":true,"href":"https:\/\/www.europesays.com\/fr\/wp-json\/wp\/v2\/comments?post=594620"}],"version-history":[{"count":0,"href":"https:\/\/www.europesays.com\/fr\/wp-json\/wp\/v2\/posts\/594620\/revisions"}],"wp:featuredmedia":[{"embeddable":true,"href":"https:\/\/www.europesays.com\/fr\/wp-json\/wp\/v2\/media\/594621"}],"wp:attachment":[{"href":"https:\/\/www.europesays.com\/fr\/wp-json\/wp\/v2\/media?parent=594620"}],"wp:term":[{"taxonomy":"category","embeddable":true,"href":"https:\/\/www.europesays.com\/fr\/wp-json\/wp\/v2\/categories?post=594620"},{"taxonomy":"post_tag","embeddable":true,"href":"https:\/\/www.europesays.com\/fr\/wp-json\/wp\/v2\/tags?post=594620"}],"curies":[{"name":"wp","href":"https:\/\/api.w.org\/{rel}","templated":true}]}}