{"id":594624,"date":"2025-12-12T09:13:22","date_gmt":"2025-12-12T09:13:22","guid":{"rendered":"https:\/\/www.europesays.com\/fr\/594624\/"},"modified":"2025-12-12T09:13:22","modified_gmt":"2025-12-12T09:13:22","slug":"un-sous-marin-russe-traque-pendant-trois-jours-dans-la-manche-par-la-marine-britannique","status":"publish","type":"post","link":"https:\/\/www.europesays.com\/fr\/594624\/","title":{"rendered":"Un sous-marin russe traqu\u00e9 pendant trois jours dans la Manche par la marine britannique"},"content":{"rendered":"<p>C\u2019est un peu un remake du film A la poursuite d\u2019Octobre Rouge qui s\u2019est d\u00e9roul\u00e9 ces derniers jours dans la Manche. Pendant trois jours, la Royal Navy a traqu\u00e9 le sous-marin russe Kilo Krasnodar et le remorqueur Altay qui naviguaient <a href=\"https:\/\/www.20minutes.fr\/manche-mer\/\" class=\"c-link c-link--is-underlined\" target=\"_blank\" rel=\"noopener\">dans la Manche<\/a>. Un navire ravitailleur de la marine britannique, \u00e9quip\u00e9 d\u2019un h\u00e9licopt\u00e8re embarqu\u00e9, a \u00e9t\u00e9 d\u00e9ploy\u00e9 pour suivre les deux navires russes qui sont arriv\u00e9s par la mer du Nord avant de passer par le d\u00e9troit du Pas-de-Calais pour entrer dans la Manche.<\/p>\n<p>La Royal Navy, qui ne pr\u00e9cise pas quand la traque a eu lieu, a indiqu\u00e9 jeudi dans un communiqu\u00e9 qu\u2019elle \u00e9tait pr\u00eate \u00e0 \u00ab\u00a0enclencher des op\u00e9rations anti sous-marins\u00a0\u00bb si le Krasnodar avait plong\u00e9 dans les eaux. Malgr\u00e9 des conditions m\u00e9t\u00e9orologiques d\u00e9favorables, le sous-marin a navigu\u00e9 en surface tout le temps de l\u2019op\u00e9ration. Une fois arriv\u00e9 pr\u00e8s de l\u2019\u00eele d\u2019Ouessant, au large du Finist\u00e8re, les Britanniques ont pass\u00e9 le flambeau \u00e0 un alli\u00e9 <a href=\"https:\/\/www.20minutes.fr\/monde\/otan\/\" class=\"c-link c-link--is-underlined\" target=\"_blank\" rel=\"noopener\">de l\u2019Otan<\/a>.<\/p>\n<p>Des sous-marins russes de plus en plus actifs<\/p>\n<p>L\u2019arm\u00e9e britannique avait d\u00e9j\u00e0 men\u00e9 une op\u00e9ration de filature similaire en juillet, apr\u00e8s avoir rep\u00e9r\u00e9 <a href=\"https:\/\/www.20minutes.fr\/monde\/russie\/4175896-20250929-quoi-histoire-sous-marin-russe-perdition-atlantique\" class=\"c-link c-link--is-underlined\" target=\"_blank\" rel=\"noopener\">le sous-marin russe Novorossi\u00efsk<\/a> dans ses eaux territoriales. Le ministre de la D\u00e9fense, John Healey, a annonc\u00e9 lundi le lancement d\u2019un programme de plusieurs millions de livres pour am\u00e9liorer les capacit\u00e9s de la Royal Navy face aux \u00ab\u00a0menaces sous-marines\u00a0\u00bb de Moscou.<\/p>\n<\/p>\n<p>Selon Londres, <a href=\"https:\/\/www.20minutes.fr\/monde\/royaume-uni\/4135003-20250122-sait-yantar-navire-espion-russe-pris-chasse-manche-royal-navy\" class=\"c-link c-link--is-underlined\" target=\"_blank\" rel=\"noopener\">l\u2019activit\u00e9 des sous-marins russes dans les eaux britanniques<\/a> a augment\u00e9 de 30\u00a0% ces deux derni\u00e8res ann\u00e9es. Le Royaume-Uni et la Norv\u00e8ge ont sign\u00e9 d\u00e9but d\u00e9cembre un accord de coop\u00e9ration pour op\u00e9rer ensemble une flotte de fr\u00e9gates pour \u00ab\u00a0traquer\u00a0\u00bb ces sous-marins en Atlantique Nord.<\/p>\n","protected":false},"excerpt":{"rendered":"C\u2019est un peu un remake du film A la poursuite d\u2019Octobre Rouge qui s\u2019est d\u00e9roul\u00e9 ces derniers jours&hellip;\n","protected":false},"author":2,"featured_media":594625,"comment_status":"","ping_status":"","sticky":false,"template":"","format":"standard","meta":{"footnotes":""},"categories":[5],"tags":[47,11,4708,1813,829,4777,3321,1011,27,131,14,14653,6127,74,12,5161,136,473,132,36558,28],"class_list":{"0":"post-594624","1":"post","2":"type-post","3":"status-publish","4":"format-standard","5":"has-post-thumbnail","7":"category-international","8":"tag-actualite","9":"tag-actualites","10":"tag-angleterre","11":"tag-armee","12":"tag-bretagne","13":"tag-espionnage","14":"tag-finistere","15":"tag-fr","16":"tag-france","17":"tag-guerre-en-ukraine","18":"tag-international","19":"tag-manche","20":"tag-mer","21":"tag-monde","22":"tag-news","23":"tag-normandie","24":"tag-otan","25":"tag-royaume-uni","26":"tag-russie","27":"tag-sous-marin","28":"tag-world"},"share_on_mastodon":{"url":"https:\/\/pubeurope.com\/@fr\/115705833324228617","error":""},"_links":{"self":[{"href":"https:\/\/www.europesays.com\/fr\/wp-json\/wp\/v2\/posts\/594624","targetHints":{"allow":["GET"]}}],"collection":[{"href":"https:\/\/www.europesays.com\/fr\/wp-json\/wp\/v2\/posts"}],"about":[{"href":"https:\/\/www.europesays.com\/fr\/wp-json\/wp\/v2\/types\/post"}],"author":[{"embeddable":true,"href":"https:\/\/www.europesays.com\/fr\/wp-json\/wp\/v2\/users\/2"}],"replies":[{"embeddable":true,"href":"https:\/\/www.europesays.com\/fr\/wp-json\/wp\/v2\/comments?post=594624"}],"version-history":[{"count":0,"href":"https:\/\/www.europesays.com\/fr\/wp-json\/wp\/v2\/posts\/594624\/revisions"}],"wp:featuredmedia":[{"embeddable":true,"href":"https:\/\/www.europesays.com\/fr\/wp-json\/wp\/v2\/media\/594625"}],"wp:attachment":[{"href":"https:\/\/www.europesays.com\/fr\/wp-json\/wp\/v2\/media?parent=594624"}],"wp:term":[{"taxonomy":"category","embeddable":true,"href":"https:\/\/www.europesays.com\/fr\/wp-json\/wp\/v2\/categories?post=594624"},{"taxonomy":"post_tag","embeddable":true,"href":"https:\/\/www.europesays.com\/fr\/wp-json\/wp\/v2\/tags?post=594624"}],"curies":[{"name":"wp","href":"https:\/\/api.w.org\/{rel}","templated":true}]}}