{"id":594630,"date":"2025-12-12T09:16:31","date_gmt":"2025-12-12T09:16:31","guid":{"rendered":"https:\/\/www.europesays.com\/fr\/594630\/"},"modified":"2025-12-12T09:16:31","modified_gmt":"2025-12-12T09:16:31","slug":"loisirs-cabaret-magie-nos-idees-pour-un-nouvel-an-spectaculaire-dans-la-loire","status":"publish","type":"post","link":"https:\/\/www.europesays.com\/fr\/594630\/","title":{"rendered":"Loisirs. Cabaret, magie&#8230; Nos id\u00e9es pour un Nouvel An spectaculaire dans la Loire"},"content":{"rendered":"<p>  1. Ambiance cabaret moderne \u00e0 Saint-Just-Saint-Rambert<\/p>\n<p>On ouvre cette s\u00e9lection avec une soir\u00e9e de gala organis\u00e9e \u00e0 L\u2019Embarcad\u00e8re\u00a0: \u00ab\u00a0La folie sur son 31\u00a0\u00bb\u00a0! Les festivit\u00e9s d\u00e9buteront par un repas rythm\u00e9 par les artistes de Yack Stories. Cette compagnie lyonnaise d\u00e9poussi\u00e8re l\u2019univers du cabaret gr\u00e2ce \u00e0 des costumes, des chor\u00e9graphies, des musiques et des mises en sc\u00e8ne aussi modernes qu\u2019atypiques. Apr\u00e8s le repas, la soir\u00e9e se poursuivra jusqu\u2019au bout de la nuit, au son des tubes de vari\u00e9t\u00e9 et de pop rock repris par le duo Gold Passion.<\/p>\n<p class=\"note\">Mercredi\u00a031, de 19\u00a0h \u00e0 4\u00a0h. L\u2019Embarcad\u00e8re. Tarifs\u00a0: de 110 \u00e0 120\u00a0\u20ac, enfant\u00a0: 50\u00a0\u20ac. Renseignements\u00a0: https:\/\/ouestproductionspectacle.mapado.com\/<\/p>\n<p>  2. Dans l\u2019atmosph\u00e8re chic de l\u2019Op\u00e9ra de Saint-\u00c9tienne<\/p>\n<p>Un r\u00e9veillon \u00e0 l\u2019Op\u00e9ra, c\u2019est possible\u2026 mais faites vite\u00a0! Il ne reste que quelques places pour assister \u00e0 l\u2019op\u00e9ra-bouffe en trois actes La P\u00e9richole , sign\u00e9 Jacques Offenbach. \u00c0 la mise en sc\u00e8ne, aux d\u00e9cors et aux costumes, on retrouve Jean-Christophe Mast et J\u00e9r\u00f4me Bourdin. Laurent Touche, quant \u00e0 lui, prendra la t\u00eate de l\u2019orchestre et du ch\u0153ur pour mener cette superbe production du Nouvel An.<\/p>\n<p class=\"note\">Mercredi\u00a031 \u00e0 19\u00a0h. Grand Th\u00e9\u00e2tre Massenet. Tarifs\u00a0: de 10 \u00e0 64\u00a0\u20ac. Renseignements\u00a0: https:\/\/opera.saint-etienne.fr<\/p>\n<p>  3. Un classique du Splendid \u00e0 Saint-Symphorien-de-Lay<\/p>\n<p>R\u00e9veillonner avec les personnages compl\u00e8tement barr\u00e9s imagin\u00e9s par la troupe du Splendid, \u00e7a vous tente\u00a0? La pi\u00e8ce Le P\u00e8re No\u00ebl est une ordure sera jou\u00e9e au caf\u00e9-th\u00e9\u00e2tre Les Mansardes le soir du 31. De \u00ab\u00a0C\u2019est fin, c\u2019est tr\u00e8s fin, \u00e7a se mange sans faim\u00a0\u00bb \u00e0 \u00ab\u00a0Je ne vous jette pas la pierre, Pierre\u00a0\u00bb, les com\u00e9diens de la troupe Dychka &amp; Cie interpr\u00e9teront la ribambelle de r\u00e9pliques cultes \u00e0 la lettre, tout en y apportant leur petite touche personnelle.<\/p>\n<p class=\"note\">Mercredi\u00a031 \u00e0 19\u00a0h. Les Mansardes. Tarif\u00a0: 25\u00a0\u20ac, coupe de champagne offerte. R\u00e9servation obligatoire\u00a0: www.lesmansardes.fr<\/p>\n<p>  4. Magie et mentalisme\u00a0: un 31 bluffant \u00e0 Montbrison<\/p>\n<p>Autre ambiance au Quai des artistes o\u00f9 Thibaut Del Corral donnera trois repr\u00e9sentations d\u2019un spectacle sp\u00e9cialement adapt\u00e9 pour l\u2019occasion.<\/p>\n<p>Son objectif\u00a0: repousser les limites de votre imagination gr\u00e2ce \u00e0 des performances magiques ou mentales bluffantes et 100\u00a0% interactives. Avec lui, \u00ab\u00a0le pouvoir change de main\u00a0: c\u2019est le public qui s\u2019en empare, en se d\u00e9couvrant des capacit\u00e9s insoup\u00e7onn\u00e9es et des dons qui conf\u00e8rent aux miracles\u00a0! \u00a0\u00bb<\/p>\n<p class=\"note\">Mercredi\u00a031 \u00e0 17\u00a0h\u00a045, 20\u00a0h\u00a015 et 22\u00a0h\u00a045. Quai des artistes. Tarifs\u00a0: de 21 \u00e0 41\u00a0\u20ac. Renseignements\u00a0: www.lequaidesartistes.fr<\/p>\n<p>  5. Un magicien star des r\u00e9seaux sociaux au Coteau<\/p>\n<p>Voici l\u2019ap\u00e9ritif id\u00e9al pour lancer votre soir\u00e9e du 31.<\/p>\n<p>D\u00e9couvrez L\u00e9on, magicien et mentaliste install\u00e9 dans le Roannais, dont les vid\u00e9os cumulent des millions de vues sur les r\u00e9seaux sociaux. Dans son dernier spectacle, Illusion ou co\u00efncidence , ce jeune prodige vous propose une exp\u00e9rience interactive et immersive, m\u00ealant magie, mentalisme et technologie. Chaque spectateur devient acteur de l\u2019histoire, depuis sa place ou sur sc\u00e8ne.<\/p>\n<p class=\"note\">Mercredi\u00a031 \u00e0 19\u00a0h. Espace Les Marronniers. Tarif unique\u00a0: 28\u00a0\u20ac. Renseignements et billetterie\u00a0: www.lecoteau.fr\/sorties<\/p>\n<p>  6. Un r\u00e9veillon gaga et absurde \u00e0 Saint-Chamond<\/p>\n<p>Humour et fous rires garantis avec les com\u00e9diens Philippe Ayanian et Quentin Jaffr\u00e8s, qui proposeront deux spectacles \u00e0 la salle Roger-Planchon. \u00c0 19 heures, d\u00e9couvrez Gaga des St\u00e9phanois , une conf\u00e9rence historico-gaga-comique qui revisite avec humour les clich\u00e9s sur le peuple des sept collines, \u00e0 travers des anecdotes aussi improbables que savoureuses. \u00c0 21\u00a0h\u00a030, place \u00e0 Sex and the Sixty , une com\u00e9die corrosive et sans tabou, tour \u00e0 tour trash, tendre et absurde.<\/p>\n<p class=\"note\">Mercredi\u00a031 \u00e0 19\u00a0h et 21\u00a0h\u00a030. Salle Roger-Planchon. Tarifs\u00a0: 22\u00a0\u20ac par spectacle. Renseignements\u00a0: 06.58.84.95.91<\/p>\n<p>  7. Feurs\u00a0: une enqu\u00eate musicale d\u00e9lirante au ch\u00e2teau du Rozier<\/p>\n<p>Un thriller musical d\u00e9jant\u00e9 vous attend ce 31\u00a0d\u00e9cembre au ch\u00e2teau du Rozier.<\/p>\n<p>Au programme\u00a0: paperboards, costumes vintage et tubes r\u00e9arrang\u00e9s \u00e0 la hache ou \u00e0 la louche.<\/p>\n<p>Entre d\u00e9monstrations (pseudo) scientifiques, mashups d\u00e9tonants et th\u00e9orie du chaos chant\u00e9, les artistes Sten &amp; Chardon vous embarquent dans une enqu\u00eate aussi absurde qu\u2019implacable\u00a0!<\/p>\n<p>Leur mission\u00a0? R\u00e9v\u00e9ler le plus grand complot de l\u2019histoire de la musique\u00a0: la vari\u00e9t\u00e9 fran\u00e7aise\u00a0!<\/p>\n<p class=\"note\">Mercredi\u00a031 \u00e0 18\u00a0h\u00a030 et 21\u00a0h. Ch\u00e2teau du Rozier. Tarif unique\u00a0: 28\u00a0\u20ac. Renseignements\u00a0: www.chateaudurozier.fr<\/p>\n<p>  8. Saint-Galmier\u00a0: un Bordel ph\u00e9nom\u00e9nal  au KFT<\/p>\n<p>On cl\u00f4t cette s\u00e9lection avec une com\u00e9die burlesque inspir\u00e9e de faits r\u00e9els. Dans les ann\u00e9es 30, Greta, tenanci\u00e8re d\u2019une maison close perdue en Bavi\u00e8re, est t\u00e9moin de ph\u00e9nom\u00e8nes \u00e9tranges\u2026 La rumeur se r\u00e9pand dans le village et son \u00e9tablissement commence \u00e0 jouir d\u2019une mauvaise r\u00e9putation. Pour le sauver, elle fait appel \u00e0 G\u00fcnther Schnaps, expert dipl\u00f4m\u00e9 de la White Spirit Academy\u2026 Enqu\u00eate paranormale, rebondissements et rires en cascade \u00e9clabousseront le KFT pour cette derni\u00e8re soir\u00e9e de l\u2019ann\u00e9e.<\/p>\n<p class=\"note\">Mercredi\u00a031 \u00e0 22\u00a0h\u00a030. Le KFT. Tarif unique\u00a0: 28\u00a0\u20ac. Renseignements\u00a0: www.le-kft.com<\/p>\n<p>\t\t\t\t\t<img src=\"https:\/\/www.europesays.com\/fr\/wp-content\/uploads\/2025\/12\/supplement-de-la-loire-1765506816.jpg\" loading=\"lazy\" decoding=\"async\"\/><\/p>\n<p>Suppl\u00e9ment de la Loire<\/p>\n<p>vendredi 12 d\u00e9cembre 2025<\/p>\n","protected":false},"excerpt":{"rendered":"1. Ambiance cabaret moderne \u00e0 Saint-Just-Saint-Rambert On ouvre cette s\u00e9lection avec une soir\u00e9e de gala organis\u00e9e \u00e0 L\u2019Embarcad\u00e8re\u00a0:&hellip;\n","protected":false},"author":2,"featured_media":594631,"comment_status":"","ping_status":"","sticky":false,"template":"","format":"standard","meta":{"footnotes":""},"categories":[9653],"tags":[1111,11,2430,1687,7539,1777,674,1011,27,3367,12,25,4001,7538,10806,3140],"class_list":{"0":"post-594630","1":"post","2":"type-post","3":"status-publish","4":"format-standard","5":"has-post-thumbnail","7":"category-saint-etienne","8":"tag-actu","9":"tag-actualites","10":"tag-auvergne-rhone-alpes","11":"tag-culture-loisirs","12":"tag-edition-loire-sud","13":"tag-eu","14":"tag-europe","15":"tag-fr","16":"tag-france","17":"tag-loire","18":"tag-news","19":"tag-republique-francaise","20":"tag-saint-etienne","21":"tag-saint-etienne-ville","22":"tag-selection-de-la-redaction-42","23":"tag-spectacle"},"share_on_mastodon":{"url":"https:\/\/pubeurope.com\/@fr\/115705846220021830","error":""},"_links":{"self":[{"href":"https:\/\/www.europesays.com\/fr\/wp-json\/wp\/v2\/posts\/594630","targetHints":{"allow":["GET"]}}],"collection":[{"href":"https:\/\/www.europesays.com\/fr\/wp-json\/wp\/v2\/posts"}],"about":[{"href":"https:\/\/www.europesays.com\/fr\/wp-json\/wp\/v2\/types\/post"}],"author":[{"embeddable":true,"href":"https:\/\/www.europesays.com\/fr\/wp-json\/wp\/v2\/users\/2"}],"replies":[{"embeddable":true,"href":"https:\/\/www.europesays.com\/fr\/wp-json\/wp\/v2\/comments?post=594630"}],"version-history":[{"count":0,"href":"https:\/\/www.europesays.com\/fr\/wp-json\/wp\/v2\/posts\/594630\/revisions"}],"wp:featuredmedia":[{"embeddable":true,"href":"https:\/\/www.europesays.com\/fr\/wp-json\/wp\/v2\/media\/594631"}],"wp:attachment":[{"href":"https:\/\/www.europesays.com\/fr\/wp-json\/wp\/v2\/media?parent=594630"}],"wp:term":[{"taxonomy":"category","embeddable":true,"href":"https:\/\/www.europesays.com\/fr\/wp-json\/wp\/v2\/categories?post=594630"},{"taxonomy":"post_tag","embeddable":true,"href":"https:\/\/www.europesays.com\/fr\/wp-json\/wp\/v2\/tags?post=594630"}],"curies":[{"name":"wp","href":"https:\/\/api.w.org\/{rel}","templated":true}]}}