{"id":594632,"date":"2025-12-12T09:18:21","date_gmt":"2025-12-12T09:18:21","guid":{"rendered":"https:\/\/www.europesays.com\/fr\/594632\/"},"modified":"2025-12-12T09:18:21","modified_gmt":"2025-12-12T09:18:21","slug":"nos-idees-sorties-du-week-end-des-19-20-et-21-decembre-2025-dans-la-loire","status":"publish","type":"post","link":"https:\/\/www.europesays.com\/fr\/594632\/","title":{"rendered":"Nos id\u00e9es sorties du week-end des 19, 20 et 21 d\u00e9cembre 2025 dans la Loire"},"content":{"rendered":"<p class=\"is-style-chapo\">Voici la s\u00e9lection de la r\u00e9daction de If Saint-Etienne pour se divertir et s\u2019amuser dans la Loire le week-end prochain, soit les 19, 20 et 21 d\u00e9cembre. Une liste d\u2019\u00e9v\u00e9nements, s\u00e9lectionn\u00e9s de mani\u00e8re ind\u00e9pendante et, bien entendu, non-exhaustive.<\/p>\n<p><img loading=\"lazy\" decoding=\"async\" width=\"1024\" height=\"576\" src=\"https:\/\/www.europesays.com\/fr\/wp-content\/uploads\/2025\/12\/Screen-Shot-2022-12-12-at-15.46.58-e1670856689984-1024x576.png\" alt=\"\" class=\"wp-image-45234\"  \/>\u00a9ValGrangent<\/p>\n<p>1 \u2013 Gourmandises<\/p>\n<p>Qui dit f\u00eate dit emplettes, bons produits \u00e0 cuisiner pour faire plaisir et r\u00e9aliser un repas de f\u00eate. Samedi 20 et 21 d\u00e9cembre, <a href=\"https:\/\/www.if-saint-etienne.fr\/economie\/commerces-services\/le-marche-de-chloe-tres-prochainement-a-la-fouillouse\" target=\"_blank\" rel=\"noreferrer noopener\">Le March\u00e9 de Chlo\u00e9<\/a> \u00e0 la Fouillouse offre une d\u00e9gustation de vin chaud aux clients venus faire leurs achats \u00e0 la boutique. Ou comment lier l\u2019utile \u00e0 l\u2019agr\u00e9able.<\/p>\n<p>2 \u2013 Magique<\/p>\n<p>Dimanche 21 d\u00e9cembre, \u00e0 11h et 15h, la Com\u00e8te accueille Carillo dans le cadre de <a href=\"https:\/\/www.saint-etienne.fr\/mini-site\/le-programme-de-noel-saint-etienne-arrive-le-13-novembre\/agenda\/festimomes-spectacle\" target=\"_blank\" rel=\"noreferrer noopener\">Festi\u2019M\u00f4mes<\/a>. La Compagnie La Tal pr\u00e9sente ce spectacle o\u00f9, dans un carillon, chevaliers et clown remplissent la sc\u00e8ne dans laquelle querelles et passion s\u2019entrem\u00ealent.<\/p>\n<p>3 \u2013 Made in Loire<\/p>\n<p>Du vendredi 19 au dimanche 21 d\u00e9cembre, de 9h \u00e0 19h, le Complexe d\u2019animations des bords de Loire (CABL), \u00e0 Andr\u00e9zieux-Bouth\u00e9on, accueille le March\u00e9 de No\u00ebl des producteurs de nos terroirs. Organis\u00e9 par la Chambre d\u2019agriculture de la Loire, ce sera l\u2019occasion de derniers achats gourmands avant les f\u00eates.<\/p>\n<p>4 \u2013 Un monde magique<\/p>\n<p>Durant tout le week-end, le spectacle de No\u00ebl <a href=\"https:\/\/www.valgrangent.com\/informations-pratiques\/dates-et-tarifs\/\" target=\"_blank\" rel=\"noreferrer noopener\">Val Grangent<\/a> est de retour, au Parc expo de Saint-Etienne. Cette ann\u00e9e, la troupe pr\u00e9sentera \u00ab\u00a0L\u2019ombre de la Corneille\u00a0\u00bb, qui raconte le vol du coffre aux souhaits des enfants par des pirates. Le P\u00e8re No\u00ebl risque de ne pas pouvoir assurer sa tourn\u00e9e, mais le lutin Risketou part dans l\u2019archipel dangereux de Nandou pour retrouver le coffre avant No\u00ebl.<\/p>\n<p>5 \u2013 Challenge<\/p>\n<p>Vendredi 19 \u00e0 18h, le <a href=\"https:\/\/www.weekandsport.com\/thizy-trail\/\" target=\"_blank\" rel=\"noreferrer noopener\">Roanne trail urbain<\/a> est de retour pour sa 3\u00e8me \u00e9dition. De la place du March\u00e9 \u00e0 celle de l\u2019H\u00f4tel de ville, les sportifs s\u2019\u00e9lanceront dans une boucle de 8 ou de 15 km, \u00e0 travers des passages sur des sites culturels, naturels et incontournables de Roanne. Une marche sera ouverte sur la boucle de 8 km.<\/p>\n","protected":false},"excerpt":{"rendered":"Voici la s\u00e9lection de la r\u00e9daction de If Saint-Etienne pour se divertir et s\u2019amuser dans la Loire le&hellip;\n","protected":false},"author":2,"featured_media":594633,"comment_status":"","ping_status":"","sticky":false,"template":"","format":"standard","meta":{"footnotes":""},"categories":[9653],"tags":[44451,14428,1111,11,2430,1777,674,1011,27,34689,14429,12,14430,25,4001],"class_list":{"0":"post-594632","1":"post","2":"type-post","3":"status-publish","4":"format-standard","5":"has-post-thumbnail","7":"category-saint-etienne","8":"tag-activites-famille-loire","9":"tag-activites-week-end-loire","10":"tag-actu","11":"tag-actualites","12":"tag-auvergne-rhone-alpes","13":"tag-eu","14":"tag-europe","15":"tag-fr","16":"tag-france","17":"tag-idee-sortie-saint-etienne","18":"tag-idees-sorties-loire","19":"tag-news","20":"tag-recreatif","21":"tag-republique-francaise","22":"tag-saint-etienne"},"share_on_mastodon":{"url":"https:\/\/pubeurope.com\/@fr\/115705853953117829","error":""},"_links":{"self":[{"href":"https:\/\/www.europesays.com\/fr\/wp-json\/wp\/v2\/posts\/594632","targetHints":{"allow":["GET"]}}],"collection":[{"href":"https:\/\/www.europesays.com\/fr\/wp-json\/wp\/v2\/posts"}],"about":[{"href":"https:\/\/www.europesays.com\/fr\/wp-json\/wp\/v2\/types\/post"}],"author":[{"embeddable":true,"href":"https:\/\/www.europesays.com\/fr\/wp-json\/wp\/v2\/users\/2"}],"replies":[{"embeddable":true,"href":"https:\/\/www.europesays.com\/fr\/wp-json\/wp\/v2\/comments?post=594632"}],"version-history":[{"count":0,"href":"https:\/\/www.europesays.com\/fr\/wp-json\/wp\/v2\/posts\/594632\/revisions"}],"wp:featuredmedia":[{"embeddable":true,"href":"https:\/\/www.europesays.com\/fr\/wp-json\/wp\/v2\/media\/594633"}],"wp:attachment":[{"href":"https:\/\/www.europesays.com\/fr\/wp-json\/wp\/v2\/media?parent=594632"}],"wp:term":[{"taxonomy":"category","embeddable":true,"href":"https:\/\/www.europesays.com\/fr\/wp-json\/wp\/v2\/categories?post=594632"},{"taxonomy":"post_tag","embeddable":true,"href":"https:\/\/www.europesays.com\/fr\/wp-json\/wp\/v2\/tags?post=594632"}],"curies":[{"name":"wp","href":"https:\/\/api.w.org\/{rel}","templated":true}]}}