{"id":594634,"date":"2025-12-12T09:19:14","date_gmt":"2025-12-12T09:19:14","guid":{"rendered":"https:\/\/www.europesays.com\/fr\/594634\/"},"modified":"2025-12-12T09:19:14","modified_gmt":"2025-12-12T09:19:14","slug":"une-tour-de-15-etages-privee-de-chauffage","status":"publish","type":"post","link":"https:\/\/www.europesays.com\/fr\/594634\/","title":{"rendered":"une tour de 15 \u00e9tages priv\u00e9e de chauffage"},"content":{"rendered":"<p>Une importante fuite d\u2019eau est survenue ce vendredi matin, 12\u00a0d\u00e9cembre, dans la chaufferie qui alimente la tour \u00c9toile &#8211; Les Aiglons, rue de Verviers \u00e0 Vand\u0153uvre-l\u00e8s-Nancy, \u00e0 proximit\u00e9 du Parc des sports.<\/p>\n<p>Il n\u2019y a pas de bless\u00e9, les pompiers sont sur place afin d\u2019ass\u00e9cher les locaux.<\/p>\n<p>Les services d\u2019Enedis sont \u00e9galement engag\u00e9s afin de s\u00e9curiser l\u2019installation.<\/p>\n<p>Dans l\u2019attente des travaux de r\u00e9paration, l\u2019immeuble est priv\u00e9 de chauffage.<\/p>\n","protected":false},"excerpt":{"rendered":"Une importante fuite d\u2019eau est survenue ce vendredi matin, 12\u00a0d\u00e9cembre, dans la chaufferie qui alimente la tour \u00c9toile&hellip;\n","protected":false},"author":2,"featured_media":594635,"comment_status":"","ping_status":"","sticky":false,"template":"","format":"standard","meta":{"footnotes":""},"categories":[9635],"tags":[1111,11,1704,1777,674,274,1011,27,775,6364,3457,1702,12,25,5711],"class_list":{"0":"post-594634","1":"post","2":"type-post","3":"status-publish","4":"format-standard","5":"has-post-thumbnail","7":"category-nancy","8":"tag-actu","9":"tag-actualites","10":"tag-edition-nancy-et-agglomeration","11":"tag-eu","12":"tag-europe","13":"tag-faits-divers-justice","14":"tag-fr","15":"tag-france","16":"tag-grand-est","17":"tag-metropole-du-grand-nancy-54b1","18":"tag-meurthe-et-moselle","19":"tag-nancy","20":"tag-news","21":"tag-republique-francaise","22":"tag-vandoeuvre-les-nancy"},"share_on_mastodon":{"url":"https:\/\/pubeurope.com\/@fr\/115705856938300520","error":""},"_links":{"self":[{"href":"https:\/\/www.europesays.com\/fr\/wp-json\/wp\/v2\/posts\/594634","targetHints":{"allow":["GET"]}}],"collection":[{"href":"https:\/\/www.europesays.com\/fr\/wp-json\/wp\/v2\/posts"}],"about":[{"href":"https:\/\/www.europesays.com\/fr\/wp-json\/wp\/v2\/types\/post"}],"author":[{"embeddable":true,"href":"https:\/\/www.europesays.com\/fr\/wp-json\/wp\/v2\/users\/2"}],"replies":[{"embeddable":true,"href":"https:\/\/www.europesays.com\/fr\/wp-json\/wp\/v2\/comments?post=594634"}],"version-history":[{"count":0,"href":"https:\/\/www.europesays.com\/fr\/wp-json\/wp\/v2\/posts\/594634\/revisions"}],"wp:featuredmedia":[{"embeddable":true,"href":"https:\/\/www.europesays.com\/fr\/wp-json\/wp\/v2\/media\/594635"}],"wp:attachment":[{"href":"https:\/\/www.europesays.com\/fr\/wp-json\/wp\/v2\/media?parent=594634"}],"wp:term":[{"taxonomy":"category","embeddable":true,"href":"https:\/\/www.europesays.com\/fr\/wp-json\/wp\/v2\/categories?post=594634"},{"taxonomy":"post_tag","embeddable":true,"href":"https:\/\/www.europesays.com\/fr\/wp-json\/wp\/v2\/tags?post=594634"}],"curies":[{"name":"wp","href":"https:\/\/api.w.org\/{rel}","templated":true}]}}