{"id":594636,"date":"2025-12-12T09:20:14","date_gmt":"2025-12-12T09:20:14","guid":{"rendered":"https:\/\/www.europesays.com\/fr\/594636\/"},"modified":"2025-12-12T09:20:14","modified_gmt":"2025-12-12T09:20:14","slug":"lecosysteme-alimentaire-resilient-du-grand-est-metropole-du-grand-nancy","status":"publish","type":"post","link":"https:\/\/www.europesays.com\/fr\/594636\/","title":{"rendered":"l\u2019\u00e9cosyst\u00e8me alimentaire r\u00e9silient du Grand Est\u2014 M\u00e9tropole du Grand Nancy"},"content":{"rendered":"<p>Au c\u0153ur de la M\u00e9tropole du Nancy, le Grand Carreau se pr\u00e9pare \u00e0 transformer durablement l\u2019alimentation sur notre territoire. Pens\u00e9 comme un espace vivant, coop\u00e9ratif et innovant, il rassemblera, sur un m\u00eame site, l\u2019ensemble des acteurs de la cha\u00eene alimentaire pour renforcer la r\u00e9silience du territoire et promouvoir une alimentation locale, saine et durable.<\/p>\n<p>Strat\u00e9giquement situ\u00e9 rue Marcel Brot, le Grand Carreau r\u00e9unira producteurs, grossistes, logisticiens, restaurateurs, artisans, industriels de l\u2019agroalimentaire, entreprises de la FoodTech et organismes de formation. Objectifs : d\u00e9velopper leur activit\u00e9 et promouvoir une alimentation responsable et locale.<\/p>\n<p>Une nouvelle cuisine centrale \u00e0 proximit\u00e9 imm\u00e9diate<\/p>\n<p>\u00c0 c\u00f4t\u00e9 du futur Grand Carreau, une nouvelle cuisine centrale va \u00e9galement \u00eatre construite. Elle pr\u00e9parera chaque jour jusqu\u2019\u00e0 15 000 repas destin\u00e9s aux cantines scolaires, aux accueils de loisirs et aux repas servis aux seniors.\u00a0<\/p>\n<p>Cette cuisine sera g\u00e9r\u00e9e directement par une structure publique r\u00e9unissant pr\u00e8s de 20 collectivit\u00e9s du territoire.<\/p>\n","protected":false},"excerpt":{"rendered":"Au c\u0153ur de la M\u00e9tropole du Nancy, le Grand Carreau se pr\u00e9pare \u00e0 transformer durablement l\u2019alimentation sur notre&hellip;\n","protected":false},"author":2,"featured_media":594637,"comment_status":"","ping_status":"","sticky":false,"template":"","format":"standard","meta":{"footnotes":""},"categories":[9635],"tags":[1111,11,1777,674,1011,27,775,1702,12,25],"class_list":{"0":"post-594636","1":"post","2":"type-post","3":"status-publish","4":"format-standard","5":"has-post-thumbnail","7":"category-nancy","8":"tag-actu","9":"tag-actualites","10":"tag-eu","11":"tag-europe","12":"tag-fr","13":"tag-france","14":"tag-grand-est","15":"tag-nancy","16":"tag-news","17":"tag-republique-francaise"},"share_on_mastodon":{"url":"https:\/\/pubeurope.com\/@fr\/115705860963195100","error":""},"_links":{"self":[{"href":"https:\/\/www.europesays.com\/fr\/wp-json\/wp\/v2\/posts\/594636","targetHints":{"allow":["GET"]}}],"collection":[{"href":"https:\/\/www.europesays.com\/fr\/wp-json\/wp\/v2\/posts"}],"about":[{"href":"https:\/\/www.europesays.com\/fr\/wp-json\/wp\/v2\/types\/post"}],"author":[{"embeddable":true,"href":"https:\/\/www.europesays.com\/fr\/wp-json\/wp\/v2\/users\/2"}],"replies":[{"embeddable":true,"href":"https:\/\/www.europesays.com\/fr\/wp-json\/wp\/v2\/comments?post=594636"}],"version-history":[{"count":0,"href":"https:\/\/www.europesays.com\/fr\/wp-json\/wp\/v2\/posts\/594636\/revisions"}],"wp:featuredmedia":[{"embeddable":true,"href":"https:\/\/www.europesays.com\/fr\/wp-json\/wp\/v2\/media\/594637"}],"wp:attachment":[{"href":"https:\/\/www.europesays.com\/fr\/wp-json\/wp\/v2\/media?parent=594636"}],"wp:term":[{"taxonomy":"category","embeddable":true,"href":"https:\/\/www.europesays.com\/fr\/wp-json\/wp\/v2\/categories?post=594636"},{"taxonomy":"post_tag","embeddable":true,"href":"https:\/\/www.europesays.com\/fr\/wp-json\/wp\/v2\/tags?post=594636"}],"curies":[{"name":"wp","href":"https:\/\/api.w.org\/{rel}","templated":true}]}}