{"id":594652,"date":"2025-12-12T09:28:16","date_gmt":"2025-12-12T09:28:16","guid":{"rendered":"https:\/\/www.europesays.com\/fr\/594652\/"},"modified":"2025-12-12T09:28:16","modified_gmt":"2025-12-12T09:28:16","slug":"grenoble-sous-les-yeux-de-sa-mere-un-homme-de-23-ans-attaque-son-beau-pere-avec-un-couteau","status":"publish","type":"post","link":"https:\/\/www.europesays.com\/fr\/594652\/","title":{"rendered":"Grenoble. Sous les yeux de sa m\u00e8re, un homme de 23 ans attaque son beau-p\u00e8re avec un couteau"},"content":{"rendered":"<p>                    Par<br \/>\n        <strong><br \/>\n            <a href=\"https:\/\/actu.fr\/auteur\/lisa-rodrigues\" title=\"Consulter tous les articles de Lisa Rodrigues\" target=\"_blank\" rel=\"noopener\">Lisa Rodrigues<\/a><br \/>\n                    <\/strong><\/p>\n<p>        Publi\u00e9 le<\/p>\n<p>            12 d\u00e9c. 2025 \u00e0 10h00        <\/p>\n<p>Les faits sont suffisamment graves pour \u00eatre qualifi\u00e9s par les forces de l\u2019ordre de <strong>tentative de meurtre<\/strong>.<\/p>\n<p class=\" wall-content\">Il \u00e9tait environ 21h10 jeudi 11\u00a0d\u00e9cembre quand la police a \u00e9t\u00e9 pr\u00e9venue d\u2019une violente altercation sur le boulevard g\u00e9n\u00e9ral Gallieni \u00e0 <a href=\"https:\/\/actu.fr\/auvergne-rhone-alpes\/grenoble_38185\" target=\"_blank\" rel=\"noopener\">Grenoble<\/a>, entre un homme de 23\u00a0ans et son beau-p\u00e8re, \u00e2g\u00e9 d\u2019une cinquantaine d\u2019ann\u00e9es.<\/p>\n<p>La victime dans un \u00e9tat grave<\/p>\n<p class=\" wall-content\">C\u2019est ce dernier qui a \u00e9t\u00e9 pris en charge par les secours, apr\u00e8s avoir re\u00e7u <strong>un coup de couteau dans les c\u00f4tes<\/strong> de la part de son beau-fils. Le tout, sous les yeux de la m\u00e8re de l\u2019agresseur et compagne de la victime.<\/p>\n<p class=\" wall-content\">Le quinquag\u00e9naire a \u00e9t\u00e9 \u00e9vacu\u00e9 m\u00e9dicalis\u00e9 vers le service d\u00e9chocage du <a href=\"https:\/\/actu.fr\/tag\/chu-grenoble-alpes\" target=\"_blank\" rel=\"noopener\">CHU Grenoble-Alpes<\/a>. Selon les forces de l\u2019ordre, son pronostic vital \u00e9tait <strong>engag\u00e9<\/strong>.<\/p>\n<p class=\" wall-content\">L\u2019homme de 23\u00a0ans a \u00e9t\u00e9 interpell\u00e9 sur place pour tentative de meurtre. Il \u00e9tait, toujours selon la police, <strong>\u00ab\u2009alcoolis\u00e9\u2009\u00bb<\/strong> au moment des faits.<\/p>\n<p class=\" wall-content\">Personnalisez votre actualit\u00e9 en ajoutant vos villes et m\u00e9dias en favori avec <a href=\"https:\/\/moncompte.actu.fr\" title=\"D\u00e9couvez Mon Actu\" rel=\"nofollow noopener\" data-trk=\"{&quot;cta&quot;:{&quot;action&quot;:&quot;https:\\\/\\\/moncompte.actu.fr&quot;,&quot;category&quot;:&quot;mon compte&quot;,&quot;from&quot;:&quot;article footer&quot;,&quot;name&quot;:&quot;Mon actu&quot;,&quot;type&quot;:&quot;cta&quot;}}\" target=\"_blank\">Mon Actu<\/a>.<\/p>\n","protected":false},"excerpt":{"rendered":"Par Lisa Rodrigues Publi\u00e9 le 12 d\u00e9c. 2025 \u00e0 10h00 Les faits sont suffisamment graves pour \u00eatre qualifi\u00e9s&hellip;\n","protected":false},"author":2,"featured_media":594653,"comment_status":"","ping_status":"","sticky":false,"template":"","format":"standard","meta":{"footnotes":""},"categories":[9566],"tags":[1111,11,2430,1777,674,118,1011,27,2731,777,12,1072,25],"class_list":{"0":"post-594652","1":"post","2":"type-post","3":"status-publish","4":"format-standard","5":"has-post-thumbnail","7":"category-grenoble","8":"tag-actu","9":"tag-actualites","10":"tag-auvergne-rhone-alpes","11":"tag-eu","12":"tag-europe","13":"tag-faits-divers","14":"tag-fr","15":"tag-france","16":"tag-grenoble","17":"tag-meurtre","18":"tag-news","19":"tag-police","20":"tag-republique-francaise"},"share_on_mastodon":{"url":"https:\/\/pubeurope.com\/@fr\/115705892422202356","error":""},"_links":{"self":[{"href":"https:\/\/www.europesays.com\/fr\/wp-json\/wp\/v2\/posts\/594652","targetHints":{"allow":["GET"]}}],"collection":[{"href":"https:\/\/www.europesays.com\/fr\/wp-json\/wp\/v2\/posts"}],"about":[{"href":"https:\/\/www.europesays.com\/fr\/wp-json\/wp\/v2\/types\/post"}],"author":[{"embeddable":true,"href":"https:\/\/www.europesays.com\/fr\/wp-json\/wp\/v2\/users\/2"}],"replies":[{"embeddable":true,"href":"https:\/\/www.europesays.com\/fr\/wp-json\/wp\/v2\/comments?post=594652"}],"version-history":[{"count":0,"href":"https:\/\/www.europesays.com\/fr\/wp-json\/wp\/v2\/posts\/594652\/revisions"}],"wp:featuredmedia":[{"embeddable":true,"href":"https:\/\/www.europesays.com\/fr\/wp-json\/wp\/v2\/media\/594653"}],"wp:attachment":[{"href":"https:\/\/www.europesays.com\/fr\/wp-json\/wp\/v2\/media?parent=594652"}],"wp:term":[{"taxonomy":"category","embeddable":true,"href":"https:\/\/www.europesays.com\/fr\/wp-json\/wp\/v2\/categories?post=594652"},{"taxonomy":"post_tag","embeddable":true,"href":"https:\/\/www.europesays.com\/fr\/wp-json\/wp\/v2\/tags?post=594652"}],"curies":[{"name":"wp","href":"https:\/\/api.w.org\/{rel}","templated":true}]}}