{"id":594658,"date":"2025-12-12T09:31:12","date_gmt":"2025-12-12T09:31:12","guid":{"rendered":"https:\/\/www.europesays.com\/fr\/594658\/"},"modified":"2025-12-12T09:31:12","modified_gmt":"2025-12-12T09:31:12","slug":"pendant-le-marche-de-noel-de-strasbourg-ce-business-explose","status":"publish","type":"post","link":"https:\/\/www.europesays.com\/fr\/594658\/","title":{"rendered":"Pendant le march\u00e9 de No\u00ebl de Strasbourg, ce business explose"},"content":{"rendered":"<p>                    Par<br \/>\n        <strong><br \/>\n            <a href=\"https:\/\/actu.fr\/auteur\/ivan-capecchi\" title=\"Consulter tous les articles de Ivan CAPECCHI\" target=\"_blank\" rel=\"noopener\">Ivan CAPECCHI<\/a><br \/>\n                    <\/strong><\/p>\n<p>        Publi\u00e9 le<\/p>\n<p>            12 d\u00e9c. 2025 \u00e0 9h49        <\/p>\n<p>\u00c0 Strasbourg, le <a href=\"https:\/\/actu.fr\/tag\/marche-de-noel-de-strasbourg\" target=\"_blank\" rel=\"noopener\">march\u00e9 de No\u00ebl<\/a> constitue de loin la p\u00e9riode la plus active de l\u2019ann\u00e9e pour <strong>Bolt<\/strong>. Selon l\u2019entreprise sp\u00e9cialis\u00e9e dans la mobilit\u00e9 partag\u00e9e, le recours aux <strong>VTC<\/strong> (Voitures de transport avec chauffeur) y a progress\u00e9 de <strong>45\u2009% en 2024<\/strong> par rapport \u00e0 la moyenne annuelle, contre +\u00a020 \u00e0 +\u00a025\u2009% au niveau national. Une tendance qui se confirme en <a href=\"https:\/\/actu.fr\/grand-est\/strasbourg_67482\/strasbourg-les-dates-du-marche-de-noel-2025-sont-connues_62710676.html\" target=\"_blank\" rel=\"noopener\">2025<\/a>, avec une activit\u00e9 <strong>\u00ab\u2009d\u00e9j\u00e0 orient\u00e9e \u00e0 la hausse (+15\u202f%)\u00bb<\/strong>, notait-elle dans un communiqu\u00e9 diffus\u00e9 fin novembre.<\/p>\n<p>Forte affluence, difficult\u00e9s de circulation et de stationnement<\/p>\n<p class=\" wall-content\">Toujours selon l\u2019entreprise, cette augmentation s\u2019explique par la <a href=\"https:\/\/actu.fr\/grand-est\/strasbourg_67482\/marche-de-noel-de-strasbourg-2025-voici-quand-venir-pour-eviter-la-foule_63464332.html\" target=\"_blank\" rel=\"noopener\">forte affluence dans le centre historique<\/a>, conjugu\u00e9e \u00e0 des conditions de circulation et de stationnement plus contraignantes.<\/p>\n<p class=\" wall-content\">Les donn\u00e9es de l\u2019an dernier font appara\u00eetre un <strong>pic de commandes entre 19h et 20h<\/strong>, principalement en <strong>fin de semaine<\/strong>, avec un point culminant lors du <strong>dernier week-end du march\u00e9 de No\u00ebl<\/strong>.<\/p>\n<p class=\" wall-content\">Bolt rel\u00e8ve que \u00ab\u2009la demande pour la <strong>cat\u00e9gorie XL<\/strong>, qui permet de voyager jusqu\u2019\u00e0 6 passagers (contre 4 pour les autres cat\u00e9gories)\u2009\u00bb, explose plus encore durant cette p\u00e9riode.<\/p>\n<p class=\" wall-content\">Personnalisez votre actualit\u00e9 en ajoutant vos villes et m\u00e9dias en favori avec <a href=\"https:\/\/moncompte.actu.fr\" title=\"D\u00e9couvez Mon Actu\" rel=\"nofollow noopener\" data-trk=\"{&quot;cta&quot;:{&quot;action&quot;:&quot;https:\\\/\\\/moncompte.actu.fr&quot;,&quot;category&quot;:&quot;mon compte&quot;,&quot;from&quot;:&quot;article footer&quot;,&quot;name&quot;:&quot;Mon actu&quot;,&quot;type&quot;:&quot;cta&quot;}}\" target=\"_blank\">Mon Actu<\/a>.<\/p>\n","protected":false},"excerpt":{"rendered":"Par Ivan CAPECCHI Publi\u00e9 le 12 d\u00e9c. 2025 \u00e0 9h49 \u00c0 Strasbourg, le march\u00e9 de No\u00ebl constitue de&hellip;\n","protected":false},"author":2,"featured_media":505851,"comment_status":"","ping_status":"","sticky":false,"template":"","format":"standard","meta":{"footnotes":""},"categories":[2820],"tags":[1111,11,33,1777,674,1011,27,775,56596,12,25,640],"class_list":{"0":"post-594658","1":"post","2":"type-post","3":"status-publish","4":"format-standard","5":"has-post-thumbnail","7":"category-strasbourg","8":"tag-actu","9":"tag-actualites","10":"tag-economie","11":"tag-eu","12":"tag-europe","13":"tag-fr","14":"tag-france","15":"tag-grand-est","16":"tag-marche-de-noel-de-strasbourg","17":"tag-news","18":"tag-republique-francaise","19":"tag-strasbourg"},"share_on_mastodon":{"url":"https:\/\/pubeurope.com\/@fr\/115705904200675092","error":""},"_links":{"self":[{"href":"https:\/\/www.europesays.com\/fr\/wp-json\/wp\/v2\/posts\/594658","targetHints":{"allow":["GET"]}}],"collection":[{"href":"https:\/\/www.europesays.com\/fr\/wp-json\/wp\/v2\/posts"}],"about":[{"href":"https:\/\/www.europesays.com\/fr\/wp-json\/wp\/v2\/types\/post"}],"author":[{"embeddable":true,"href":"https:\/\/www.europesays.com\/fr\/wp-json\/wp\/v2\/users\/2"}],"replies":[{"embeddable":true,"href":"https:\/\/www.europesays.com\/fr\/wp-json\/wp\/v2\/comments?post=594658"}],"version-history":[{"count":0,"href":"https:\/\/www.europesays.com\/fr\/wp-json\/wp\/v2\/posts\/594658\/revisions"}],"wp:featuredmedia":[{"embeddable":true,"href":"https:\/\/www.europesays.com\/fr\/wp-json\/wp\/v2\/media\/505851"}],"wp:attachment":[{"href":"https:\/\/www.europesays.com\/fr\/wp-json\/wp\/v2\/media?parent=594658"}],"wp:term":[{"taxonomy":"category","embeddable":true,"href":"https:\/\/www.europesays.com\/fr\/wp-json\/wp\/v2\/categories?post=594658"},{"taxonomy":"post_tag","embeddable":true,"href":"https:\/\/www.europesays.com\/fr\/wp-json\/wp\/v2\/tags?post=594658"}],"curies":[{"name":"wp","href":"https:\/\/api.w.org\/{rel}","templated":true}]}}