{"id":594659,"date":"2025-12-12T09:32:20","date_gmt":"2025-12-12T09:32:20","guid":{"rendered":"https:\/\/www.europesays.com\/fr\/594659\/"},"modified":"2025-12-12T09:32:20","modified_gmt":"2025-12-12T09:32:20","slug":"la-victoire-de-strasbourg-ecornee-par-un-penaltygate-c4-j5-aberdeen-strasbourg-0-1","status":"publish","type":"post","link":"https:\/\/www.europesays.com\/fr\/594659\/","title":{"rendered":"La victoire de Strasbourg \u00e9corn\u00e9e par un penaltygate &#8211; C4 &#8211; J5 &#8211; Aberdeen-Strasbourg (0-1)"},"content":{"rendered":"<p>Le groupe joue bien.<\/p>\n<p><a target=\"_blank\" href=\"https:\/\/www.sofoot.com\/breves\/classement-ligue-conference-strasbourg-seul-leader-la-fiorentina-et-crystal-palace-dans-le-top-11\" rel=\"noopener\">Vainqueur \u00e0 Aberdeen ce jeudi soir<\/a>, <strong>le RC Strasbourg caracole seul en t\u00eate de la Ligue Conf\u00e9rence<\/strong>. Quoi de plus logique pour l\u2019une des deux capitales de l\u2019Europe ? Cela dit, le score final (0-1) aurait pu \u00eatre l\u00e9g\u00e8rement plus confortable si, \u00e0 la 72e minute, <strong>Isma\u00ebl Doukour\u00e9 n\u2019avait pas manqu\u00e9 un penalty<\/strong> synonyme de break. Seulement voil\u00e0, tout ne s\u2019est pas pass\u00e9 comme pr\u00e9vu.<\/p>\n<p><strong>Plus de peur que de mal<\/strong><\/p>\n<p>L\u2019homme de la rencontre s\u2019appelle incontestablement <strong>Martial Godo<\/strong>. Auteur de l\u2019ouverture du score \u00e0 la demi-heure de jeu, il provoque un penalty en seconde p\u00e9riode avant de sortir pour \u00eatre remplac\u00e9 par Joaquin Panichelli. <strong>L\u2019Argentin aurait d\u00fb se charger de lui faire justice, mais son co\u00e9quipier Doukour\u00e9 en a jug\u00e9 autrement<\/strong>, se saisissant du ballon pour transformer lui-m\u00eame la sentence.<\/p>\n<p>Ou pas, puisque le portier \u00e9cossais Dimitar Mitov a brillamment contr\u00e9 la tentative strasbourgeoise, emp\u00eachant les Racingmen de se mettre \u00e0 l\u2019abri. Un incident heureusement sans cons\u00e9quence sur lequel Liam Rosenior est revenu en conf\u00e9rence de presse : \u00ab\u00a0Je voulais que Joaquin tire le penalty car il ne se rate jamais et qu\u2019il est le num\u00e9ro 1 dans l\u2019exercice. <strong>J\u2019ai tent\u00e9 de faire passer le message \u00e0 Isma\u00ebl\u00a0<\/strong><strong>mais je n\u2019ai pas r\u00e9ussi.<\/strong> \u00c7a arrive. C\u2019est un probl\u00e8me de communication.\u202f\u00bb<\/p>\n<p>L\u2019entra\u00eeneur alsacien en a profit\u00e9 pour saluer la r\u00e9action de Panichelli, visiblement pas froiss\u00e9 de s\u2019\u00eatre fait piquer son job : \u00ab\u202fIl a tr\u00e8s bien r\u00e9agi sur le coup en allant\u00a0voir Doukour\u00e9 pour le r\u00e9conforter. <strong>Cela en dit long sur mon \u00e9quipe.<\/strong>\u202f\u00bb<\/p>\n<p>Et en plus, le groupe vit bien !<\/p>\n<p>\t\t\t\t\t\t\t\t\t\t<a class=\"lien-connexe\" href=\"https:\/\/www.sofoot.com\/breves\/ligue-europa-conference-strasbourg-bat-aberdeen-et-passe-leader-grace-a-une-bourde-de-nicky-delvin\" target=\"_blank\" rel=\"noopener\">Une boulette catapulte Strasbourg sur le tr\u00f4ne<\/a>\t\t\t\t\t<\/p>\n","protected":false},"excerpt":{"rendered":"Le groupe joue bien. Vainqueur \u00e0 Aberdeen ce jeudi soir, le RC Strasbourg caracole seul en t\u00eate de&hellip;\n","protected":false},"author":2,"featured_media":594660,"comment_status":"","ping_status":"","sticky":false,"template":"","format":"standard","meta":{"footnotes":""},"categories":[2820],"tags":[1111,47,11,61,69,65,64,1777,674,63,1011,27,775,68,66,12,62,70,25,67,640],"class_list":{"0":"post-594659","1":"post","2":"type-post","3":"status-publish","4":"format-standard","5":"has-post-thumbnail","7":"category-strasbourg","8":"tag-actu","9":"tag-actualite","10":"tag-actualites","11":"tag-actus-football","12":"tag-bundesliga","13":"tag-championnats-europeens","14":"tag-equipe-de-france","15":"tag-eu","16":"tag-europe","17":"tag-football","18":"tag-fr","19":"tag-france","20":"tag-grand-est","21":"tag-ligua","22":"tag-ligue-1","23":"tag-news","24":"tag-news-foot","25":"tag-premier-league","26":"tag-republique-francaise","27":"tag-serie-a","28":"tag-strasbourg"},"share_on_mastodon":{"url":"https:\/\/pubeurope.com\/@fr\/115705908226696644","error":""},"_links":{"self":[{"href":"https:\/\/www.europesays.com\/fr\/wp-json\/wp\/v2\/posts\/594659","targetHints":{"allow":["GET"]}}],"collection":[{"href":"https:\/\/www.europesays.com\/fr\/wp-json\/wp\/v2\/posts"}],"about":[{"href":"https:\/\/www.europesays.com\/fr\/wp-json\/wp\/v2\/types\/post"}],"author":[{"embeddable":true,"href":"https:\/\/www.europesays.com\/fr\/wp-json\/wp\/v2\/users\/2"}],"replies":[{"embeddable":true,"href":"https:\/\/www.europesays.com\/fr\/wp-json\/wp\/v2\/comments?post=594659"}],"version-history":[{"count":0,"href":"https:\/\/www.europesays.com\/fr\/wp-json\/wp\/v2\/posts\/594659\/revisions"}],"wp:featuredmedia":[{"embeddable":true,"href":"https:\/\/www.europesays.com\/fr\/wp-json\/wp\/v2\/media\/594660"}],"wp:attachment":[{"href":"https:\/\/www.europesays.com\/fr\/wp-json\/wp\/v2\/media?parent=594659"}],"wp:term":[{"taxonomy":"category","embeddable":true,"href":"https:\/\/www.europesays.com\/fr\/wp-json\/wp\/v2\/categories?post=594659"},{"taxonomy":"post_tag","embeddable":true,"href":"https:\/\/www.europesays.com\/fr\/wp-json\/wp\/v2\/tags?post=594659"}],"curies":[{"name":"wp","href":"https:\/\/api.w.org\/{rel}","templated":true}]}}