{"id":594661,"date":"2025-12-12T09:33:26","date_gmt":"2025-12-12T09:33:26","guid":{"rendered":"https:\/\/www.europesays.com\/fr\/594661\/"},"modified":"2025-12-12T09:33:26","modified_gmt":"2025-12-12T09:33:26","slug":"la-kermesse-a-nice-l5-larusso-eve-angeli-o-zone-lou-bega-du-03-07-2026-au-05-07-2026-nice","status":"publish","type":"post","link":"https:\/\/www.europesays.com\/fr\/594661\/","title":{"rendered":"La Kermesse \u00e0 Nice : L5, Larusso, Eve Angeli, O-Zone, Lou Bega&#8230; &#8211; Du 03\/07\/2026 au 05\/07\/2026 &#8211; Nice"},"content":{"rendered":"<p>Pour sa 5\u1d49 \u00e9dition,\u00a0<strong>La Kermesse<\/strong>\u00a0convie\u00a0une s\u00e9lection\u00a0d\u2019artistes incontournables ayant\u00a0marqu\u00e9 la sc\u00e8ne pop et R&amp;B des\u00a0<strong>ann\u00e9es 2000<\/strong>. L\u2019affiche r\u00e9unit des artistes majeurs de la sc\u00e8ne musicale fran\u00e7aise\u00a0:\u00a0<strong>Larusso, L5, N\u00e2diya,\u00a0L\u00e2\u00e2m, Trag\u00e9die, Colonel Reyel, Matt Houston,\u00a0Eve Angeli<\/strong>\u00a0&#8211;\u00a0auxquelles s\u2019ajoutent des noms internationaux tels que<strong>\u00a0<\/strong><strong>Cascada<\/strong>,\u00a0<strong>Kat Deluna<\/strong>,\u00a0<strong>O-Zone,<\/strong>\u00a0<strong>Lou Bega,\u00a0<\/strong>ou encore<strong>\u00a0<\/strong><strong>Billy Crawford<\/strong>.\u00a0Ensemble, ils dessinent un panorama des sons embl\u00e9matiques de la\u00a0<strong>d\u00e9cennie<\/strong>, ces artistes dont les hits ont rythm\u00e9 les\u00a0<strong>charts<\/strong>.<\/p>\n<p>En couvrant tous les styles phares des ann\u00e9es 2000 &#8211;\u00a0du reggae aux boys bands, de l\u2019Eurodance au R&amp;B urbain &#8211;\u00a0le festival affirme encore sa singularit\u00e9 :\u00a0<strong>r\u00e9veiller une m\u00e9moire musicale collective dans un esprit festif et populaire<\/strong>.<\/p>\n<p>&#13;<\/p>\n<p>Au programme de l&rsquo;\u00e9dition 2026<\/p>\n<p>\t\t\t\tVendredi 3 juillet<\/p>\n<p>BILLY CRAWFORD\u00a0<br \/>COLONEL REYEL\u00a0<br \/>EVE ANGELI\u00a0<br \/>FAF LARAGE\u00a0\u00a0<br \/>KYMA\u00cf (NZH)\u00a0<br \/>L5\u00a0<br \/>LARUSSO<\/p>\n<p>Samedi 4 juillet<\/p>\n<p>2BE3 X G-SQUAD\u00a0<br \/>KENZA FARAH\u00a0<br \/>L\u00c2\u00c2M\u00a0<br \/>MATT HOUSTON\u00a0<br \/>N\u00c2DIYA\u00a0<br \/>TRAG\u00c9DIE\u00a0<br \/>WILLIAM BALD\u00c9<\/p>\n<p>Dimanche 5 juillet<\/p>\n<p>CASCADA\u00a0<br \/>KAT DELUNA\u00a0 \u00a0<br \/>LOU BEGA\u00a0<br \/>MOUSSIER TOMBOLA\u00a0<\/p>\n<p>O-ZONE\u00a0<br \/>ONE-T\u00a0<br \/>TOM FRAGER<\/p>\n<p>\u00a0<\/p>\n<p>INFOS PRATIQUES<\/p>\n<p>Th\u00e9\u00e2tre de Verdure,<br \/>1 Promenade des Anglais<br \/>06000 Nice<br \/>Tramway &#8211; Ligne 1, Arr\u00eat Op\u00e9ra Vieille Ville<br \/>Bus &#8211; Ligne 12, 23, 32 Arr\u00eat Albert 1er Phoc\u00e9ens<br \/>Parking : M\u00e9ridien<\/p>\n<p>&#8211; Dur\u00e9e : 8 heures<br \/>&#8211; \u00c2ge requis : \u00e0 partir de 16 ans.<br \/>&#8211; Food &amp; Drinks \u00e0 l&rsquo;int\u00e9rieur du festival<br \/>&#8211;\u00a0<strong style=\"letter-spacing: 0.01em;\">Mineur autoris\u00e9 uniquement si accompagn\u00e9<br \/><\/strong>&#8211; Toute consommation d&rsquo;alcool est interdite aux mineurs<\/p>\n<p><strong>BILLETTERIE<\/strong><\/p>\n<p>Lorsque le quotas de billet allou\u00e9 \u00e0 une phase en cours de vente est \u00e9puis\u00e9, la phase suivante s&rsquo;ouvre et le prix augmente.<\/p>\n<p>Pass 1 jour : 32\u20ac99 \u00e0 54\u20ac99<br \/>Pass 2 jours : 54\u20ac99 \u00e0 99\u20ac99<br \/>Pass 3 jours :79\u20ac99 \u00e0 144\u20ac99<\/p>\n<p><strong>Au plus t\u00f4t le billet est achet\u00e9, au moins il est cher !<\/strong><\/p>\n<p>Une billetterie sera ouverte devant le Th\u00e9\u00e2tre de Verdure pour les derni\u00e8res places disponibles, merci de bien vouloir vous munir de votre pi\u00e8ce d&rsquo;identit\u00e9.<\/p>\n<p>&gt;infos\/billetterie en ligne :\u00a0<a href=\"https:\/\/lakermesse.fr\/nice\/\" target=\"_blank\" rel=\"noopener\">lakermesse.fr<\/a><\/p>\n<p>\u00a0<\/p>\n<p>\u00a0<\/p>\n","protected":false},"excerpt":{"rendered":"Pour sa 5\u1d49 \u00e9dition,\u00a0La Kermesse\u00a0convie\u00a0une s\u00e9lection\u00a0d\u2019artistes incontournables ayant\u00a0marqu\u00e9 la sc\u00e8ne pop et R&amp;B des\u00a0ann\u00e9es 2000. L\u2019affiche r\u00e9unit des&hellip;\n","protected":false},"author":2,"featured_media":594662,"comment_status":"","ping_status":"","sticky":false,"template":"","format":"standard","meta":{"footnotes":""},"categories":[2819],"tags":[1111,11,1777,674,1011,27,12,2401,882,25],"class_list":{"0":"post-594661","1":"post","2":"type-post","3":"status-publish","4":"format-standard","5":"has-post-thumbnail","7":"category-nice","8":"tag-actu","9":"tag-actualites","10":"tag-eu","11":"tag-europe","12":"tag-fr","13":"tag-france","14":"tag-news","15":"tag-nice","16":"tag-provence-alpes-cote-dazur","17":"tag-republique-francaise"},"share_on_mastodon":{"url":"https:\/\/pubeurope.com\/@fr\/115705912115618902","error":""},"_links":{"self":[{"href":"https:\/\/www.europesays.com\/fr\/wp-json\/wp\/v2\/posts\/594661","targetHints":{"allow":["GET"]}}],"collection":[{"href":"https:\/\/www.europesays.com\/fr\/wp-json\/wp\/v2\/posts"}],"about":[{"href":"https:\/\/www.europesays.com\/fr\/wp-json\/wp\/v2\/types\/post"}],"author":[{"embeddable":true,"href":"https:\/\/www.europesays.com\/fr\/wp-json\/wp\/v2\/users\/2"}],"replies":[{"embeddable":true,"href":"https:\/\/www.europesays.com\/fr\/wp-json\/wp\/v2\/comments?post=594661"}],"version-history":[{"count":0,"href":"https:\/\/www.europesays.com\/fr\/wp-json\/wp\/v2\/posts\/594661\/revisions"}],"wp:featuredmedia":[{"embeddable":true,"href":"https:\/\/www.europesays.com\/fr\/wp-json\/wp\/v2\/media\/594662"}],"wp:attachment":[{"href":"https:\/\/www.europesays.com\/fr\/wp-json\/wp\/v2\/media?parent=594661"}],"wp:term":[{"taxonomy":"category","embeddable":true,"href":"https:\/\/www.europesays.com\/fr\/wp-json\/wp\/v2\/categories?post=594661"},{"taxonomy":"post_tag","embeddable":true,"href":"https:\/\/www.europesays.com\/fr\/wp-json\/wp\/v2\/tags?post=594661"}],"curies":[{"name":"wp","href":"https:\/\/api.w.org\/{rel}","templated":true}]}}