{"id":594663,"date":"2025-12-12T09:34:11","date_gmt":"2025-12-12T09:34:11","guid":{"rendered":"https:\/\/www.europesays.com\/fr\/594663\/"},"modified":"2025-12-12T09:34:11","modified_gmt":"2025-12-12T09:34:11","slug":"logc-nice-devient-la-risee-de-toute-leurope","status":"publish","type":"post","link":"https:\/\/www.europesays.com\/fr\/594663\/","title":{"rendered":"L\u2019OGC Nice devient la ris\u00e9e de toute l\u2019Europe"},"content":{"rendered":"<p>Nice se fait casser. Ce vendredi matin, la presse fran\u00e7aise n\u2019y va pas de main morte avec les Aiglons, qui ont de nouveau tr\u00e9buch\u00e9 en Ligue Europa hier soir. On ne peut pas dire que c\u2019est une surprise, entre le niveau de jeu affich\u00e9 cette saison et les fortes tensions autour des pensionnaires de l\u2019Allianz Riviera. Mais les Azur\u00e9ens r\u00e9alisent la prouesse d\u2019\u00eatre constants dans la m\u00e9diocrit\u00e9 puisqu\u2019ils ont subi leur sixi\u00e8me d\u00e9faite en six journ\u00e9es en C3. Hier soir, c\u2019est donc <a href=\"https:\/\/www.footmercato.net\/a7009844830027490285-ligue-europa-sale-soiree-pour-le-losc-nice-sincline-encore\" target=\"_blank\" rel=\"noopener\">Braga qui a envoy\u00e9 les troupes de Franck Haise au tapis gr\u00e2ce \u00e0 sa victoire 1 \u00e0 0<\/a>. A deux journ\u00e9es de la fin, les Ni\u00e7ois sont d\u2019ores et d\u00e9j\u00e0 \u00e9limin\u00e9s de la Ligue Europa, eux qui pointent \u00e0 la <a href=\"https:\/\/www.footmercato.net\/europe\/uefa-europa-league\/classement\" target=\"_blank\" rel=\"noopener\">36e et derni\u00e8re place du classement<\/a>. C\u2019est d\u2019ailleurs le seul club \u00e0 n\u2019avoir pris aucun point dans cette comp\u00e9tition cette saison. <\/p>\n<p>            La suite apr\u00e8s cette publicit\u00e9<\/p>\n<p>Touch\u00e9 mais pas coul\u00e9, Franck Haise a \u00e9voqu\u00e9 ce nouveau revers en conf\u00e9rence de presse. \u00ab On sait pourquoi elle continue (la s\u00e9rie de d\u00e9faites, ndlr), il faut faire deux mi-temps du niveau de la deuxi\u00e8me. On n\u2019a pas assez de force pour tout donner. Quand on le fait en deuxi\u00e8me mi-temps, c\u2019est un autre match. Il faut \u00e9videmment \u00eatre capable de marquer des buts quand on a des temps forts. Perdre des matches, \u00e7a ne pla\u00eet \u00e0 personne. En perdre huit, \u00e7a ne pla\u00eet \u00e0 personne. Mais une fois qu\u2019on a dit \u00e7a, on fait quoi ? Ce n\u2019est pas \u00e7a qui me touche le plus. Ce qui me touche, c\u2019est que je voudrais voir tout le temps mon \u00e9quipe comme je l\u2019ai vue en deuxi\u00e8me p\u00e9riode.\u00bb La presse fran\u00e7aise, elle, ne veut plus voir ce <a href=\"https:\/\/www.footmercato.net\/club\/ogc-nice\/\" target=\"_blank\" rel=\"noopener\">Nice<\/a> l\u00e0. C\u2019est le cas de Nice-Matin.<\/p>\n<p>            La suite apr\u00e8s cette publicit\u00e9<\/p>\n<p>        Nice se fait casser<\/p>\n<p>Battu par Braga en Ligue Europa, l\u2019OGC Nice encha\u00eene la pire s\u00e9rie de d\u00e9faites de toute l\u2019histoire du club (et de France). \u00abL\u2019OGC Nice a \u00e9t\u00e9 \u00e9gal \u00e0 lui-m\u00eame ce soir du jeudi 11 d\u00e9cembre en encha\u00eenant une sixi\u00e8me d\u00e9faite dans sa campagne 2025-2026 de Ligue Europa, vaincu par Braga 1-0 \u00e0 l\u2019Allianz Riviera. Les Aiglons restent bons derniers au classement. Contrairement \u00e0 leurs trois derniers matches de Ligue Europa, les Aiglons n\u2019ont pas conc\u00e9d\u00e9 de buts dans les cinq premi\u00e8res minutes. Celui de Pau Victor est arriv\u00e9 \u00e0 la 28e minute.\u00bb France Bleu Azur est \u00e9galement d\u00e9pit\u00e9. <\/p>\n<p>\u00abAu moins les Aiglons marquent les m\u00e9moires\u2026 \u00c0 d\u00e9faut de redresser la barre ou de stopper l\u2019h\u00e9morragie, l\u2019OGC Nice a r\u00e9ussi \u00e0 battre trois records en une soir\u00e9e pour entrer dans les livres d\u2019histoires au niveau local et national. Chacun sa mani\u00e8re de marquer les esprits\u2026 Au coin du feu, dans quelques ann\u00e9es, avec quelques cheveux blancs ou plus rien du tout sur le caillou \u00e0 force de se gratter la t\u00eate devant ce projet Ineos, on se souviendra forc\u00e9ment de cette \u00e9quipe capable de battre trois records en une soir\u00e9e et de rentrer dans les livres d\u2019histoire \u00e0 sa mani\u00e8re : par la toute petite porte. En encha\u00eenant face \u00e0 Braga une 8e d\u00e9faite de suite, une premi\u00e8re depuis la cr\u00e9ation du club il y a 121 ans et un 18e match d\u2019affil\u00e9e sans succ\u00e8s en Europe, record pour une \u00e9quipe fran\u00e7aise. Le tout devant la pire affluence de la courte histoire de l\u2019Allianz Riviera : moins de 4.000 spectateurs, qui ont \u00e0 peine os\u00e9 siffler pour raccompagner au vestiaire des Aiglons en perdition.\u00bb<\/p>\n<p>            La suite apr\u00e8s cette publicit\u00e9<\/p>\n<p>        La descente aux enfers continue<\/p>\n<p>\u00abL\u2019Equipe\u00bb est du m\u00eame avis. \u00abLe calvaire continue pour Nice, battu \u00e0 domicile par Braga en Ligue Europa. Les records dont personne ne veut sont bien les seules choses que peuvent battre les Ni\u00e7ois en Ligue Europa, et leur terrible dynamique s\u2019est \u00e9tir\u00e9e ce jeudi soir contre Braga : dans une Allianz Riviera d\u00e9sert\u00e9e par les supporters, ils ont subi leur sixi\u00e8me d\u00e9faite (0-1) en six journ\u00e9es de phase de ligue, leur huiti\u00e8me d\u2019affil\u00e9e toutes comp\u00e9titions confondues. Et comme leur saison 2024-2025 avait d\u00e9j\u00e0 \u00e9t\u00e9 catastrophique \u00e0 l\u2019\u00e9chelle continentale, les voici d\u00e9tenteurs du record fran\u00e7ais de matches sans victoire en Coupe d\u2019Europe, avec une s\u00e9rie port\u00e9e d\u00e9sormais \u00e0 dix-huit rencontres. C\u2019est tr\u00e8s long, tr\u00e8s p\u00e9nible, et la soir\u00e9e azur\u00e9enne a \u00e9t\u00e9 encore une fois d\u00e9primante.\u00bb Le Figaro n\u2019est pas plus emball\u00e9. \u00abNice au fond du trou. Nice ne compte toujours pas le moindre point en Ligue Europa. Avec une nouvelle d\u00e9faite ce jeudi face \u00e0 Braga (0-1), les Ni\u00e7ois sont bons derniers et d\u2019ores et d\u00e9j\u00e0 \u00e9limin\u00e9s de la comp\u00e9tition.\u00bb<\/p>\n<p>Le Parisien a aussi achev\u00e9 les Aiglons. \u00ab8 d\u00e9faites cons\u00e9cutives, 0 point en Ligue Europa\u2026 la descente aux enfers se poursuit pour les Ni\u00e7ois. Le Gym a encore \u00e9t\u00e9 battu en Ligue Europa et compte toujours z\u00e9ro point dans la comp\u00e9tition. Si l\u2019\u00e9limination est d\u00e9j\u00e0 acquise, ce n\u2019est sans doute pas le pire qui attend les Ni\u00e7ois. (\u2026) Z\u00e9ro point\u00e9. Encore. Englu\u00e9 dans une situation dramatique, l\u2019OGC Nice s\u2019est inclin\u00e9 ce jeudi pour la huiti\u00e8me fois d\u2019affil\u00e9e. Une d\u00e9faite face \u00e0 Braga, en Ligue Europa, qui laisse les Ni\u00e7ois avec leur bonnet d\u2019\u00e2ne et z\u00e9ro point sur la sc\u00e8ne europ\u00e9enne. Une catastrophe industrielle que m\u00eame les deux derniers matchs, face \u00e0 Go Ahead Eagles et \u00e0 Ludogorets en janvier, ne peuvent sauver. Le bilan est calamiteux, le match moins. Il n\u2019emp\u00eache que le r\u00e9sultat est une nouvelle fois d\u00e9cevant et que le bilan est totalement n\u00e9gatif.\u00bb Cette fin d\u2019ann\u00e9e 2025 est d\u00e9cid\u00e9ment un calvaire pour Nice, <a href=\"https:\/\/www.footmercato.net\/live\/5907282884484064441-lens-vs-nice\" target=\"_blank\" rel=\"noopener\">qui va se d\u00e9placer \u00e0 Lens dimanche \u00e0 17h15<\/a>. <\/p>\n<p>\n    Pub. le 12\/12\/2025 09:52<br \/>\n            &#8211; MAJ le 12\/12\/2025 10:25\n    <\/p>\n","protected":false},"excerpt":{"rendered":"Nice se fait casser. Ce vendredi matin, la presse fran\u00e7aise n\u2019y va pas de main morte avec les&hellip;\n","protected":false},"author":2,"featured_media":594664,"comment_status":"","ping_status":"","sticky":false,"template":"","format":"standard","meta":{"footnotes":""},"categories":[2819],"tags":[1111,11,1777,674,1011,27,12,2401,882,25],"class_list":{"0":"post-594663","1":"post","2":"type-post","3":"status-publish","4":"format-standard","5":"has-post-thumbnail","7":"category-nice","8":"tag-actu","9":"tag-actualites","10":"tag-eu","11":"tag-europe","12":"tag-fr","13":"tag-france","14":"tag-news","15":"tag-nice","16":"tag-provence-alpes-cote-dazur","17":"tag-republique-francaise"},"share_on_mastodon":{"url":"https:\/\/pubeurope.com\/@fr\/115705916042871330","error":""},"_links":{"self":[{"href":"https:\/\/www.europesays.com\/fr\/wp-json\/wp\/v2\/posts\/594663","targetHints":{"allow":["GET"]}}],"collection":[{"href":"https:\/\/www.europesays.com\/fr\/wp-json\/wp\/v2\/posts"}],"about":[{"href":"https:\/\/www.europesays.com\/fr\/wp-json\/wp\/v2\/types\/post"}],"author":[{"embeddable":true,"href":"https:\/\/www.europesays.com\/fr\/wp-json\/wp\/v2\/users\/2"}],"replies":[{"embeddable":true,"href":"https:\/\/www.europesays.com\/fr\/wp-json\/wp\/v2\/comments?post=594663"}],"version-history":[{"count":0,"href":"https:\/\/www.europesays.com\/fr\/wp-json\/wp\/v2\/posts\/594663\/revisions"}],"wp:featuredmedia":[{"embeddable":true,"href":"https:\/\/www.europesays.com\/fr\/wp-json\/wp\/v2\/media\/594664"}],"wp:attachment":[{"href":"https:\/\/www.europesays.com\/fr\/wp-json\/wp\/v2\/media?parent=594663"}],"wp:term":[{"taxonomy":"category","embeddable":true,"href":"https:\/\/www.europesays.com\/fr\/wp-json\/wp\/v2\/categories?post=594663"},{"taxonomy":"post_tag","embeddable":true,"href":"https:\/\/www.europesays.com\/fr\/wp-json\/wp\/v2\/tags?post=594663"}],"curies":[{"name":"wp","href":"https:\/\/api.w.org\/{rel}","templated":true}]}}