{"id":594665,"date":"2025-12-12T09:35:27","date_gmt":"2025-12-12T09:35:27","guid":{"rendered":"https:\/\/www.europesays.com\/fr\/594665\/"},"modified":"2025-12-12T09:35:27","modified_gmt":"2025-12-12T09:35:27","slug":"oui-jai-drone-a-la-maison-darret-a-nantes-un-jeune-telepilote-place-sous","status":"publish","type":"post","link":"https:\/\/www.europesays.com\/fr\/594665\/","title":{"rendered":"\u00ab\u00a0Oui, j\u2019ai dron\u00e9 \u00e0 la maison d\u2019arr\u00eat\u00a0\u00bb\u00a0: A Nantes, un jeune t\u00e9l\u00e9pilote plac\u00e9 sous"},"content":{"rendered":"<tr wp_automatic_readability=\"4.9068322981366\">\n<td valign=\"middle\" align=\"center\" class=\"col-logo\">\n    <img decoding=\"async\" src=\"https:\/\/www.europesays.com\/fr\/wp-content\/uploads\/2025\/04\/presse-ocean.gif\" alt=\"logo Presse-Oc\u00e9an\" height=\"66\"\/><\/p>\n<\/td>\n<td class=\"col-titre\">\n\t\t\tVendredi 12 d\u00e9cembre 2025 09:02<br \/>\n\t\t\t<a class=\"icon-bulle sizeL count\" href=\"#ancreAvis\"><br \/>\n\t&#8230;<br \/>\n<\/a><\/td>\n<\/tr>\n<p>\t\t<a class=\"mavillebox2 elmt-photo\" href=\"https:\/\/maville.com\/photosmvi\/2025\/12\/12\/P35635391D7106128G.jpg\" title=\" Le pr\u00e9venu a comparu ce jeudi 11\u00a0d\u00e9cembre en comparution imm\u00e9diate \u00e0 Nantes.  \u00a9  Presse Oc\u00e9an-EP  \" rel=\"galerie_actu noopener\" target=\"_blank\"><br \/>\n\t<img decoding=\"async\" src=\"https:\/\/www.europesays.com\/fr\/wp-content\/uploads\/2025\/12\/P35635391D7106128G_crop_640-330_.jpg\" alt=\"photo  le pr\u00e9venu a comparu ce jeudi 11\u00a0d\u00e9cembre en comparution imm\u00e9diate \u00e0 nantes.  \u00a9  presse oc\u00e9an-ep \"\/><br \/>\n\t1<br \/>\n<\/a><\/p>\n<p class=\"elmt-legende\"> Le pr\u00e9venu a comparu ce jeudi 11\u00a0d\u00e9cembre en comparution imm\u00e9diate \u00e0 Nantes.  \u00a9  Presse Oc\u00e9an-EP  <\/p>\n<p>\t\tSurpris par la brigade anticriminalit\u00e9 de Nantes quartiers Beaujoire, le 8 d\u00e9cembre 2025, un Nantais de 23 ans a \u00e9t\u00e9 condamn\u00e9 ce jeudi 11 d\u00e9cembre en comparution imm\u00e9diate \u00e0 Nantes. \u00c0 ses juges, il a expliqu\u00e9 avoir livr\u00e9 des colis aux d\u00e9tenus sous la menace.<\/p>\n<p><b>Cet article est r\u00e9serv\u00e9 aux abonn\u00e9s<\/b><\/p>\n<p>Pour un acc\u00e8s imm\u00e9diat, abonnez-vous<\/p>\n<p><b>1\u00e8re semaine offerte<\/b><\/p>\n<p>\t\t Presse Oc\u00e9an \u00a0\u00a0<br \/>\n\t\tPresse-Oc\u00e9an<\/p>\n<p>Retrouvez d&rsquo;autres actus sur les communes de :<\/p>\n<p>\t\t&#13;<\/p>\n","protected":false},"excerpt":{"rendered":"Vendredi 12 d\u00e9cembre 2025 09:02 &#8230; 1 Le pr\u00e9venu a comparu ce jeudi 11\u00a0d\u00e9cembre en comparution imm\u00e9diate \u00e0&hellip;\n","protected":false},"author":2,"featured_media":594666,"comment_status":"","ping_status":"","sticky":false,"template":"","format":"standard","meta":{"footnotes":""},"categories":[2818],"tags":[1111,11,16433,564,9860,1777,674,1011,27,3913,2142,766,12,6283,2636,5536,25,9673,70755],"class_list":{"0":"post-594665","1":"post","2":"type-post","3":"status-publish","4":"format-standard","5":"has-post-thumbnail","7":"category-nantes","8":"tag-actu","9":"tag-actualites","10":"tag-arret","11":"tag-drone","12":"tag-electronique","13":"tag-eu","14":"tag-europe","15":"tag-fr","16":"tag-france","17":"tag-jeune","18":"tag-maison","19":"tag-nantes","20":"tag-news","21":"tag-oui","22":"tag-pays-de-la-loire","23":"tag-place","24":"tag-republique-francaise","25":"tag-surveillance","26":"tag-telepilote"},"share_on_mastodon":{"url":"https:\/\/pubeurope.com\/@fr\/115705922133205774","error":""},"_links":{"self":[{"href":"https:\/\/www.europesays.com\/fr\/wp-json\/wp\/v2\/posts\/594665","targetHints":{"allow":["GET"]}}],"collection":[{"href":"https:\/\/www.europesays.com\/fr\/wp-json\/wp\/v2\/posts"}],"about":[{"href":"https:\/\/www.europesays.com\/fr\/wp-json\/wp\/v2\/types\/post"}],"author":[{"embeddable":true,"href":"https:\/\/www.europesays.com\/fr\/wp-json\/wp\/v2\/users\/2"}],"replies":[{"embeddable":true,"href":"https:\/\/www.europesays.com\/fr\/wp-json\/wp\/v2\/comments?post=594665"}],"version-history":[{"count":0,"href":"https:\/\/www.europesays.com\/fr\/wp-json\/wp\/v2\/posts\/594665\/revisions"}],"wp:featuredmedia":[{"embeddable":true,"href":"https:\/\/www.europesays.com\/fr\/wp-json\/wp\/v2\/media\/594666"}],"wp:attachment":[{"href":"https:\/\/www.europesays.com\/fr\/wp-json\/wp\/v2\/media?parent=594665"}],"wp:term":[{"taxonomy":"category","embeddable":true,"href":"https:\/\/www.europesays.com\/fr\/wp-json\/wp\/v2\/categories?post=594665"},{"taxonomy":"post_tag","embeddable":true,"href":"https:\/\/www.europesays.com\/fr\/wp-json\/wp\/v2\/tags?post=594665"}],"curies":[{"name":"wp","href":"https:\/\/api.w.org\/{rel}","templated":true}]}}