{"id":594679,"date":"2025-12-12T09:44:22","date_gmt":"2025-12-12T09:44:22","guid":{"rendered":"https:\/\/www.europesays.com\/fr\/594679\/"},"modified":"2025-12-12T09:44:22","modified_gmt":"2025-12-12T09:44:22","slug":"cest-une-grosse-alerte-les-universites-francaises-en-grande-difficulte-financiere-celle-de-lille-affiche-un-deficit-record","status":"publish","type":"post","link":"https:\/\/www.europesays.com\/fr\/594679\/","title":{"rendered":"\u00ab\u00a0C\u2019est une grosse alerte\u00a0\u00bb\u00a0: les universit\u00e9s fran\u00e7aises en grande difficult\u00e9 financi\u00e8re, celle de Lille affiche un d\u00e9ficit record"},"content":{"rendered":"<p class=\"\">Jusqu\u2019\u00e0 quand pourront-ils tenir ? <a href=\"https:\/\/www.leparisien.fr\/etudiant\/etudes\/universites\/on-va-dans-le-mur-des-presidents-duniversite-denoncent-un-sous-financement-chronique-LI5AHD6HHVAMRLYJ5TD5BR2G2E.php\" target=\"_blank\" rel=\"noopener\">Des pr\u00e9sidents d\u2019universit\u00e9s lancent un \u00ab cri d\u2019alarme \u00bb<\/a> sur leur situation financi\u00e8re en plein d\u00e9bat budg\u00e9taire pour 2026, un sujet sensible sur lequel le ministre de l\u2019Enseignement sup\u00e9rieur a annonc\u00e9 des assises en janvier.<\/p>\n<p class=\"\">\u00ab Il y a deux ans, j\u2019avais dit : \u00c0 l\u2019universit\u00e9, on est \u00e0 l\u2019os \u00bb et \u00ab on a attaqu\u00e9 l\u2019os \u00bb, a lanc\u00e9 mardi la pr\u00e9sidente de l\u2019<a href=\"https:\/\/www.leparisien.fr\/etudiant\/orientation\/annuaire-formations-superieures\/etb-paris-1-pantheon-sorbonne\/\" target=\"_self\" rel=\"noopener\">universit\u00e9 Paris 1 Panth\u00e9on-Sorbonne<\/a> Christine Neau-Leduc. \u00ab Quand la moelle est atteinte, c\u2019est termin\u00e9. C\u2019est un vrai cri d\u2019alarme. \u00bb<\/p>\n<p class=\"\">Pour elle, cette \u00ab situation inextricable \u00bb explique la hausse, critiqu\u00e9e, des frais d\u2019inscription vot\u00e9e la semaine derni\u00e8re par Paris 1 pour certains \u00e9tudiants \u00e9trangers extra-communautaires, apr\u00e8s d\u00e9j\u00e0 \u00ab plus de 13,5 millions d\u2019\u00e9conomies \u00bb r\u00e9alis\u00e9es en 2025.<\/p>\n<p class=\"\">Comme Paris 1, plusieurs universit\u00e9s font \u00e9tat de finances critiques. Celle de Lille, l\u2019une des plus importantes en France avec 80 000 \u00e9tudiants, pr\u00e9voit un d\u00e9ficit de 44,9 millions d\u2019euros dans son budget 2026, plus du double de celui attendu cette ann\u00e9e. \u00ab C\u2019est une grosse alerte \u00bb, avec un d\u00e9ficit d\u2019un niveau \u00ab jamais atteint \u00bb a indiqu\u00e9 son pr\u00e9sident, R\u00e9gis Bordet.<\/p>\n<p class=\"\">\u00c0 l\u2019<a href=\"https:\/\/www.leparisien.fr\/etudiant\/orientation\/annuaire-formations-superieures\/etb-uppa-universite-de-pau-et-des-pays-de-l-adour\/\" target=\"_self\" rel=\"noopener\">universit\u00e9 de Pau et des pays de l\u2019Adour<\/a> (UPPA), o\u00f9 le budget initial 2026 pr\u00e9voit un d\u00e9ficit de 4,9 millions, \u00ab on est sur une d\u00e9gradation constante de la situation financi\u00e8re \u00bb, qui est \u00ab plus que pr\u00e9occupante \u00bb, pr\u00e9vient son pr\u00e9sident, Laurent Bordes.<\/p>\n<p class=\"\">Pour l\u2019an prochain, cette universit\u00e9 pr\u00e9voit de remplacer seulement deux d\u00e9parts \u00e0 la retraite sur trois pour les enseignants-chercheurs et un sur deux pour les personnels administratifs et techniques. Elle a aussi pris d\u2019autres \u00ab mesures d\u2019\u00e9conomies \u00bb, dont une r\u00e9duction des heures compl\u00e9mentaires et vacations.<\/p>\n<p>Une dizaine d\u2019universit\u00e9s en \u00ab urgence absolue \u00bb<\/p>\n<p class=\"\">\u00c0 l\u2019<a href=\"https:\/\/www.leparisien.fr\/etudiant\/orientation\/annuaire-formations-superieures\/etb-universite-d-angers\/\" target=\"_blank\" rel=\"noreferrer noopener\">universit\u00e9 d\u2019Angers<\/a>, \u00ab nous sommes rendus \u00e0 la limite de l\u2019acceptable \u00bb, malgr\u00e9 des \u00ab efforts colossaux \u00bb men\u00e9s \u00ab depuis plus d\u2019un an \u00bb, explique sa pr\u00e9sidente Fran\u00e7oise Grolleau : \u00ab non-remplacement d\u2019une vingtaine de postes \u00bb, baisse \u00ab drastique \u00bb des budgets de fonctionnement, \u00ab r\u00e9duction a minima des budgets d\u2019investissement \u00bb\u2026<\/p>\n<p class=\"\">\u00ab C\u2019est une dizaine d\u2019universit\u00e9s qui sont dans une situation d\u2019urgence absolue \u00bb comme Angers, pr\u00e9vient Fran\u00e7oise Grolleau, regrettant \u00ab de nouvelles d\u00e9penses exog\u00e8nes impos\u00e9es chaque ann\u00e9e \u00bb.<\/p>\n<p class=\"\">L\u2019an dernier, les pr\u00e9sidents d\u2019universit\u00e9s \u00e9taient d\u00e9j\u00e0 mont\u00e9s au cr\u00e9neau en d\u00e9cembre pour d\u00e9noncer les restrictions budg\u00e9taires demand\u00e9es par le gouvernement, apr\u00e8s d\u00e9j\u00e0 plusieurs ann\u00e9es de sous-financement.<\/p>\n<p class=\"\">France Universit\u00e9s, l\u2019association qui les repr\u00e9sente, d\u00e9nonce \u00e0 nouveau cette ann\u00e9e \u00ab toujours plus de charges \u00bb. En cause : des mesures qui devraient, selon les universit\u00e9s, \u00eatre compens\u00e9es par l\u2019\u00c9tat, au nom du principe du \u00ab d\u00e9cideur-payeur \u00bb, et ne le sont pas.<\/p>\n<p class=\"\">Parmi celles-ci, la contribution au compte d\u2019affectation sp\u00e9cial des pensions des agents publics (CAS), les mesures Gu\u00e9rini (revalorisation des salaires) et, pour 2026, la nouvelle protection sociale compl\u00e9mentaire (PSC) des agents de la fonction publique. \u00ab On a chiffr\u00e9 \u00e7a, approximativement, \u00e0 400 millions d\u2019euros pour 2026 \u00bb, r\u00e9sume Lamri Adoui, pr\u00e9sident de France Universit\u00e9s et de l\u2019universit\u00e9 de Caen.<\/p>\n<p>Des assises pr\u00e9vues en janvier<\/p>\n<p class=\"\">Le ministre de l\u2019Enseignement sup\u00e9rieur Philippe Baptiste avait reconnu fin octobre des \u00ab tensions \u00bb dans la situation budg\u00e9taire des universit\u00e9s, mais avait dit vouloir \u00ab relativiser \u00bb. \u00ab Ce n\u2019est pas Zola \u00bb, avait-il ajout\u00e9, attisant le courroux des syndicats.<\/p>\n<p class=\"\">Le ministre s\u2019est montr\u00e9 plus prudent mardi, lors de l\u2019examen de la mission Recherche et enseignement sup\u00e9rieur du budget 2026 au S\u00e9nat, <a href=\"https:\/\/www.leparisien.fr\/etudiant\/etudes\/universites\/financement-des-universites-le-ministre-de-lenseignement-superieur-annonce-des-assises-en-janvier-LRMDCR3UP5FT3JZSHNKKDG47F4.php\" target=\"_self\" rel=\"noopener\">annon\u00e7ant l\u2019organisation d\u2019assises<\/a> sur le financement des universit\u00e9s en janvier.<\/p>\n<p>\u00ab\u00a0Il est ind\u00e9niable qu\u2019il existe aujourd\u2019hui un manque de lisibilit\u00e9 dans le syst\u00e8me de financement des universit\u00e9s\u00a0\u00bb<\/p>\n<p>Philippe Baptiste, ministre de l\u2019Enseignement sup\u00e9rieur<\/p>\n<p class=\"\">Il a reconnu \u00ab un manque de lisibilit\u00e9 dans le syst\u00e8me de financement des universit\u00e9s \u00bb qui \u00ab impacte les \u00e9tablissements \u00bb et appel\u00e9 \u00e0 un \u00ab \u00e9tat des lieux incontestable et partag\u00e9 \u00bb.<\/p>\n<p class=\"\">Pour le pr\u00e9sident de l\u2019universit\u00e9 de Pau, \u00ab il est temps qu\u2019on r\u00e9fl\u00e9chisse au mod\u00e8le de financement des universit\u00e9s \u00bb.<\/p>\n<p class=\"\">Mais les syndicats se montrent circonspects. Pour Christophe Bonnet, secr\u00e9taire national de la CFDT Education, \u00ab si ces assises sont l\u2019occasion de trouver des solutions, c\u2019est tr\u00e8s bien. Mais si on n\u2019a pas de solutions r\u00e9elles, \u00e7a ne sera pas d\u2019une grande utilit\u00e9. \u00bb Pour Emmanuel de Lescure, secr\u00e9taire g\u00e9n\u00e9ral du Snesup-FSU, principal syndicat enseignant du sup\u00e9rieur, il faut \u00ab que les engagements budg\u00e9taires de l\u2019\u00c9tat soient respect\u00e9s. Apr\u00e8s on pourra faire des assises. \u00bb<\/p>\n","protected":false},"excerpt":{"rendered":"Jusqu\u2019\u00e0 quand pourront-ils tenir ? Des pr\u00e9sidents d\u2019universit\u00e9s lancent un \u00ab cri d\u2019alarme \u00bb sur leur situation financi\u00e8re&hellip;\n","protected":false},"author":2,"featured_media":594680,"comment_status":"","ping_status":"","sticky":false,"template":"","format":"standard","meta":{"footnotes":""},"categories":[2815],"tags":[1111,11,1283,1777,674,1011,27,811,2684,1307,12,25,104,5973],"class_list":{"0":"post-594679","1":"post","2":"type-post","3":"status-publish","4":"format-standard","5":"has-post-thumbnail","7":"category-lille","8":"tag-actu","9":"tag-actualites","10":"tag-etudes","11":"tag-eu","12":"tag-europe","13":"tag-fr","14":"tag-france","15":"tag-hauts-de-france","16":"tag-le-parisien-etudiant","17":"tag-lille","18":"tag-news","19":"tag-republique-francaise","20":"tag-societe","21":"tag-universites"},"share_on_mastodon":{"url":"https:\/\/pubeurope.com\/@fr\/115705955252614631","error":""},"_links":{"self":[{"href":"https:\/\/www.europesays.com\/fr\/wp-json\/wp\/v2\/posts\/594679","targetHints":{"allow":["GET"]}}],"collection":[{"href":"https:\/\/www.europesays.com\/fr\/wp-json\/wp\/v2\/posts"}],"about":[{"href":"https:\/\/www.europesays.com\/fr\/wp-json\/wp\/v2\/types\/post"}],"author":[{"embeddable":true,"href":"https:\/\/www.europesays.com\/fr\/wp-json\/wp\/v2\/users\/2"}],"replies":[{"embeddable":true,"href":"https:\/\/www.europesays.com\/fr\/wp-json\/wp\/v2\/comments?post=594679"}],"version-history":[{"count":0,"href":"https:\/\/www.europesays.com\/fr\/wp-json\/wp\/v2\/posts\/594679\/revisions"}],"wp:featuredmedia":[{"embeddable":true,"href":"https:\/\/www.europesays.com\/fr\/wp-json\/wp\/v2\/media\/594680"}],"wp:attachment":[{"href":"https:\/\/www.europesays.com\/fr\/wp-json\/wp\/v2\/media?parent=594679"}],"wp:term":[{"taxonomy":"category","embeddable":true,"href":"https:\/\/www.europesays.com\/fr\/wp-json\/wp\/v2\/categories?post=594679"},{"taxonomy":"post_tag","embeddable":true,"href":"https:\/\/www.europesays.com\/fr\/wp-json\/wp\/v2\/tags?post=594679"}],"curies":[{"name":"wp","href":"https:\/\/api.w.org\/{rel}","templated":true}]}}