{"id":594683,"date":"2025-12-12T09:49:23","date_gmt":"2025-12-12T09:49:23","guid":{"rendered":"https:\/\/www.europesays.com\/fr\/594683\/"},"modified":"2025-12-12T09:49:23","modified_gmt":"2025-12-12T09:49:23","slug":"toute-lactualite-de-ce-vendredi-12-decembre-2025-a-lyon","status":"publish","type":"post","link":"https:\/\/www.europesays.com\/fr\/594683\/","title":{"rendered":"Toute l&rsquo;actualit\u00e9 de ce vendredi 12 d\u00e9cembre 2025 \u00e0 Lyon"},"content":{"rendered":"<p>A la une de l\u2019info \u00e0 Lyon : Lyon Antifafest pourra finalement avoir lieu \u00e0 la Rayonne, la lutte contre le protoxyde d\u2019azote, H\u00e9l\u00e8ne Geoffroy candidate aux municipales de 2026 \u00e0 Vaulx-en-Velin, le Pass\u2019R\u00e9gion Seniors pour les plus de 65 ans, le jeu vid\u00e9o ForIndustrie pour mettre en avant  les d\u00e9bouch\u00e9s de la fili\u00e8re industrielle\u2026.<\/p>\n<p>ECOUTEZ LE 1\/4H LYONNAIS\u2026 Toute l\u2019actualit\u00e9 de ce vendredi 12 d\u00e9cembre 2025<\/p>\n<p>LE 1\/4H LYONNAIS | vendredi 12 d\u00e9cembre 2025<\/p>\n<p>La <strong>Pr\u00e9fecture du Rh\u00f4ne<\/strong> avait pris un <strong>arr\u00eat\u00e9 d\u2019interdiction<\/strong> du <strong>Lyon Antifafest<\/strong> En particulier, les concerts programm\u00e9s ce week-end, \u00e0 <strong>la Rayonne<\/strong>. Mais les arguments de la pr\u00e9f\u00e8te ont \u00e9t\u00e9 balay\u00e9s par les juges du <strong>tribunal administratif<\/strong>. Les concerts des artistes <strong>Po\u00e9sie Z\u00e9ro<\/strong> ou encore <strong>L\u2019Allemand<\/strong> peuvent donc avoir lieu.<\/p>\n<p>La ministre d\u00e9l\u00e9gu\u00e9e <strong>Marie-Pierre Vedrenne<\/strong> se rend ce vendredi \u00e0 <strong>Mions<\/strong>. Un d\u00e9placement consacr\u00e9 \u00e0 la <strong>lutte contre le protoxyde d\u2019azote<\/strong>, ce <strong>gaz dit \u201chilarant\u201d<\/strong> dont la consommation explose dans l\u2019agglom\u00e9ration lyonnaise. Le maire, <strong>Micka\u00ebl Paccaud (LR)<\/strong>, a pris l\u2019un des premiers <strong>arr\u00eat\u00e9s d\u2019interdiction<\/strong><\/p>\n<p><strong>H\u00e9l\u00e8ne Geoffroy<\/strong>, la maire socialiste sortante de <strong>Vaulx-en-Velin<\/strong>, a annonc\u00e9 hier soir sur BFM Lyon,sa <strong>candidature aux municipales de 2026<\/strong>.<\/p>\n<p><strong>Auvergne-Rh\u00f4ne-Alpes<\/strong> lance le <strong>Pass\u2019R\u00e9gion Seniors<\/strong> pour les <strong>plus de 65 ans<\/strong>. Accessible gratuitement, il permet d\u2019acc\u00e9der \u00e0 une cagnotte de 15 \u20ac et \u00e0 des r\u00e9ductions chez 1 400 partenaires.<\/p>\n<p>Ecoutez aussi :  <a href=\"https:\/\/www.lyondemain.fr\/silkbiotic-fcn-soie-innovation\/\" target=\"_blank\" rel=\"noreferrer noopener\">FCN \/ Silkbiotic : quand la soie tisse sa toile gr\u00e2ce \u00e0 l\u2019innovation<\/a><\/p>\n<p>Egalement \u00e0 la une de l\u2019actualit\u00e9 de ce vendredi 12 d\u00e9cembre<\/p>\n<p><strong>ForIndustrie<\/strong>, ou le <strong>jeu vid\u00e9o<\/strong> pour d\u00e9couvrir les <strong><a href=\"https:\/\/www.forindustrie.fr\/\" target=\"_blank\" rel=\"noreferrer noopener\">m\u00e9tiers de l\u2019industrie<\/a><\/strong>. Les enfants de la <strong>3\u00e8me pr\u00e9pa-m\u00e9tiers <\/strong>du <strong>lyc\u00e9e Alfred de Musset \u00e0 Villeurbanne<\/strong> participent au jeu. L\u2019objectif est de <strong>se familiariser avec les d\u00e9bouch\u00e9s de la fili\u00e8re industrielle<\/strong>. Une d\u00e9marche,initi\u00e9e par <strong>EDF<\/strong>. Rencontre avec \u00e9l\u00e8ves, professeures et instigateurs de <strong>ForIndustries<\/strong>. C\u2019est un reportage sign\u00e9 <strong>Louis Demeurs<\/strong><\/p>\n<p>Nos invit\u00e9s : <strong>Marc Simon-Jean<\/strong>, directeur r\u00e9gional <strong>EDF<\/strong>, et aussi des <strong>\u00e9l\u00e8ves<\/strong> et <strong>enseignants<\/strong><\/p>\n<blockquote class=\"instagram-media\" data-instgrm-captioned=\"\" data-instgrm-permalink=\"https:\/\/www.instagram.com\/p\/DJ1ANYUgkdg\/?utm_source=ig_embed&amp;utm_campaign=loading\" data-instgrm-version=\"14\" style=\" background:#FFF; border:0; border-radius:3px; box-shadow:0 0 1px 0 rgba(0,0,0,0.5),0 1px 10px 0 rgba(0,0,0,0.15); margin: 1px; max-width:540px; min-width:326px; padding:0; width:99.375%; width:-webkit-calc(100% - 2px); width:calc(100% - 2px);\"\/>\n<p>Football : L\u2019OL a sign\u00e9 un cinqui\u00e8me succ\u00e8s en Ligue Europa<\/p>\n<p>La DNCG a prononc\u00e9 un encadrement de la masse salariale pour l\u2019OL. Mais il n\u2019est plus fait mention des indemnit\u00e9s de mutation,<\/p>\n<p>Basket : une semaine apr\u00e8s avoir fait trembler l\u2019Hapoel Tel Aviv \u00e0 Sofia, l\u2019Asvel battu avec les honneurs par le Maccabi A Tel-Aviv<\/p>\n<p>Ecoutez aussi :  <a href=\"https:\/\/www.lyondemain.fr\/actualite-de-ce-jeudi-11-decembre-lyon-info-soie-histoire-inoovation\/\" target=\"_blank\" rel=\"noreferrer noopener\">Toute l\u2019actualit\u00e9 de ce jeudi 11 d\u00e9cembre 2025 \u00e0 Lyon<\/a><\/p>\n<p><img fetchpriority=\"high\" decoding=\"async\" width=\"1200\" height=\"675\" src=\"https:\/\/www.europesays.com\/fr\/wp-content\/uploads\/2025\/12\/actualite-de-ce-vendredi-12-decembre-2025.jpg\" alt=\"actualit\u00e9 de ce vendredi 12 d\u00e9cembre  2025 info \u00e0 Lyon\" class=\"wp-image-252757\"  \/>Retrouvez aussi le Quart d\u2019Heure Lyonnais de Lyon Demain sur les antennes de Radio Pluriel (Lyon). Radio Salam (Lyon, Saint-Etienne et Bourg) et Radio Arm\u00e9nie (Lyon et Vienne)<\/p>\n<p>J\u2019aime \u00e7a\u00a0:<\/p>\n<p>J\u2019aime chargement\u2026<\/p>\n<p><a class=\"sd-link-color\"\/><\/p>\n<p>\n\tArticles similaires\n<\/p>\n<p>\t\t\t\t<img decoding=\"async\" src=\"https:\/\/www.europesays.com\/fr\/wp-content\/uploads\/2025\/12\/1765532963_875_7866158698e17e8ed633c05e8f8e7fe5d9e057ad78661c4dc34e413abb6b9f19\" alt=\"G\u00e9rald Bouchon\"\/><\/p>\n<p>Pionnier des radios libres, passionn\u00e9 de radio, journaliste et dirigeant de m\u00e9dias \u00e9co-responsables..<\/p>\n<p>\t\t\t<script async src=\"\/\/www.instagram.com\/embed.js\"><\/script><\/p>\n","protected":false},"excerpt":{"rendered":"A la une de l\u2019info \u00e0 Lyon : Lyon Antifafest pourra finalement avoir lieu \u00e0 la Rayonne, la&hellip;\n","protected":false},"author":2,"featured_media":594684,"comment_status":"","ping_status":"","sticky":false,"template":"","format":"standard","meta":{"footnotes":""},"categories":[1889],"tags":[1111,11,2190,2430,19747,4188,1777,674,70756,70757,1011,27,45547,36121,693,70758,2428,70759,21446,3434,12,978,70760,63867,13386,25,3552,5070,32111],"class_list":{"0":"post-594683","1":"post","2":"type-post","3":"status-publish","4":"format-standard","5":"has-post-thumbnail","7":"category-lyon","8":"tag-actu","9":"tag-actualites","10":"tag-asvel","11":"tag-auvergne-rhone-alpes","12":"tag-dncg","13":"tag-elections-municipales","14":"tag-eu","15":"tag-europe","16":"tag-festival-antifa","17":"tag-forindustrie","18":"tag-fr","19":"tag-france","20":"tag-gaz-hilarant","21":"tag-helene-geoffroy","22":"tag-industrie","23":"tag-jeu-vidieo","24":"tag-lyon","25":"tag-metiers-de-lindustrie","26":"tag-mions","27":"tag-municipales-2026","28":"tag-news","29":"tag-olympique-lyonnais","30":"tag-passregion-seniors","31":"tag-protoxyde-dazote","32":"tag-region-auvergne-rhone-alpes","33":"tag-republique-francaise","34":"tag-seniors","35":"tag-vaulx-en-velin","36":"tag-visite-ministerielle"},"share_on_mastodon":{"url":"https:\/\/pubeurope.com\/@fr\/115705977842383238","error":""},"_links":{"self":[{"href":"https:\/\/www.europesays.com\/fr\/wp-json\/wp\/v2\/posts\/594683","targetHints":{"allow":["GET"]}}],"collection":[{"href":"https:\/\/www.europesays.com\/fr\/wp-json\/wp\/v2\/posts"}],"about":[{"href":"https:\/\/www.europesays.com\/fr\/wp-json\/wp\/v2\/types\/post"}],"author":[{"embeddable":true,"href":"https:\/\/www.europesays.com\/fr\/wp-json\/wp\/v2\/users\/2"}],"replies":[{"embeddable":true,"href":"https:\/\/www.europesays.com\/fr\/wp-json\/wp\/v2\/comments?post=594683"}],"version-history":[{"count":0,"href":"https:\/\/www.europesays.com\/fr\/wp-json\/wp\/v2\/posts\/594683\/revisions"}],"wp:featuredmedia":[{"embeddable":true,"href":"https:\/\/www.europesays.com\/fr\/wp-json\/wp\/v2\/media\/594684"}],"wp:attachment":[{"href":"https:\/\/www.europesays.com\/fr\/wp-json\/wp\/v2\/media?parent=594683"}],"wp:term":[{"taxonomy":"category","embeddable":true,"href":"https:\/\/www.europesays.com\/fr\/wp-json\/wp\/v2\/categories?post=594683"},{"taxonomy":"post_tag","embeddable":true,"href":"https:\/\/www.europesays.com\/fr\/wp-json\/wp\/v2\/tags?post=594683"}],"curies":[{"name":"wp","href":"https:\/\/api.w.org\/{rel}","templated":true}]}}