{"id":594687,"date":"2025-12-12T09:53:14","date_gmt":"2025-12-12T09:53:14","guid":{"rendered":"https:\/\/www.europesays.com\/fr\/594687\/"},"modified":"2025-12-12T09:53:14","modified_gmt":"2025-12-12T09:53:14","slug":"le-reg-ng-arrive-sur-la-ligne-d-et-laxe-goussainville-melun","status":"publish","type":"post","link":"https:\/\/www.europesays.com\/fr\/594687\/","title":{"rendered":"Le REG NG arrive sur la ligne D et l\u2019axe Goussainville-Melun"},"content":{"rendered":"<p><img loading=\"lazy\" decoding=\"async\" alt=\"\u00a9 IDF Mobilit\u00e9s - Les rames du RER Nouvelle g\u00e9n\u00e9ration font leur apparition sur l'axe Goussainville-Melun de la ligne D. Une c\u00e9r\u00e9monie est pr\u00e9vue ce 12 d\u00e9cembre \u00e0 la gare de Melun pour c\u00e9l\u00e9brer cette arriv\u00e9e.\" data-zoom-src=\"https:\/\/www.europesays.com\/fr\/wp-content\/uploads\/2025\/12\/initial-rer-nouvelle-generation-3.jpg\" data-zoomable=\"\" height=\"702\" src=\"https:\/\/www.europesays.com\/fr\/wp-content\/uploads\/2025\/12\/initial-rer-nouvelle-generation-3.jpg\" width=\"1248\"\/>  <\/p>\n<p class=\"article-desc\">\u00a9 IDF Mobilit\u00e9s &#8211; Les rames du RER Nouvelle g\u00e9n\u00e9ration font leur apparition sur l&rsquo;axe Goussainville-Melun de la ligne D. Une c\u00e9r\u00e9monie est pr\u00e9vue ce 12 d\u00e9cembre \u00e0 la gare de Melun pour c\u00e9l\u00e9brer cette arriv\u00e9e. <\/p>\n<p>Apr\u00e8s l&rsquo;arriv\u00e9e en 2024 du <a href=\"https:\/\/mesinfos.fr\/ile-de-france\/les-nouvelles-rames-rer-ng-investissent-la-ligne-du-rer-d-213179.html\" rel=\"noopener\" target=\"_blank\">RER Nouvelle g\u00e9n\u00e9ration<\/a> (<strong>NG<\/strong>) sur l&rsquo;axe <strong>Creil-Corbeil-Essonnes<\/strong>, c&rsquo;est au tour de l&rsquo;axe <strong>Goussainville-Melun<\/strong>, sur la ligne D du RER (la plus longue d\u2019\u00cele-de-France avec 194 km), d&rsquo;accueillir ce <strong>nouveau mat\u00e9riel plus confortable<\/strong>, plus accessible et plus connect\u00e9. Con\u00e7u par Alstom, il va suppl\u00e9er l\u2019ensemble des rames Z2N qui circulaient jusque-l\u00e0 sur cette <a href=\"https:\/\/mesinfos.fr\/91330-yerres\/rer-d-passe-d-armes-entre-nicolas-dupont-aignan-et-francois-durovray-233004.html\" rel=\"noopener\" target=\"_blank\">ligne D<\/a>. <\/p>\n<p>Pour c\u00e9l\u00e9brer ce changement de mat\u00e9riel, une <strong>c\u00e9r\u00e9monie<\/strong> va se d\u00e9rouler en deux temps ce vendredi 12 d\u00e9cembre. A 10 h, tout d\u2019abord, en gare de Montgeron-Crosne (Essonne), plusieurs \u00e9lus, dont <strong>Val\u00e9rie P\u00e9cresse<\/strong>, pr\u00e9sidente (LR) de la R\u00e9gion \u00cele-de-France, monteront \u00e0 bord de l\u2019une de ces nouvelles rames. Ensuite, \u00e0 11 h 19 pr\u00e9cis\u00e9ment, le train transportant les \u00e9lus arrivera en gare de Melun o\u00f9 un coup\u00e9 de ruban aura lieu.<\/p>\n<p>  <strong>La mise en service des RER NG s\u2019acc\u00e9l\u00e8re <\/strong> <\/p>\n<p>Outre <a href=\"https:\/\/mesinfos.fr\/ile-de-france\/budget-2026-valerie-pecresse-denonce-une-saignee-des-recettes-en-ile-de-france-235206.html\" rel=\"noopener\" target=\"_blank\">Val\u00e9rie P\u00e9cresse<\/a> seront \u00e9galement pr\u00e9sents <a href=\"https:\/\/mesinfos.fr\/ile-de-france\/jean-francois-parigi-l-etat-nous-doit-plus-de-2-milliards-d-euros-220574.html\" rel=\"noopener\" target=\"_blank\">Jean-Fran\u00e7ois Parigi<\/a>, pr\u00e9sident (LR) du D\u00e9partement de Seine-et-Marne, <strong>Fran\u00e7ois Durovray<\/strong>, son homologue (LR) du D\u00e9partement de l\u2019Essonne et ministre \u00e9ph\u00e9m\u00e8re des Transports dans le gouvernement Barnier (21 septembre-23 d\u00e9cembre 2024), <strong>Kadir Mebarek<\/strong>, maire (Horizons) de Melun, et <strong>Sylvie Carillon<\/strong>, maire (LR) de Montgeron. <\/p>\n<p>Depuis le vote, le 10 avril dernier, par le conseil d\u2019administration d\u2019\u00cele-de-France Mobilit\u00e9s\u00a0(IDFM),\u00a0d\u2019une commande de 96 trains suppl\u00e9mentaires (pour 2,1 milliards d\u2019euros), la mise en service des <strong>RER NG<\/strong> s\u2019acc\u00e9l\u00e8re. Celui qui va se rendre \u00e0 la gare de Melun aujourd\u2019hui fait, en effet, partie des 36 nouveaux trains NG affect\u00e9s \u00e0 la ligne D. D\u2019ici 2029, on devrait en compter 132 sur l\u2019ensemble de la ligne.<\/p>\n","protected":false},"excerpt":{"rendered":"\u00a9 IDF Mobilit\u00e9s &#8211; Les rames du RER Nouvelle g\u00e9n\u00e9ration font leur apparition sur l&rsquo;axe Goussainville-Melun de la&hellip;\n","protected":false},"author":2,"featured_media":594688,"comment_status":"","ping_status":"","sticky":false,"template":"","format":"standard","meta":{"footnotes":""},"categories":[1592],"tags":[1111,11,1777,674,1011,27,662,12,626,25],"class_list":{"0":"post-594687","1":"post","2":"type-post","3":"status-publish","4":"format-standard","5":"has-post-thumbnail","7":"category-ile-de-france","8":"tag-actu","9":"tag-actualites","10":"tag-eu","11":"tag-europe","12":"tag-fr","13":"tag-france","14":"tag-ile-de-france","15":"tag-news","16":"tag-paris","17":"tag-republique-francaise"},"share_on_mastodon":{"url":"","error":""},"_links":{"self":[{"href":"https:\/\/www.europesays.com\/fr\/wp-json\/wp\/v2\/posts\/594687","targetHints":{"allow":["GET"]}}],"collection":[{"href":"https:\/\/www.europesays.com\/fr\/wp-json\/wp\/v2\/posts"}],"about":[{"href":"https:\/\/www.europesays.com\/fr\/wp-json\/wp\/v2\/types\/post"}],"author":[{"embeddable":true,"href":"https:\/\/www.europesays.com\/fr\/wp-json\/wp\/v2\/users\/2"}],"replies":[{"embeddable":true,"href":"https:\/\/www.europesays.com\/fr\/wp-json\/wp\/v2\/comments?post=594687"}],"version-history":[{"count":0,"href":"https:\/\/www.europesays.com\/fr\/wp-json\/wp\/v2\/posts\/594687\/revisions"}],"wp:featuredmedia":[{"embeddable":true,"href":"https:\/\/www.europesays.com\/fr\/wp-json\/wp\/v2\/media\/594688"}],"wp:attachment":[{"href":"https:\/\/www.europesays.com\/fr\/wp-json\/wp\/v2\/media?parent=594687"}],"wp:term":[{"taxonomy":"category","embeddable":true,"href":"https:\/\/www.europesays.com\/fr\/wp-json\/wp\/v2\/categories?post=594687"},{"taxonomy":"post_tag","embeddable":true,"href":"https:\/\/www.europesays.com\/fr\/wp-json\/wp\/v2\/tags?post=594687"}],"curies":[{"name":"wp","href":"https:\/\/api.w.org\/{rel}","templated":true}]}}