{"id":594689,"date":"2025-12-12T09:54:23","date_gmt":"2025-12-12T09:54:23","guid":{"rendered":"https:\/\/www.europesays.com\/fr\/594689\/"},"modified":"2025-12-12T09:54:23","modified_gmt":"2025-12-12T09:54:23","slug":"sept-livres-cinema-a-glisser-sous-le-sapin-des-cinephiles","status":"publish","type":"post","link":"https:\/\/www.europesays.com\/fr\/594689\/","title":{"rendered":"sept\u00a0livres cin\u00e9ma \u00e0 glisser sous le sapin des cin\u00e9philes"},"content":{"rendered":"<p>Cin\u00e9ma japonais, manga, Marilyn, des beaux livres, des guides, des bandes dessin\u00e9es, des biographies&#8230; La r\u00e9daction de franceinfo\u00a0Culture vous propose une s\u00e9lection de sept\u00a0livres qui racontent le cin\u00e9ma, \u00e0 offrir aux cin\u00e9philes. D&rsquo;autres <a href=\"https:\/\/www.franceinfo.fr\/culture\/livres\/beaux-livres\/voici-onze-beaux-livres-incontournables-a-s-offrir-a-noel_7637018.html\" target=\"_blank\" rel=\"noopener\">id\u00e9es de beaux livres<\/a> et de <a href=\"https:\/\/www.franceinfo.fr\/culture\/spectacles\/danse\/les-spectacles-de-danse-et-les-comedies-musicales-a-deguster-sans-moderation-a-paris-pendant-les-fetes_7641293.html\" target=\"_blank\" rel=\"noopener\">sorties pour les f\u00eates de fin d&rsquo;ann\u00e9e<\/a> sont \u00e0 retrouver sur notre site.<\/p>\n<p>\u00ab\u00a0Le Meilleur du cin\u00e9ma pour les enfants. Les films incontournables \u00e0 montrer aux plus grands \u00e0 partir de 7\u00a0ans\u00a0!\u00a0\u00bb<\/p>\n<p>    <img decoding=\"async\" class=\"cms-media-image lazyload\" alt=\"Couverture du livre \" le=\"\" meilleur=\"\" du=\"\" cin=\"\" pour=\"\" les=\"\" enfants.=\"\" films=\"\" incontournables=\"\" montrer=\"\" aux=\"\" plus=\"\" grands=\"\" partir=\"\" de=\"\" paru=\"\" jeunesse=\"\" width=\"720\" height=\"951.49367088608\" data- src=\"https:\/\/www.europesays.com\/fr\/wp-content\/uploads\/2025\/12\/le-meilleur-du-cinema-692ebd9d3954c076398247.jpg\"\/><\/p>\n<p>      Couverture du livre \u00ab\u00a0Le Meilleur du cin\u00e9ma pour les enfants. Les films incontournables \u00e0 montrer aux plus grands \u00e0 partir de 7\u00a0ans\u00a0!\u00a0\u00bb, paru le 3\u00a0octobre\u00a02025. (SEUIL JEUNESSE)<\/p>\n<p>Voici un guide concoct\u00e9 par Benshi, une plateforme de diffusion lanc\u00e9e par le Studio des Ursulines, salle de cin\u00e9ma ind\u00e9pendante sp\u00e9cialis\u00e9e dans la programmation de films art &amp;\u00a0essai pour le jeune public. De La Folie des grandeurs \u00e0 Tomboy, en passant par Charlie et la chocolaterie ou encore Microcosmos\u00a0: le peuple de l&rsquo;herbe, le livre pr\u00e9sente des centaines de films, anim\u00e9s, documentaires, classiques, connus ou moins connus&#8230; Chaque film a droit \u00e0 sa double-page, avec sa pr\u00e9sentation (son r\u00e9alisateur, son titre, sa dur\u00e9e, son genre, son synopsis, l&rsquo;\u00e2ge \u00e0 partir duquel on peut proposer le film&#8230;), mais aussi l&rsquo;avis des sp\u00e9cialistes, un petit encadr\u00e9 sur les \u00ab\u00a0bonnes raisons de voir le film\u00a0\u00bb, les th\u00e8mes abord\u00e9s et des suggestions pour d&rsquo;autres films si celui-l\u00e0 a plu. Des questions sont aussi pos\u00e9es aux enfants pour tester leur attention. Illustr\u00e9 par les dessins rigolos de Clotilde Szymanski, ce guide ludique et pratique est une excellente mani\u00e8re de faire d\u00e9couvrir le cin\u00e9ma aux enfants, de stimuler et d&rsquo;affiner leur go\u00fbt pour le 7e\u00a0art. Pour les enfants plus petits, le premier guide est toujours disponible\u00a0: Le Meilleur du cin\u00e9ma pour les enfants. Les films incontournables \u00e0 montrer aux 3-6\u00a0ans.<\/p>\n<p><strong>(Seuil Jeunesse, 248\u00a0pages, 21\u00a0euros)<\/strong><\/p>\n<p>\u00ab\u00a0Destination anim\u00e9\u00a0!\u00a0: d\u00e9couvrez les lieux cultes du studio Ghibli\u00a0\u00bb de Barbara Rossi<\/p>\n<p>    <img decoding=\"async\" class=\"cms-media-image lazyload\" alt=\"Couverture du livre \" destination=\"\" anim=\"\" d=\"\" les=\"\" lieux=\"\" cultes=\"\" du=\"\" studio=\"\" ghibli=\"\" de=\"\" barbara=\"\" rossi=\"\" paru=\"\" le=\"\" editions=\"\" width=\"720\" height=\"1014.0845070423\" data- src=\"https:\/\/www.europesays.com\/fr\/wp-content\/uploads\/2025\/12\/ghibli-couv-692ebebce214c881675430.jpg\"\/><\/p>\n<p>      Couverture du livre \u00ab\u00a0Destination anim\u00e9\u00a0!\u00a0: d\u00e9couvrez les lieux cultes du studio Ghibli\u00a0\u00bb de Barbara Rossi, paru le 15\u00a0octobre\u00a02025. (YNNIS EDITIONS)<\/p>\n<p>Ce petit guide des lieux cultes du fameux studio japonais fait partie d&rsquo;une s\u00e9rie qui nous invite \u00e0 visiter le monde \u00e0 travers l&rsquo;animation. Ainsi, on retrouve dans cet ouvrage con\u00e7u comme un carnet de voyage la for\u00eat de Totoro, les ruelles de Strasbourg, Colmar, Obernai, Riquewihr du Ch\u00e2teau ambulant, les maisons color\u00e9es de Stockholm vues dans Kiki la petite sorci\u00e8re&#8230; Avec des photos, des plans, des images extraites des anim\u00e9s, un QR\u00a0code qui nous transporte directement \u00e0 l&rsquo;adresse indiqu\u00e9e, et des textes informatifs sur les lieux visit\u00e9s, sign\u00e9s par Barbara Rossi, sp\u00e9cialiste italienne du genre, ce livre propose une belle balade \u00e0 travers le monde et un passeport pour l&rsquo;\u00e9motion pour les amoureux des films cultes des studios Ghibli. Au Japon, ce tourisme existe vraiment, on l&rsquo;appelle le \u00ab\u00a0seichi junrei\u00a0\u00bb, (\u00ab\u00a0p\u00e8lerinage en terre sacr\u00e9e\u00a0\u00bb).<\/p>\n<p><strong>(Ynnis \u00e9ditions, 160\u00a0pages, 19,95\u00a0euros)<\/strong><\/p>\n<p>\u00ab\u00a0Le Guide ultime de l&rsquo;anim\u00e9. 100\u00a0s\u00e9ries et films d&rsquo;animation incontournables\u00a0\u00bb de Joe O&rsquo;Connell<\/p>\n<p>    <img decoding=\"async\" class=\"cms-media-image lazyload\" alt=\"&quot;Le Guide ultime de l'anim\u00e9. 100\u00a0s\u00e9ries et films d'animation incontournables&quot; de Joe O'Connell, paru le 8\u00a0octobre\u00a02025. (EDITIONS CHENE)\" width=\"720\" height=\"929.43201376936\" data- src=\"https:\/\/www.europesays.com\/fr\/wp-content\/uploads\/2025\/12\/guide-anime-692ec004d1bc0310317550.jpg\"\/><\/p>\n<p>      \u00ab\u00a0Le Guide ultime de l&rsquo;anim\u00e9. 100\u00a0s\u00e9ries et films d&rsquo;animation incontournables\u00a0\u00bb de Joe O&rsquo;Connell, paru le 8\u00a0octobre\u00a02025. (EDITIONS CHENE)<\/p>\n<p>De Dragon Ball au Voyage de Chihiro, en passant par Naruto, L&rsquo;Attaque des Titans, ce livre est une v\u00e9ritable bible de l&rsquo;anim\u00e9. L&rsquo;auteur, cr\u00e9ateur de Beyond Chibli, une cha\u00eene Youtube d\u00e9di\u00e9e au manga, scrute et \u00e9claire toutes les dimensions de ce genre pl\u00e9biscit\u00e9 depuis ses origines. Toutes les \u0153uvres embl\u00e9matiques y sont d\u00e9cortiqu\u00e9es, et les plus grands r\u00e9alisateurs pr\u00e9sent\u00e9s (Miyazaki, Otomo, Hosoda&#8230;). L&rsquo;ouvrage, richement illustr\u00e9, explique les codes, les genres, et nous fait entrer dans les coulisses de cet univers passionnant.<\/p>\n<p><strong>(\u00c9ditions du Ch\u00eane, traduit de l&rsquo;anglais par Jean-Baptiste Bonaventure, 304\u00a0pages, 39,90\u00a0euros)<\/strong><\/p>\n<p>\u00ab\u00a0Moi, Orson Welles. Entretiens avec Peter Bogdanovich\u00a0\u00bb<\/p>\n<p>    <img loading=\"lazy\" decoding=\"async\" class=\"cms-media-image lazyload\" alt=\"Couverture du livre \" moi=\"\" orson=\"\" welles.=\"\" entretiens=\"\" avec=\"\" peter=\"\" bogdanovich=\"\" width=\"720\" height=\"906\" data- src=\"https:\/\/www.europesays.com\/fr\/wp-content\/uploads\/2025\/12\/19-9791023907827-1-75-6932ff7843dc5321090627.jpg\"\/><\/p>\n<p>      Couverture du livre \u00ab\u00a0Moi, Orson Welles. Entretiens avec Peter Bogdanovich\u00a0\u00bb. (CAPRICCI)<\/p>\n<p>Une r\u00e9\u00e9dition de taille, de poids et de classe. Sorti initialement au d\u00e9but des ann\u00e9es\u00a01990, cet ouvrage d&rsquo;entretiens entre deux grands cin\u00e9astes fait l&rsquo;objet d&rsquo;une nouvelle parution actualis\u00e9e, sous forme de beau livre. Cette sortie accompagne <a href=\"https:\/\/www.franceinfo.fr\/culture\/arts-expos\/orson-welles-a-la-cinematheque-dix-choses-que-nous-avons-apprises-dans-l-exposition-sur-ce-geant-du-7e-art_7566196.html\" data-tooltip-url=\"https:\/\/www.franceinfo.fr\/culture\/arts-expos\/orson-welles-a-la-cinematheque-dix-choses-que-nous-avons-apprises-dans-l-exposition-sur-ce-geant-du-7e-art_7566196.html\" target=\"_blank\" rel=\"noopener\">l&rsquo;exposition My Name is Orson Welles<\/a> \u00e0 la Cin\u00e9math\u00e8que fran\u00e7aise (jusqu&rsquo;au 11\u00a0janvier\u00a02026). Orson Welles (1915-1985), ce sont des chefs-d&rsquo;\u0153uvre du cin\u00e9ma mondial comme Citizen Kane (1941) et La Splendeur des Amberson (1942) en tant que r\u00e9alisateur, ou encore Le\u00a0Troisi\u00e8me Homme (1949) de Carol Reed en tant qu&rsquo;acteur. Peter Bogdanovich (1939-2022), c&rsquo;est le Nouvel Hollywood, des films comme La\u00a0Derni\u00e8re S\u00e9ance (1971) et beaucoup d&rsquo;ouvrages sur le cin\u00e9ma. Il a \u00e9t\u00e9 dirig\u00e9 par Welles et a eu l&rsquo;opportunit\u00e9 de terminer l&rsquo;un de ses films inachev\u00e9s. Bogdanovich a servi Welles avec enthousiasme en tant qu&rsquo;acteur, il a suivi son travail en tant que cin\u00e9aste, il l&rsquo;a admir\u00e9 follement en tant que cin\u00e9phile. Tout en noir et blanc, l&rsquo;ouvrage regorge d&rsquo;anecdotes, de confidences, au gr\u00e9 des souvenirs essaim\u00e9s par Peter Bogdanovich, et bien s\u00fbr de leurs conversations capt\u00e9es en diff\u00e9rents coins du globe, de Rome \u00e0 Mexico en passant par Paris. L&rsquo;iconographie est splendide, riche de photos en grand format de tournages et de repr\u00e9sentations au th\u00e9\u00e2tre, remontant jusqu&rsquo;aux ann\u00e9es\u00a01930. Et dans les annexes, on trouve notamment une version originale condens\u00e9e du sc\u00e9nario de Welles pour La\u00a0Splendeur des Amberson.<\/p>\n<p><strong>(Capricci, 328\u00a0pages, 45\u00a0euros)<\/strong><br \/><strong\/><\/p>\n<p>\u00ab\u00a0Une histoire de cin\u00e9mas\u00a0\u00bb ou les 130\u00a0ans du 7e\u00a0art illustr\u00e9s de M\u00e9lanie Toubeau<\/p>\n<p>    <img decoding=\"async\" class=\"cms-media-image lazyload\" alt=\"Couverture de \" une=\"\" histoire=\"\" de=\"\" cin=\"\" m=\"\" toubeau=\"\" et=\"\" simon=\"\" delart=\"\" width=\"720\" height=\"977.79924111763\" data- src=\"https:\/\/www.europesays.com\/fr\/wp-content\/uploads\/2025\/12\/a-6930192f5b37c576744151.jpg\"\/><\/p>\n<p>      Couverture de \u00ab\u00a0Une histoire de cin\u00e9mas\u00a0\u00bb de M\u00e9lanie Toubeau et Simon Delart (SIMON DELART)<\/p>\n<p>C&rsquo;est un livre pour futurs cin\u00e9philes, pour les amoureux de l&rsquo;histoire du cin\u00e9ma, et la sentence de Jean-Luc Godard qui conclut cette petite encyclop\u00e9die r\u00e9sume l&rsquo;ouvrage\u00a0: \u00ab\u00a0Je ne veux parler que de cin\u00e9ma, pourquoi parler d&rsquo;autre chose\u00a0? Avec le cin\u00e9ma, on parle de tout, on arrive \u00e0 tout.\u00a0\u00bb<\/p>\n<p> D&rsquo;\u00c9tienne-Jules Marey et son fusil chronophotographique \u00e0 Jordan Peele et son Get\u00a0Out en 2017, en passant par le perfectionniste Stanley Kubrick qui d\u00e9clare\u00a0: \u00ab\u00a0Je ne sais pas toujours ce que je veux, mais je sais ce que je ne veux pas\u00a0\u00bb, cette histoire de cin\u00e9mas, au pluriel, embrasse les 130\u00a0ans de cette invention qui a chang\u00e9 le monde.<\/p>\n<p>Tout le 7e\u00a0art y passe. M\u00e9lanie Toubeau d\u00e9crypte les techniques qui ont jalonn\u00e9 le si\u00e8cle, comme ce fracassant passage du muet au parlant. Elle dessine les portraits d&rsquo;illustres du cin\u00e9ma, comme avec Agn\u00e8s Varda, r\u00e9inventant le \u00ab\u00a0cin\u00e9ma-v\u00e9rit\u00e9\u00a0\u00bb en tournant \u00ab\u00a0pas cher, vite et en toute libert\u00e9\u00a0\u00bb. Elle fait d\u00e9couvrir au lecteur les m\u00e9tiers avec ce passionnant chapitre\u00a033 sur les monteurs du Nouvel\u00a0Hollywood qui ont r\u00e9volutionn\u00e9 l&rsquo;\u00e9criture du cin\u00e9ma. Moteur pour les 45\u00a0histoires de la passionnante aventure de cin\u00e9mas, au pluriel, 130\u00a0ans apr\u00e8s l&rsquo;invention des fr\u00e8res Lumi\u00e8re.<\/p>\n<p><strong>(Webedia Books, 224\u00a0pages, 35\u00a0euros)<\/strong><\/p>\n<dl class=\"book_details\">\n<dd\/>\n<\/dl>\n<p>\u00ab\u00a0Dictionnaire du cin\u00e9ma japonais en 113<strong>\u00a0<\/strong>cin\u00e9astes\u00a0\u00bb, sous la direction de Pascal-Alex Vincent<\/p>\n<p>    <img decoding=\"async\" class=\"cms-media-image lazyload\" alt=\"Couverture du \" dictionnaire=\"\" du=\"\" cin=\"\" japonais=\"\" en=\"\" sous=\"\" la=\"\" direction=\"\" de=\"\" pascal-alex=\"\" vincent=\"\" publi=\"\" le=\"\" width=\"720\" height=\"1012.7472527473\" data- src=\"https:\/\/www.europesays.com\/fr\/wp-content\/uploads\/2025\/12\/dictionnaire-cinema-japonais-en-113-cineastes-692ec1c3ac3e6453195392.jpeg\"\/><\/p>\n<p>      Couverture du \u00ab\u00a0Dictionnaire du cin\u00e9ma japonais en 113\u00a0cin\u00e9astes\u00a0\u00bb, sous la direction de Pascal-Alex Vincent, publi\u00e9 le 23\u00a0octobre\u00a02025. (CARLOTTA)<\/p>\n<p>Ce dictionnaire, devenu une r\u00e9f\u00e9rence sur le cin\u00e9ma japonais, propose une nouvelle \u00e9dition augment\u00e9e de la version parue en 2016. Une r\u00e9daction collective (dont quatre auteurs japonais) dirig\u00e9e par Pascal-Alex Vincent pr\u00e9sente 113<strong>\u00a0<\/strong>cin\u00e9astes ayant travaill\u00e9 pendant l&rsquo;\u00e2ge d&rsquo;or du cin\u00e9ma nippon, entre 1935 et 1975. \u00c0 travers leur biographie et leurs \u0153uvres, les auteurs offrent un \u00e9clairage pr\u00e9cieux sur l&rsquo;un des plus prolifique et plus riche cin\u00e9ma au monde, travers\u00e9 par tous les genres, du \u00ab\u00a0Kaiju eiga\u00a0\u00bb (film de monstres), inaugur\u00e9 entre autres par Godzilla, en 1954, ou encore le cin\u00e9ma historique, (\u00ab\u00a0Jidei-Geki\u00a0\u00bb) pour encore le cin\u00e9ma fantastique ou le cin\u00e9ma du quotidien, incarn\u00e9 par Ozu. Tr\u00e8s document\u00e9, truff\u00e9 d&rsquo;anecdotes et d&rsquo;informations li\u00e9es au cin\u00e9ma, mais aussi \u00e0 la culture japonaise, ce dictionnaire est une bible pour les amateurs de cin\u00e9ma nippon.<\/p>\n<p><strong>(Carlotta Films, 345\u00a0pages, 20\u00a0euros)<\/strong><strong\/><\/p>\n<p>\u00ab\u00a0Ch\u00e8re Marilyn. Les lettres et les photos in\u00e9dites\u00a0\u00bb de Sam Shaw<\/p>\n<p>    <img decoding=\"async\" class=\"cms-media-image lazyload\" alt=\"Couverture du livre \" ch=\"\" marilyn=\"\" de=\"\" sam=\"\" shaw=\"\" publi=\"\" aux=\"\" gl=\"\" le=\"\" width=\"720\" height=\"821.15702479339\" data- src=\"https:\/\/www.europesays.com\/fr\/wp-content\/uploads\/2025\/12\/marylin-1000010686-69370313eaaa4980814931.jpg\"\/><\/p>\n<p>      Couverture du livre \u00ab\u00a0Ch\u00e8re Marilyn\u00a0\u00bb de Sam Shaw, publi\u00e9 aux \u00e9ditions Gl\u00e9nat le 22\u00a0octobre\u00a02025. (SAM SHAW)<\/p>\n<p>Sam Shaw est l&rsquo;auteur d&rsquo;une photo l\u00e9gendaire, sans doute la plus connue de Marilyn. Sur le tournage du film Sept\u00a0ans de r\u00e9flexion, la star marche sur une grille de m\u00e9tro, sa robe pliss\u00e9e s&rsquo;envole et d\u00e9voile ses jambes sous le regard amus\u00e9 de son partenaire. L&rsquo;actrice et le photographe se sont li\u00e9s d&rsquo;amiti\u00e9 en 1950, sur le plateau d&rsquo;un film d&rsquo;Elia Kazan. Norma Jean n&rsquo;est encore qu&rsquo;une figurante parfaitement inconnue. Il la suivra sur les plateaux durant toute sa carri\u00e8re et ils entretiendront une longue et intime correspondance.<\/p>\n<p>Marilyn conserva les lettres de son fid\u00e8le ami jusqu&rsquo;\u00e0 sa mort tragique en 1962. Elles disparurent pendant un demi-si\u00e8cle avant de r\u00e9appara\u00eetre dans une vente aux ench\u00e8res en 2014. La famille de Sam Shaw a alors pu les acqu\u00e9rir et les mettre en lieu s\u00fbr, avec beaucoup de photos de Marilyn qu&rsquo;il avait prises. D&rsquo;abord photographe de presse, ce New-Yorkais \u00e9tait un grand amateur de peinture. Les autoportraits de Rembrandt \u00e9taient sa source d&rsquo;inspiration principale.<\/p>\n<p>Sur de petites feuilles num\u00e9rot\u00e9es commen\u00e7ant invariablement par \u00ab\u00a0Ch\u00e8re Marilyn\u00a0\u00bb, il lui conseille des expositions, des livres d&rsquo;art, des films. Il la sermonne aussi parfois en lui conseillant d&rsquo;\u00e9viter \u00ab\u00a0tout battage m\u00e9diatique\u00a0\u00bb. \u00ab\u00a0Amuse-toi, mais ne leur donne pas l&rsquo;occasion de te d\u00e9molir\u00a0\u00bb, \u00e9crit-il. \u00ab\u00a0Habille-toi chic \u2013\u00a0il ne s&rsquo;agit pas de snobisme\u00a0\u2013 arr\u00eate de comprimer tes formes.\u00a0\u00bb<\/p>\n<p>Comme un grand fr\u00e8re, Sam Shaw veille sur sa cadette de 14\u00a0ans, qu&rsquo;il consid\u00e8re comme un membre de sa propre famille. Ce grand (29&#215;33\u00a0cm) et tr\u00e8s beau livre reproduit ses lettres touchantes et d\u00e9voile une multitude de photos sublimes, essentiellement en noir et blanc, de Marilyn Monroe \u00e0 tous les \u00e2ges de sa courte vie. Ces photos parfois in\u00e9dites rappellent quel immense photographe il \u00e9tait, et racontent, mieux que les mots encore, leur belle histoire d&rsquo;amiti\u00e9.<\/p>\n<p><strong>(\u00c9ditions Gl\u00e9nat, 240\u00a0pages, 39,95\u00a0euros)<\/strong><\/p>\n","protected":false},"excerpt":{"rendered":"Cin\u00e9ma japonais, manga, Marilyn, des beaux livres, des guides, des bandes dessin\u00e9es, des biographies&#8230; La r\u00e9daction de franceinfo\u00a0Culture&hellip;\n","protected":false},"author":2,"featured_media":594690,"comment_status":"","ping_status":"","sticky":false,"template":"","format":"standard","meta":{"footnotes":""},"categories":[1888],"tags":[1111,1928,11,1927,1777,674,1011,27,12,1926,626,1925,25],"class_list":{"0":"post-594689","1":"post","2":"type-post","3":"status-publish","4":"format-standard","5":"has-post-thumbnail","7":"category-paris","8":"tag-actu","9":"tag-actu-paris","10":"tag-actualites","11":"tag-actualites-paris","12":"tag-eu","13":"tag-europe","14":"tag-fr","15":"tag-france","16":"tag-news","17":"tag-news-paris","18":"tag-paris","19":"tag-paris-news","20":"tag-republique-francaise"},"share_on_mastodon":{"url":"https:\/\/pubeurope.com\/@fr\/115705997749444437","error":""},"_links":{"self":[{"href":"https:\/\/www.europesays.com\/fr\/wp-json\/wp\/v2\/posts\/594689","targetHints":{"allow":["GET"]}}],"collection":[{"href":"https:\/\/www.europesays.com\/fr\/wp-json\/wp\/v2\/posts"}],"about":[{"href":"https:\/\/www.europesays.com\/fr\/wp-json\/wp\/v2\/types\/post"}],"author":[{"embeddable":true,"href":"https:\/\/www.europesays.com\/fr\/wp-json\/wp\/v2\/users\/2"}],"replies":[{"embeddable":true,"href":"https:\/\/www.europesays.com\/fr\/wp-json\/wp\/v2\/comments?post=594689"}],"version-history":[{"count":0,"href":"https:\/\/www.europesays.com\/fr\/wp-json\/wp\/v2\/posts\/594689\/revisions"}],"wp:featuredmedia":[{"embeddable":true,"href":"https:\/\/www.europesays.com\/fr\/wp-json\/wp\/v2\/media\/594690"}],"wp:attachment":[{"href":"https:\/\/www.europesays.com\/fr\/wp-json\/wp\/v2\/media?parent=594689"}],"wp:term":[{"taxonomy":"category","embeddable":true,"href":"https:\/\/www.europesays.com\/fr\/wp-json\/wp\/v2\/categories?post=594689"},{"taxonomy":"post_tag","embeddable":true,"href":"https:\/\/www.europesays.com\/fr\/wp-json\/wp\/v2\/tags?post=594689"}],"curies":[{"name":"wp","href":"https:\/\/api.w.org\/{rel}","templated":true}]}}