{"id":59469,"date":"2025-04-28T14:40:11","date_gmt":"2025-04-28T14:40:11","guid":{"rendered":"https:\/\/www.europesays.com\/fr\/59469\/"},"modified":"2025-04-28T14:40:11","modified_gmt":"2025-04-28T14:40:11","slug":"cedric-vasseur-il-nous-reste-encore-du-travail-actualite","status":"publish","type":"post","link":"https:\/\/www.europesays.com\/fr\/59469\/","title":{"rendered":"C\u00e9dric Vasseur : \u00ab Il nous reste encore du travail \u00bb &#8211; Actualit\u00e9"},"content":{"rendered":"<p style=\"text-align: justify;\"><strong>L\u2019honneur est sauf pour la formation Cofidis. Apr\u00e8s \u00eatre pass\u00e9 totalement au travers lors de l\u2019Amstel Gold Race et de la Fl\u00e8che Wallonne &#8211; deux coureurs \u00e0 l\u2019arriv\u00e9e par deux fois, aucun dans le Top 40 -, la structure nordiste a vu son leader espagnol Alex Aranburu, Champion national en titre, arracher une place en fond de Top 15 ce dimanche, lors de Li\u00e8ge-Bastogne-Li\u00e8ge (<strong><a href=\"https:\/\/www.directvelo.com\/actualite\/120239\/liege-bastogne-liege-classement\" target=\"_blank\" rel=\"noopener\">voir classement<\/a><\/strong>). \u201cOn a toujours envie d\u2019un r\u00e9sultat sup\u00e9rieur, bien s\u00fbr, mais \u00e7a reste correct. Alex tient son rang\u201d, synth\u00e9tise C\u00e9dric Vasseur aupr\u00e8s de DirectVelo. Le manager g\u00e9n\u00e9ral des rouge-et-jaune ne s\u2019attendait pas \u00e0 un miracle sur la Doyenne. \u201cQuand on a un Tadej Pogacar au d\u00e9part, il est quasiment impossible de lutter pour la victoire malheureusement mais on essaie de se battre pour une place d\u2019honneur\u201d, reprend l\u2019ancien coureur professionnel, qui a vu ses coureurs subir durant la derni\u00e8re heure. \u201cC\u2019\u00e9tait une course difficile comme toujours. Li\u00e8ge-Bastogne-Li\u00e8ge est \u00e0 chaque fois une course qui s\u2019adresse aux hommes forts. De notre c\u00f4t\u00e9, on a essay\u00e9 de faire le meilleur r\u00e9sultat possible avec Alex Aranburu. Un Top 15 sur un Monument, c\u2019est honorable. Ion Izagirre \u00e9tait pas mal mais malheureusement, on a p\u00each\u00e9 dans le placement avant la Redoute. Or, c\u2019est clairement l\u00e0 que la course s\u2019est faite et d\u00e9cid\u00e9e\u201d.<br \/>DYLAN TEUNS EST PASS\u00c9 \u00c0 C\u00d4T\u00c9<br \/>C\u00e9dric Vasseur tient tout de m\u00eame \u00e0 souligner le travail de l\u2019ombre de certains de ses coureurs \u00e0 Li\u00e8ge. \u201cSylvain Moniquet avait fait un gros travail en amont, Paul Ourselin et Valentin Ferron \u00e9galement\u201d. Grosse ombre au tableau, le nouvel \u00e9chec de Dylan Teuns, l\u2019une des recrues phares de l\u2019intersaison, qui sera pass\u00e9 totalement au travers de ses Classiques avec pour meilleur r\u00e9sultat une 30e place lors de la Fl\u00e8che braban\u00e7onne sur l\u2019ensemble des huit courses d\u2019un jour qu\u2019il vient d\u2019encha\u00eener. \u201cIl nous a rapidement dit qu\u2019il n\u2019\u00e9tait pas dans une superbe journ\u00e9e. Il n\u2019a pas pu trouver son rythme, \u00e7a n\u2019allait pas\u2026 C\u2019est une p\u00e9riode de Classiques \u00e0 oublier pour lui. On attendait mieux de Dylan, c\u2019est s\u00fbr\u201d.<br \/>UN NOUVEAU CHAPITRE QUI D\u00c9BUTE EN ROMANDIE<\/strong><\/p>\n<p>Le manager assure que le bilan du printemps reste tout de m\u00eame globalement satisfaisant. \u201cDe fa\u00e7on g\u00e9n\u00e9rale, je pense tout de m\u00eame que l\u2019on a \u00e9t\u00e9 meilleurs que les ann\u00e9es pr\u00e9c\u00e9dentes sur l\u2019ensemble de cette p\u00e9riode des Classiques. Pour autant, on voit qu\u2019il nous reste encore du travail par rapport \u00e0 certaines \u00e9quipes\u201d. Il souhaite, d\u00e9sormais, vite se tourner vers la suite. \u201cOn a encore une opportunit\u00e9 avec Alex Aranburu \u00e0 Francfort, si l\u2019on peut consid\u00e9rer que c\u2019est dans la suite des Classiques, et on a maintenant une \u00e9quipe qui est pr\u00eate \u00e0 affronter un nouveau terrain de jeu sur les courses par \u00e9tapes. C\u2019est le point positif. Je pense vraiment que c\u2019\u00e9tait une p\u00e9riode enrichissante pour nous et qui va nous servir pour ce qui arrive\u201d. \u00c0 commencer, d\u00e8s ce mardi, par le Tour de Romandie. \u201cIon Izagirre sera, je pense, \u00e0 son avantage, apr\u00e8s avoir rong\u00e9 son frein lors du Tour du Pays Basque puisque pas remis de sa chute sur le GP Indurain\u201d. Une nouvelle saison d\u00e9bute et contrairement \u00e0 l\u2019an pass\u00e9 &#8211; bredouille au 28 avril -, Cofidis affiche d\u2019ores-et-d\u00e9j\u00e0 six succ\u00e8s au compteur. Et l\u00e0 reste bien l&rsquo;essentiel au global.\u00a0<\/p>\n","protected":false},"excerpt":{"rendered":"L\u2019honneur est sauf pour la formation Cofidis. Apr\u00e8s \u00eatre pass\u00e9 totalement au travers lors de l\u2019Amstel Gold Race&hellip;\n","protected":false},"author":2,"featured_media":59470,"comment_status":"","ping_status":"","sticky":false,"template":"","format":"standard","meta":{"footnotes":""},"categories":[1411],"tags":[834,828,836,829,837,827,83,826,824,823,1154,207,814,817,815,816,822,821,832,211,839,1011,27,820,818,819,835,831,830,833,838,60,212,208,825],"class_list":{"0":"post-59469","1":"post","2":"type-post","3":"status-publish","4":"format-standard","5":"has-post-thumbnail","7":"category-cyclisme","8":"tag-attaque","9":"tag-belgique","10":"tag-braquet","11":"tag-bretagne","12":"tag-chute","13":"tag-competition","14":"tag-coupe-de-france","15":"tag-coureur","16":"tag-course-cyclisme","17":"tag-course-cycliste","18":"tag-cycling","19":"tag-cyclisme","20":"tag-direct","21":"tag-direct-velo","22":"tag-directvelo","23":"tag-directvelo-com","24":"tag-epreuve","25":"tag-epreuve-cycliste","26":"tag-federation-francaise-de-cyclisme","27":"tag-ffc","28":"tag-flandres","29":"tag-fr","30":"tag-france","31":"tag-live","32":"tag-live-course","33":"tag-live-epreuve","34":"tag-peloton","35":"tag-radio-peloton","36":"tag-radio-tour","37":"tag-ravitaillement","38":"tag-relance","39":"tag-sports","40":"tag-uci","41":"tag-velo","42":"tag-velos"},"share_on_mastodon":{"url":"https:\/\/pubeurope.com\/@fr\/114416112346869700","error":""},"_links":{"self":[{"href":"https:\/\/www.europesays.com\/fr\/wp-json\/wp\/v2\/posts\/59469","targetHints":{"allow":["GET"]}}],"collection":[{"href":"https:\/\/www.europesays.com\/fr\/wp-json\/wp\/v2\/posts"}],"about":[{"href":"https:\/\/www.europesays.com\/fr\/wp-json\/wp\/v2\/types\/post"}],"author":[{"embeddable":true,"href":"https:\/\/www.europesays.com\/fr\/wp-json\/wp\/v2\/users\/2"}],"replies":[{"embeddable":true,"href":"https:\/\/www.europesays.com\/fr\/wp-json\/wp\/v2\/comments?post=59469"}],"version-history":[{"count":0,"href":"https:\/\/www.europesays.com\/fr\/wp-json\/wp\/v2\/posts\/59469\/revisions"}],"wp:featuredmedia":[{"embeddable":true,"href":"https:\/\/www.europesays.com\/fr\/wp-json\/wp\/v2\/media\/59470"}],"wp:attachment":[{"href":"https:\/\/www.europesays.com\/fr\/wp-json\/wp\/v2\/media?parent=59469"}],"wp:term":[{"taxonomy":"category","embeddable":true,"href":"https:\/\/www.europesays.com\/fr\/wp-json\/wp\/v2\/categories?post=59469"},{"taxonomy":"post_tag","embeddable":true,"href":"https:\/\/www.europesays.com\/fr\/wp-json\/wp\/v2\/tags?post=59469"}],"curies":[{"name":"wp","href":"https:\/\/api.w.org\/{rel}","templated":true}]}}