{"id":594693,"date":"2025-12-12T09:56:35","date_gmt":"2025-12-12T09:56:35","guid":{"rendered":"https:\/\/www.europesays.com\/fr\/594693\/"},"modified":"2025-12-12T09:56:35","modified_gmt":"2025-12-12T09:56:35","slug":"pourquoi-tout-paris-parle-de-ces-buches-de-noel-epoustouflantes","status":"publish","type":"post","link":"https:\/\/www.europesays.com\/fr\/594693\/","title":{"rendered":"Pourquoi tout Paris parle de ces b\u00fbches de No\u00ebl \u00e9poustouflantes"},"content":{"rendered":"<p>\t\t\t\t\t\t\t\t\t\t\t\t\t\t\t\t\t\t\t\t\t\t<img loading=\"lazy\" decoding=\"async\" src=\"data:image\/svg+xml,%3Csvg%20xmlns=\" http:=\"\" class=\"img-fluid\" alt=\"Les plus belles B\u00fbches de No\u00ebl de Paris\" width=\"1024\" height=\"683\" data-lazy-src=\"https:\/\/www.europesays.com\/fr\/wp-content\/uploads\/2025\/12\/COUV-ARTICLES-1620x1080-30-3-1024x683.jpg\"\/><\/p>\n<p>    Save<\/p>\n<p class=\"p1\"><b>Quelle b\u00fbche de No\u00ebl allez-vous poser sur votre table de f\u00eates cette ann\u00e9e ? <\/b><b\/>Si vous n\u2019avez pas encore fait votre choix, nous vous aidons \u00e0 vous d\u00e9cider gr\u00e2ce \u00e0 ces v\u00e9ritables joyaux p\u00e2tissiers, aussi beaux que bons, qui impressionneront sans aucun doute vos convives. Voici <strong>les plus belles et les meilleures B\u00fbches de No\u00ebl 2025 de Paris <\/strong>(Et chez Paris Secret, on les a TOUTES go\u00fbt\u00e9es!)<\/p>\n<p><b>La plus spectaculaire : \u00ab Joyau des Pins \u00bb : la b\u00fbche exceptionnelle d\u2019Anne Coruble pour le Peninsula, une cr\u00e9ation de No\u00ebl en 13 couches, inspir\u00e9e de la for\u00eat<\/b><b\/><\/p>\n<p><img fetchpriority=\"high\" decoding=\"async\" class=\"aligncenter size-large wp-image-222426\" src=\"data:image\/svg+xml,%3Csvg%20xmlns=\" http:=\"\" alt=\"o\u00f9 trouver les plus belles B\u00fbches de No\u00ebl 2025 \u00e0 Paris ?\" width=\"1024\" height=\"683\" data-lazy- data-lazy- data-lazy-src=\"https:\/\/www.europesays.com\/fr\/wp-content\/uploads\/2025\/12\/COUV-ARTICLES-1620x1080-30-2-1024x683.jpg\"\/><\/p>\n<p class=\"p3\">La <a href=\"https:\/\/parissecret.com\/wedding-cake-peninsula-paris-patisserie-piece-montee\/\" rel=\"follow noopener\" target=\"_self\" class=\"shortcode-outbound-link\" data-has-ga=\"true\" data-ga-type=\"click\" data-label=\"https:\/\/parissecret.com\/wedding-cake-peninsula-paris-patisserie-piece-montee\/\" data-action=\"text_cta_0\" data-category=\"click_internal\"><strong>Cheffe p\u00e2tissi\u00e8re du Peninsula Anne Coruble<\/strong><\/a>\u00a0d\u00e9voile <strong>\u00ab Joyau des Pins \u00bb, une b\u00fbche sculpt\u00e9e comme une pomme de pin,<\/strong> inspir\u00e9e des for\u00eats hivernales et de l\u2019imaginaire de No\u00ebl. Compos\u00e9e de treize couches en hommage aux treize desserts proven\u00e7aux, elle m\u00eale textures contrast\u00e9es et parfums bois\u00e9s (pin, miel, riz, chocolat). Sa partie sup\u00e9rieure, travaill\u00e9e en \u00e9cailles, c\u00e9l\u00e8bre l\u2019art du pochage tandis que sa base se partage comme une tablette gourmande. Cette cr\u00e9ation \u00e9voque les sous-bois d\u2019hiver, l\u2019enfance et la magie du r\u00e9veillon, pour une d\u00e9gustation \u00e0 la fois esth\u00e9tique et \u00e9motionnelle.<\/p>\n<p class=\"p3\"><b>Informations pratiques :<\/b><br \/><b>Prix :<\/b> 105 \u20ac (6 personnes)<br \/><b>Pr\u00e9commande :<\/b> d\u00e8s le 1\u1d49\u02b3 d\u00e9cembre, 72 h \u00e0 l\u2019avance<br \/><b>Retrait :<\/b> du 17 au 31 d\u00e9cembre 2025, restaurant Le Lobby, 19 av. Kl\u00e9ber, Paris 16\u1d49<br \/><b>Contact :<\/b> 01 58 12 28 88 \u2013 ppr@peninsula.com<\/p>\n<p><strong>\ud83c\udf70 <a href=\"https:\/\/gifts.peninsula.com\/paris\/la-buche-joyau-des-pins-045474\" rel=\"nofollow noopener\" target=\"_blank\" class=\"shortcode-outbound-link\" data-has-ga=\"true\" data-ga-type=\"click\" data-label=\"https:\/\/gifts.peninsula.com\/paris\/la-buche-joyau-des-pins-045474\" data-action=\"text_cta_1\" data-category=\"click_non_sales\">Pr\u00e9-commande ici<\/a><\/strong><\/p>\n<p><b>La plus po\u00e9tique : la B\u00fbche de No\u00ebl du Caf\u00e9 de la Paix x Repetto\u00a0<\/b><\/p>\n<p><img loading=\"lazy\" decoding=\"async\" class=\"aligncenter size-large wp-image-222416\" src=\"data:image\/svg+xml,%3Csvg%20xmlns=\" http:=\"\" alt=\"B\u00fbche de No\u00ebl originale Paris 2025\" width=\"1024\" height=\"683\" data-lazy- data-lazy- data-lazy-src=\"https:\/\/www.europesays.com\/fr\/wp-content\/uploads\/2025\/12\/4-1-1-1024x683.jpg\"\/><\/p>\n<p><a class=\"shortcode-outbound-link\" href=\"https:\/\/parissecret.com\/plus-beau-cafe-restaurant-paris-cafe-de-la-paix\/\" rel=\"follow noopener\" target=\"_blank\"><strong>le Caf\u00e9 de la Paix<\/strong><\/a><strong> et la <a href=\"https:\/\/parissecret.com\/sapin-geant-paris-le-plus-beau-sapin-de-noel-intercontinental-repetto\/\" rel=\"follow noopener\" target=\"_self\" class=\"shortcode-outbound-link\" data-has-ga=\"true\" data-ga-type=\"click\" data-label=\"https:\/\/parissecret.com\/sapin-geant-paris-le-plus-beau-sapin-de-noel-intercontinental-repetto\/\" data-action=\"text_cta_2\" data-category=\"click_internal\">Maison Repetto<\/a><\/strong>\u00a0d\u00e9voilent leur B\u00fbche de No\u00ebl : un v\u00e9ritable bijou de d\u00e9licatesse, merveilleusement baptis\u00e9\u00a0<strong>\u00ab L\u2019Adage de la Rose \u00bb<\/strong>. Une\u00a0<strong>cr\u00e9ation aux nuances poudr\u00e9es, en forme de tutu de danse classique<\/strong>, inspir\u00e9e de\u00a0<strong>La Belle au Bois Dormant\u00a0<\/strong>et du tutu embl\u00e9matique de Repetto. Imagin\u00e9e par le Chef Simon Letailleur, elle marie \u00e0 la perfection mousse mandarine-vanille, g\u00e9noise \u00e0 l\u2019eau de rose, croustillant pralin\u00e9-pistache et insert mandarine\u2013chocolat au lait. Et pour l\u2019avoir go\u00fbt\u00e9e, on peut vous assurer qu\u2019elle fait partie des\u00a0<strong>meilleures B\u00fbches de No\u00ebl de l\u2019ann\u00e9e<\/strong>\u00a0: \u00e9quilibre parfait, jeux de textures et l\u00e9g\u00e8ret\u00e9 en bouche.<\/p>\n<p><strong>Informations pratiques :\u00a0<\/strong><\/p>\n<p>B\u00fbche de No\u00ebl \u00ab L\u2019Adage de la Rose \u00bb pour 6 \u00e0 8 personnes \u2013 Jusqu\u2019au 25 d\u00e9cembre 2025, disponible sur commande 48h \u00e0 l\u2019avance au Caf\u00e9 de la Paix- 90\u20ac<\/p>\n<p>Le Grand Go\u00fbter de No\u00ebl \u2013 Tous les samedis, dimanches et jours f\u00e9ri\u00e9s de 15h \u00e0 17h \u00e0 La Verri\u00e8re de l\u2019Intercontinental Paris le Grand \u2013\u00a070\u20ac pour une personne, accompagn\u00e9 d\u2019une coupe de Champagne \u2013\u00a0120\u20ac pour deux personnes, accompagn\u00e9 d\u2019une coupe de Champagne<\/p>\n<p><strong>\ud83c\udf70 <a href=\"https:\/\/www.cafedelapaix.fr\/fr\/ladage-a-la-rose\/\" rel=\"nofollow noopener\" target=\"_blank\" class=\"shortcode-outbound-link\" data-has-ga=\"true\" data-ga-type=\"click\" data-label=\"https:\/\/www.cafedelapaix.fr\/fr\/ladage-a-la-rose\/\" data-action=\"text_cta_3\" data-category=\"click_non_sales\">\u00c0 r\u00e9server ici<\/a><\/strong><\/p>\n<p><strong>La plus a\u00e9rienne : la B\u00fbche de No\u00ebl du Shangri La Paris\u00a0<\/strong><\/p>\n<p><img loading=\"lazy\" decoding=\"async\" class=\"aligncenter size-large wp-image-222410\" src=\"data:image\/svg+xml,%3Csvg%20xmlns=\" http:=\"\" alt=\"Timothy Lam B\u00fbche de No\u00ebl du Shangri La Paris\" width=\"1024\" height=\"683\" data-lazy- data-lazy- data-lazy-src=\"https:\/\/www.europesays.com\/fr\/wp-content\/uploads\/2025\/12\/6-1024x683.jpg\"\/><\/p>\n<p>Pour les f\u00eates, le <strong>Chef p\u00e2tissier Timothy Lam pr\u00e9sente Fleur de Vanille,<\/strong> une b\u00fbche d\u00e9licate inspir\u00e9e de la fleur de Bauhinia, symbole du restaurant La Bauhinia au Shangri-La Paris.<br \/>Fa\u00e7onn\u00e9e comme un v\u00e9ritable bijou, elle associe un biscuit vanille moelleux, une confiture de lait parfum\u00e9e, un cr\u00e9meux vanille subtilement torr\u00e9fi\u00e9, une mousse a\u00e9rienne et un croustillant vanill\u00e9, le tout envelopp\u00e9 dans une fine coque de chocolat blanc. Une cr\u00e9ation \u00e9l\u00e9gante et po\u00e9tique, o\u00f9 chaque texture met en valeur la <strong>profondeur aromatique de la vanille<\/strong> dans une harmonie parfaite. L\u2019une de nos B\u00fbches pr\u00e9f\u00e9r\u00e9es de l\u2019ann\u00e9e \u00e0 Paris chez Paris Secret.<\/p>\n<p><strong>Informations pratiques :\u00a0<\/strong><\/p>\n<p>Retrait du 1\u1d49\u02b3 au 31 d\u00e9cembre 2025 \u2013 \u00e9dition limit\u00e9e.<\/p>\n<p>Prix : 128 \u20ac \u2013 8 \u00e0 10 personnes<\/p>\n<p><strong>\ud83c\udf70 <a href=\"https:\/\/shangrilaparis-fr.skchase.com\/cheque-cadeau?categories=cr%25C3%25A9ations%2520festives\" rel=\"nofollow noopener\" target=\"_blank\" class=\"shortcode-outbound-link\" data-has-ga=\"true\" data-ga-type=\"click\" data-label=\"https:\/\/shangrilaparis-fr.skchase.com\/cheque-cadeau?categories=crC3A9ations20festives\" data-action=\"text_cta_4\" data-category=\"click_non_sales\">\u00c0 commander ici<\/a><\/strong><\/p>\n<p><b>La plus magique\u00a0 : la B\u00fbche de No\u00ebl de Disneyland Paris<\/b><\/p>\n<p><img loading=\"lazy\" decoding=\"async\" class=\"aligncenter size-large wp-image-222409\" src=\"data:image\/svg+xml,%3Csvg%20xmlns=\" http:=\"\" alt=\"B\u00fbche de No\u00ebl 2025 \u00e0 Disneyland Paris\" width=\"1024\" height=\"683\" data-lazy- data-lazy- data-lazy-src=\"https:\/\/www.europesays.com\/fr\/wp-content\/uploads\/2025\/12\/COUV-ARTICLES-1620x1080-31-1-1024x683.jpg\"\/><\/p>\n<p>C\u2019est sans doute la B\u00fbche la plus accessible rapport qualit\u00e9-prix et la plus familiale. Cette ann\u00e9e, \u00e0 l\u2019or\u00e9e des f\u00eates de fin d\u2019ann\u00e9e, on file \u00e0 Disneyland Paris, du c\u00f4t\u00e9 du <strong>Victoria\u2019s Home Style Restaurant sur Main Street U.S.A,<\/strong>pour go\u00fbter \u00e0 une magnifique B\u00fbche faite maison <strong>en forme de maison en pain d\u2019\u00e9pices.<\/strong> Une B\u00fbche d\u00e9licieuse \u00e0 base de mousse vanille, pommes caram\u00e9lis\u00e9es et insert au sirop d\u2019\u00e9rable et g\u00e9noise \u00e0 la noisette, affich\u00e9e au prix de 20 euros et \u00e0 partager sur place entre gourmands ! Le plus ? Profiter de ce go\u00fbter de No\u00ebl sur Main Street U.S.A pour d\u00e9couvrir le <a href=\"https:\/\/parissecret.com\/noel-enchante-disneyland-paris\/\" rel=\"follow noopener\" target=\"_self\" class=\"shortcode-outbound-link\" data-has-ga=\"true\" data-ga-type=\"click\" data-label=\"https:\/\/parissecret.com\/noel-enchante-disneyland-paris\/\" data-action=\"text_cta_5\" data-category=\"click_internal\"><strong>No\u00ebl Enchant\u00e9 Disney et sa parade magique<\/strong><\/a>\u00a0(sans doute l\u2019une des plus belles parades de No\u00ebl du monde !)\u00a0<\/p>\n<p><b>Informations pratiques :<\/b><\/p>\n<p>Prix : 20 \u20ac \u2013 \u00c0 partager (de 2 \u00e0 4 personnes)<\/p>\n<p>Victoria\u2019s Home Style Restaurant, Disneyland Paris<\/p>\n<p><strong>\u2728 <a href=\"https:\/\/feverup.com\/m\/162870\" rel=\"follow noopener\" target=\"_blank\" class=\"shortcode-outbound-link\" data-has-ga=\"true\" data-ga-type=\"click\" data-label=\"https:\/\/feverup.com\/m\/162870\" data-action=\"text_cta_6\" data-tracked=\"1\" data-category=\"click_sales\" data-cp_smn_source=\"parissecret\" data-cp_smn_content=\"meilleures-buches-de-noel-paris\" data-cp_smn_term=\"text_cta_6\">Vos entr\u00e9es pour Disneyland Paris ici<\/a><\/strong><\/p>\n<p><strong>La plus merveilleuse : la B\u00fbche Signature le Train des Merveilles Len\u00f4tre<\/strong><br \/>\n<strong><img loading=\"lazy\" decoding=\"async\" class=\"aligncenter size-large wp-image-222407\" src=\"data:image\/svg+xml,%3Csvg%20xmlns=\" http:=\"\" alt=\"plus belles B\u00fbches meilleures B\u00fbches de No\u00ebl Paris 2025\" width=\"1024\" height=\"683\" data-lazy- data-lazy- data-lazy-src=\"https:\/\/www.europesays.com\/fr\/wp-content\/uploads\/2025\/12\/COUV-ARTICLES-1620x1080-30-1-1024x683.jpg\"\/>\u00a0<\/strong><\/p>\n<p class=\"p1\"><b>Le petit train qui tourne \u00e0 plein r\u00e9gime autour du sapin de No\u00ebl\u2026 Vous aussi, \u00e7a vous rappelle de doux souvenirs d\u2019enfance ?<\/b><br \/>Cette ann\u00e9e, pour la Maison Len\u00f4tre, le chef p\u00e2tissier \u00c9tienne Leroy, Champion du Monde de p\u00e2tisserie, a imagin\u00e9 <b>\u00ab Le Train des Merveilles \u00bb<\/b> : une b\u00fbche Signature spectaculaire pour dix convives. Elle se compose d\u2019une locomotive 100 % chocolat, assembl\u00e9e \u00e0 la main \u00e0 partir d\u2019une cinquantaine de pi\u00e8ces d\u00e9licates, accompagn\u00e9e de deux wagons-b\u00fbches. Croustillant noisette et gru\u00e9 de cacao, cr\u00e9meux pralin\u00e9 noisette, biscuit moelleux au cacao, cr\u00e9meux chocolat noir et lait, pralin\u00e9 noisette \u00e0 l\u2019ancienne, mousse onctueuse au chocolat noir, gla\u00e7age cacao\u2026 <b>Les saveurs r\u00e9gressives sont au rendez-vous<\/b>, et la b\u00fbche Signature de Len\u00f4tre sera sans doute celle qui fera le plus sensation pour No\u00ebl cette ann\u00e9e<\/p>\n<p><strong>Informations pratiques :\u00a0<\/strong><\/p>\n<p>Disponible \u00e0 partir du 17\/12\/2025 et jusqu\u2019au 25\/12\/2025<\/p>\n<p>Prix : 190\u20ac, B\u00fbche pour 10 convives<\/p>\n<p><strong>\ud83c\udf70 <a href=\"https:\/\/www.lenotre.com\/buche-signature-2025-le-train-des-merveilles-149603.html\" rel=\"nofollow noopener\" target=\"_blank\" class=\"shortcode-outbound-link\" data-has-ga=\"true\" data-ga-type=\"click\" data-label=\"https:\/\/www.lenotre.com\/buche-signature-2025-le-train-des-merveilles-149603.html\" data-action=\"text_cta_7\" data-category=\"click_non_sales\">\u00c0 retrouver ici<\/a><\/strong><\/p>\n<p><b>La plus r\u00e9gressive : la B\u00fbche de No\u00ebl \u00ab Souvenir d\u2019Enfance \u00bb du Royal Monceau Raffles Paris<\/b><b\/><\/p>\n<p><img loading=\"lazy\" decoding=\"async\" class=\"aligncenter size-large wp-image-222408\" src=\"data:image\/svg+xml,%3Csvg%20xmlns=\" http:=\"\" alt=\"commander b\u00fbche de No\u00ebl Paris\" width=\"1024\" height=\"683\" data-lazy- data-lazy- data-lazy-src=\"https:\/\/www.europesays.com\/fr\/wp-content\/uploads\/2025\/12\/COUV-ARTICLES-1620x1080-30-copie-1024x683.jpg\"\/><\/p>\n<p class=\"p1\">R\u00e9gressive et l\u00e9g\u00e8re, cette b\u00fbche en forme de sapin, sign\u00e9e par <strong>le Chef P\u00e2tissier Yazid Ichemrahen<\/strong>, m\u00eale mousse chocolat\u00e9e infus\u00e9e au lait de ferme, c\u0153ur fondant caramel-pralin\u00e9 et brownie sans gluten, sublim\u00e9e par un d\u00e9cor forestier fait main et un m\u00e9daillon argent\u00e9 \u00e0 l\u2019effigie du Palace. <strong>Inspir\u00e9e des go\u00fbters d\u2019\u00e9colier<\/strong>, elle \u00e9voque nostalgie et modernit\u00e9 \u00e0 chaque bouch\u00e9e, dans une parfaite harmonie de textures et de saveurs. Coup de coeur !\u00a0<\/p>\n<p class=\"p1\"><b>Informations pratiques :<\/b> <\/p>\n<p>Prix : 95\u20ac<\/p>\n<p>Pr\u00e9-commande d\u00e8s le 1er novembre, avec retrait sous 24h \u2022 Retrait via Click &amp; Collect du 14 novembre au 31 d\u00e9cembre 2025. \u2022 Version individuelle : 25 \u20ac au Bar Long tout le mois de d\u00e9cembre et lors du brunch de No\u00ebl au restaurant<\/p>\n<p><strong>\ud83c\udf70 <a href=\"https:\/\/shop-leroyalmonceau.com\/fr\/gastronomie\/patisserie-luxe-paris\/buche-de-noel-souvenir-d-enfance.html\" rel=\"nofollow noopener\" target=\"_blank\" class=\"shortcode-outbound-link\" data-has-ga=\"true\" data-ga-type=\"click\" data-label=\"https:\/\/shop-leroyalmonceau.com\/fr\/gastronomie\/patisserie-luxe-paris\/buche-de-noel-souvenir-d-enfance.html\" data-action=\"text_cta_8\" data-category=\"click_non_sales\">\u00c0 shopper ici <\/a><\/strong><\/p>\n","protected":false},"excerpt":{"rendered":"Save Quelle b\u00fbche de No\u00ebl allez-vous poser sur votre table de f\u00eates cette ann\u00e9e ? Si vous n\u2019avez&hellip;\n","protected":false},"author":2,"featured_media":594694,"comment_status":"","ping_status":"","sticky":false,"template":"","format":"standard","meta":{"footnotes":""},"categories":[1888],"tags":[11,17174,1777,674,1011,27,32232,12,15830,626,25],"class_list":{"0":"post-594693","1":"post","2":"type-post","3":"status-publish","4":"format-standard","5":"has-post-thumbnail","7":"category-paris","8":"tag-actualites","9":"tag-cuisine-francaise","10":"tag-eu","11":"tag-europe","12":"tag-fr","13":"tag-france","14":"tag-gateaux","15":"tag-news","16":"tag-noel","17":"tag-paris","18":"tag-republique-francaise"},"share_on_mastodon":{"url":"https:\/\/pubeurope.com\/@fr\/115706002376526599","error":""},"_links":{"self":[{"href":"https:\/\/www.europesays.com\/fr\/wp-json\/wp\/v2\/posts\/594693","targetHints":{"allow":["GET"]}}],"collection":[{"href":"https:\/\/www.europesays.com\/fr\/wp-json\/wp\/v2\/posts"}],"about":[{"href":"https:\/\/www.europesays.com\/fr\/wp-json\/wp\/v2\/types\/post"}],"author":[{"embeddable":true,"href":"https:\/\/www.europesays.com\/fr\/wp-json\/wp\/v2\/users\/2"}],"replies":[{"embeddable":true,"href":"https:\/\/www.europesays.com\/fr\/wp-json\/wp\/v2\/comments?post=594693"}],"version-history":[{"count":0,"href":"https:\/\/www.europesays.com\/fr\/wp-json\/wp\/v2\/posts\/594693\/revisions"}],"wp:featuredmedia":[{"embeddable":true,"href":"https:\/\/www.europesays.com\/fr\/wp-json\/wp\/v2\/media\/594694"}],"wp:attachment":[{"href":"https:\/\/www.europesays.com\/fr\/wp-json\/wp\/v2\/media?parent=594693"}],"wp:term":[{"taxonomy":"category","embeddable":true,"href":"https:\/\/www.europesays.com\/fr\/wp-json\/wp\/v2\/categories?post=594693"},{"taxonomy":"post_tag","embeddable":true,"href":"https:\/\/www.europesays.com\/fr\/wp-json\/wp\/v2\/tags?post=594693"}],"curies":[{"name":"wp","href":"https:\/\/api.w.org\/{rel}","templated":true}]}}