{"id":594695,"date":"2025-12-12T09:59:34","date_gmt":"2025-12-12T09:59:34","guid":{"rendered":"https:\/\/www.europesays.com\/fr\/594695\/"},"modified":"2025-12-12T09:59:34","modified_gmt":"2025-12-12T09:59:34","slug":"decouvrez-lucie-lenseigne-de-snacking-autonome-qui-attaque-paris","status":"publish","type":"post","link":"https:\/\/www.europesays.com\/fr\/594695\/","title":{"rendered":"D\u00e9couvrez \u00ab\u00a0Lucie\u00a0\u00bb, l&rsquo;enseigne de snacking autonome qui attaque Paris"},"content":{"rendered":"<p><img fetchpriority=\"high\" decoding=\"async\" width=\"2560\" height=\"1920\" src=\"https:\/\/www.europesays.com\/fr\/wp-content\/uploads\/2025\/12\/IMG_6187-scaled.jpg\" alt=\"\" class=\"wp-image-113348\"  \/><\/p>\n<p><strong>L\u2019enseigne de snacking Lucie, bas\u00e9e \u00e0 Agen, est encore sous les radars pour beaucoup..<\/strong>. Pourtant, elle vient de gagner en visibilit\u00e9 en ouvrant coup sur coup deux points de vente \u00e0 Paris. Les 10 et 11e de la cha\u00eene, jusque l\u00e0 dans le Sud-Ouest. <\/p>\n<p>Originalit\u00e9 : Lucie est un point de vente ouvert 7\/7 et 24\/24 avec une exploitation pour partie en mode autonome via une combinaison de \u201ctechs\u201d aujourd\u2019hui totalement ma\u00eetris\u00e9es : l\u2019image (pour suivre \u00e0 distance ce qu\u2019il se passe dans la boutique) et la RFID pour l\u2019encaissement.<\/p>\n<p>Sur les 25 \u00e0 50 m2 : une centaine de r\u00e9f\u00e9rences de produits pr\u00eats \u00e0 consommer : salades, pokes, plats cuisin\u00e9s, sushis, des desserts et des boissons. Hors boissons, il s\u2019agit de produits ultra-frais fabriqu\u00e9s \u00e0 Agen par l\u2019atelier de Lucie et livr\u00e9s d\u00e8s le lendemain. Une ultra-fra\u00eecheur qui se remarque ais\u00e9ment \u00e0 la d\u00e9gustation (parce qu\u2019\u00e9videmment j\u2019ai test\u00e9, et pas qu\u2019un plat !). Prix moyen : 6,50 \u20ac. Comp\u00e9titif, m\u00eame si les portions gagneraient \u00e0 prendre un peu de poids \ud83d\ude09 .<\/p>\n<p>L\u2019originalit\u00e9 r\u00e9side donc dans le parcours client, autonome. Sur chaque produit : une puce RFID, qui permet un encaissement \u201cfa\u00e7on Decathlon\u201d sans avoir \u00e0 lire scanner les articles (voir vid\u00e9o). En ce sens, Lucie peut fonctionner sans personnel (dans les faits, une part de l\u2019amplitude horaire est couverte par un employ\u00e9, notamment charg\u00e9 du r\u00e9assort). Hors plages horaires avec personnel, le client utilise sa carte bancaire pour p\u00e9n\u00e9trer dans la boutique. Via les cam\u00e9ras et l\u2019\u00e9cran de la caisse, il peut aussi communiquer avec une \u201chot-line\u201d g\u00e9r\u00e9e par l\u2019enseigne. Pour l\u2019heure, un quart du CA est r\u00e9alis\u00e9 la nuit. <\/p>\n<p><strong>Le parcours-client en vid\u00e9o &gt;&gt;<\/strong><\/p>\n<p><a href=\"https:\/\/www.olivierdauvers.fr\/wp-content\/uploads\/2025\/12\/Lucie-2.m4v\" target=\"_blank\" rel=\"noopener\"><img loading=\"lazy\" decoding=\"async\" width=\"2560\" height=\"1508\" src=\"https:\/\/www.europesays.com\/fr\/wp-content\/uploads\/2025\/12\/OD-LUCIEGRANDREX-scaled.jpg\" alt=\"\" class=\"wp-image-113507\"  \/><\/a><\/p>\n<p><strong>La visite photos de Lucie Paris St Charles<\/strong><\/p>\n<p><img fetchpriority=\"high\" decoding=\"async\" width=\"2560\" height=\"1920\" src=\"https:\/\/www.europesays.com\/fr\/wp-content\/uploads\/2025\/12\/IMG_6187-scaled.jpg\" alt=\"\" class=\"wp-image-113348\"  \/><\/p>\n<p><img loading=\"lazy\" decoding=\"async\" width=\"2560\" height=\"1920\" src=\"https:\/\/www.europesays.com\/fr\/wp-content\/uploads\/2025\/12\/IMG_6188-scaled.jpg\" alt=\"\" class=\"wp-image-113349\"  \/><\/p>\n<p><img loading=\"lazy\" decoding=\"async\" width=\"2560\" height=\"1920\" src=\"https:\/\/www.europesays.com\/fr\/wp-content\/uploads\/2025\/12\/IMG_6190-scaled.jpg\" alt=\"\" class=\"wp-image-113350\"  \/><\/p>\n<p><img loading=\"lazy\" decoding=\"async\" width=\"2560\" height=\"1920\" src=\"https:\/\/www.europesays.com\/fr\/wp-content\/uploads\/2025\/12\/IMG_6191-scaled.jpg\" alt=\"\" class=\"wp-image-113351\"  \/><\/p>\n<p><img loading=\"lazy\" decoding=\"async\" width=\"2560\" height=\"1920\" src=\"https:\/\/www.europesays.com\/fr\/wp-content\/uploads\/2025\/12\/IMG_6193-scaled.jpg\" alt=\"\" class=\"wp-image-113352\"  \/><\/p>\n<p><img loading=\"lazy\" decoding=\"async\" width=\"2560\" height=\"1920\" src=\"https:\/\/www.europesays.com\/fr\/wp-content\/uploads\/2025\/12\/IMG_6194-scaled.jpg\" alt=\"\" class=\"wp-image-113353\"  \/><\/p>\n<p><img loading=\"lazy\" decoding=\"async\" width=\"2560\" height=\"1920\" src=\"https:\/\/www.europesays.com\/fr\/wp-content\/uploads\/2025\/12\/IMG_6195-scaled.jpg\" alt=\"\" class=\"wp-image-113354\"  \/><\/p>\n<p><img loading=\"lazy\" decoding=\"async\" width=\"2560\" height=\"1920\" src=\"https:\/\/www.europesays.com\/fr\/wp-content\/uploads\/2025\/12\/IMG_6196-scaled.jpg\" alt=\"\" class=\"wp-image-113355\"  \/><\/p>\n<p><img loading=\"lazy\" decoding=\"async\" width=\"2560\" height=\"1920\" src=\"https:\/\/www.europesays.com\/fr\/wp-content\/uploads\/2025\/12\/IMG_6197-scaled.jpg\" alt=\"\" class=\"wp-image-113356\"  \/><\/p>\n<p><img loading=\"lazy\" decoding=\"async\" width=\"2560\" height=\"1920\" src=\"https:\/\/www.europesays.com\/fr\/wp-content\/uploads\/2025\/12\/IMG_6198-scaled.jpg\" alt=\"\" class=\"wp-image-113357\"  \/><\/p>\n<p><img loading=\"lazy\" decoding=\"async\" width=\"2560\" height=\"1920\" src=\"https:\/\/www.europesays.com\/fr\/wp-content\/uploads\/2025\/12\/IMG_6205-scaled.jpg\" alt=\"\" class=\"wp-image-113358\"  \/><\/p>\n<p>La visite photos de Lucie Paris Poissonni\u00e8re<\/p>\n<p><img loading=\"lazy\" decoding=\"async\" width=\"2560\" height=\"1920\" src=\"https:\/\/www.europesays.com\/fr\/wp-content\/uploads\/2025\/12\/IMG_8218-scaled.jpg\" alt=\"\" class=\"wp-image-113361\"  \/><\/p>\n<p><img loading=\"lazy\" decoding=\"async\" width=\"2560\" height=\"1920\" src=\"https:\/\/www.europesays.com\/fr\/wp-content\/uploads\/2025\/12\/IMG_8246-scaled.jpg\" alt=\"\" class=\"wp-image-113362\"  \/><\/p>\n<p><img loading=\"lazy\" decoding=\"async\" width=\"2560\" height=\"1920\" src=\"https:\/\/www.europesays.com\/fr\/wp-content\/uploads\/2025\/12\/IMG_8247-scaled.jpg\" alt=\"\" class=\"wp-image-113363\"  \/><\/p>\n<p><img loading=\"lazy\" decoding=\"async\" width=\"2560\" height=\"1920\" src=\"https:\/\/www.europesays.com\/fr\/wp-content\/uploads\/2025\/12\/IMG_8248-scaled.jpg\" alt=\"\" class=\"wp-image-113364\"  \/><\/p>\n<p><img loading=\"lazy\" decoding=\"async\" width=\"2560\" height=\"1920\" src=\"https:\/\/www.europesays.com\/fr\/wp-content\/uploads\/2025\/12\/IMG_8249-scaled.jpg\" alt=\"\" class=\"wp-image-113365\"  \/><\/p>\n<p><img loading=\"lazy\" decoding=\"async\" width=\"2560\" height=\"1920\" src=\"https:\/\/www.europesays.com\/fr\/wp-content\/uploads\/2025\/12\/IMG_8250-scaled.jpg\" alt=\"\" class=\"wp-image-113366\"  \/><\/p>\n<p><img loading=\"lazy\" decoding=\"async\" width=\"2560\" height=\"1920\" src=\"https:\/\/www.europesays.com\/fr\/wp-content\/uploads\/2025\/12\/IMG_8253-scaled.jpg\" alt=\"\" class=\"wp-image-113367\"  \/><\/p>\n<p><img loading=\"lazy\" decoding=\"async\" width=\"2560\" height=\"1920\" src=\"https:\/\/www.europesays.com\/fr\/wp-content\/uploads\/2025\/12\/IMG_8254-scaled.jpg\" alt=\"\" class=\"wp-image-113368\"  \/><\/p>\n","protected":false},"excerpt":{"rendered":"L\u2019enseigne de snacking Lucie, bas\u00e9e \u00e0 Agen, est encore sous les radars pour beaucoup&#8230; Pourtant, elle vient de&hellip;\n","protected":false},"author":2,"featured_media":594696,"comment_status":"","ping_status":"","sticky":false,"template":"","format":"standard","meta":{"footnotes":""},"categories":[1888],"tags":[11,1777,674,1011,27,12,626,25],"class_list":{"0":"post-594695","1":"post","2":"type-post","3":"status-publish","4":"format-standard","5":"has-post-thumbnail","7":"category-paris","8":"tag-actualites","9":"tag-eu","10":"tag-europe","11":"tag-fr","12":"tag-france","13":"tag-news","14":"tag-paris","15":"tag-republique-francaise"},"share_on_mastodon":{"url":"https:\/\/pubeurope.com\/@fr\/115706021817077027","error":""},"_links":{"self":[{"href":"https:\/\/www.europesays.com\/fr\/wp-json\/wp\/v2\/posts\/594695","targetHints":{"allow":["GET"]}}],"collection":[{"href":"https:\/\/www.europesays.com\/fr\/wp-json\/wp\/v2\/posts"}],"about":[{"href":"https:\/\/www.europesays.com\/fr\/wp-json\/wp\/v2\/types\/post"}],"author":[{"embeddable":true,"href":"https:\/\/www.europesays.com\/fr\/wp-json\/wp\/v2\/users\/2"}],"replies":[{"embeddable":true,"href":"https:\/\/www.europesays.com\/fr\/wp-json\/wp\/v2\/comments?post=594695"}],"version-history":[{"count":0,"href":"https:\/\/www.europesays.com\/fr\/wp-json\/wp\/v2\/posts\/594695\/revisions"}],"wp:featuredmedia":[{"embeddable":true,"href":"https:\/\/www.europesays.com\/fr\/wp-json\/wp\/v2\/media\/594696"}],"wp:attachment":[{"href":"https:\/\/www.europesays.com\/fr\/wp-json\/wp\/v2\/media?parent=594695"}],"wp:term":[{"taxonomy":"category","embeddable":true,"href":"https:\/\/www.europesays.com\/fr\/wp-json\/wp\/v2\/categories?post=594695"},{"taxonomy":"post_tag","embeddable":true,"href":"https:\/\/www.europesays.com\/fr\/wp-json\/wp\/v2\/tags?post=594695"}],"curies":[{"name":"wp","href":"https:\/\/api.w.org\/{rel}","templated":true}]}}