{"id":594697,"date":"2025-12-12T10:01:34","date_gmt":"2025-12-12T10:01:34","guid":{"rendered":"https:\/\/www.europesays.com\/fr\/594697\/"},"modified":"2025-12-12T10:01:34","modified_gmt":"2025-12-12T10:01:34","slug":"geler-les-avoirs-russes-aussi-longtemps-que-necessaire-est-une-decision-majeure-selon-paris-liberation","status":"publish","type":"post","link":"https:\/\/www.europesays.com\/fr\/594697\/","title":{"rendered":"Geler les avoirs russes \u00abaussi longtemps que n\u00e9cessaire\u00bb est \u00abune d\u00e9cision majeure\u00bb selon Paris \u2013 Lib\u00e9ration"},"content":{"rendered":"<p class=\"sc-cPiKLX AiZTS text-element\">Une sanction qui pourrait \u00abinfl\u00e9chir le cours de la guerre\u00bb. <a href=\"https:\/\/www.liberation.fr\/international\/europe\/les-dirigeants-de-lue-font-un-premier-pas-vers-lutilisation-des-avoirs-russes-au-profit-de-lukraine-20251023_22FSHTDGL5D5DDO3O5MC4KR2IA\/\" target=\"_blank\" rel=\"noreferrer noopener\" title=\"https:\/\/www.liberation.fr\/international\/europe\/les-dirigeants-de-lue-font-un-premier-pas-vers-lutilisation-des-avoirs-russes-au-profit-de-lukraine-20251023_22FSHTDGL5D5DDO3O5MC4KR2IA\/\">Le gel des plus de 200\u00a0milliards d\u2019euros d\u2019avoirs de la Russie plac\u00e9s en Europe<\/a> fait partie des mesures que doivent d\u00e9finitivement valider les Vingt-Sept, ce vendredi 12\u00a0d\u00e9cembre, \u00e0 Bruxelles. Au micro de France Info, le ministre des Affaires \u00e9trang\u00e8res, Jean-No\u00ebl Barrot, a appel\u00e9 de ses v\u0153ux le maintien de la sanction, qui doit selon lui durer \u00abjusqu\u2019\u00e0 ce que la Russie cesse sa guerre d\u2019agression et verse des r\u00e9parations \u00e0 l\u2019Europe\u00bb.<\/p>\n<p class=\"sc-cPiKLX AiZTS text-element\">Au d\u00e9but de la guerre de la Russie en Ukraine, en\u00a02022, ces actifs russes ont \u00e9t\u00e9 immobilis\u00e9s pour une dur\u00e9e de six mois, renouvelable tous les six mois, \u00e0 condition que tous les pays membres de l\u2019Union soient d\u2019accord. \u00abCe qui suppose que si un pays s\u2019y oppose, la Russie pouvait \u00e0 tout moment r\u00e9cup\u00e9rer ses sommes\u00bb, a d\u00e9velopp\u00e9 Jean-No\u00ebl Barrot sur France Info, rappelant\u00a0: \u00abCe que nous voulons, c\u2019est la s\u00e9curit\u00e9 pour l\u2019Europe et les Europ\u00e9ens\u00bb.<\/p>\n<p class=\"sc-cPiKLX AiZTS text-element\">Techniquement, les 27 pays de l\u2019UE ont d\u00e9j\u00e0 d\u00e9cid\u00e9 jeudi 11\u00a0d\u00e9cembre de p\u00e9renniser les sanctions contre Moscou qui servent de base juridique \u00e0 l\u2019immobilisation des actifs russes, selon la pr\u00e9sidence danoise de l\u2019UE. La d\u00e9cision \u00abmajeure\u00bb doit \u00eatre confirm\u00e9e \u00e0 l\u2019issue d\u2019une proc\u00e9dure \u00e9crite et \u00abva sans doute infl\u00e9chir le cours de cette guerre et acc\u00e9l\u00e9rer la paix\u00bb, a estim\u00e9 le chef de la diplomatie fran\u00e7aise.<\/p>\n<p class=\"sc-cPiKLX AiZTS text-element\">La sanction, si elle est maintenue, permettra d\u2019\u00e9viter que \u00abd\u2019autres que les Europ\u00e9ens\u00bb d\u00e9cident \u00e0 la place des Europ\u00e9ens \u00abdu sort de la destination de ces sommes\u00bb, a \u00e9galement soulign\u00e9 le ministre fran\u00e7ais, en r\u00e9f\u00e9rence au fait que <a href=\"https:\/\/www.liberation.fr\/international\/amerique\/le-grand-abandon-washington-suspend-son-aide-militaire-a-lukraine-20250304_MHNLZV65JVGTXCJ6ANK7SPUGKU\/\" target=\"_blank\" rel=\"noreferrer noopener\" title=\"https:\/\/www.liberation.fr\/international\/amerique\/le-grand-abandon-washington-suspend-son-aide-militaire-a-lukraine-20250304_MHNLZV65JVGTXCJ6ANK7SPUGKU\/\">l\u2019administration am\u00e9ricaine de Donald Trump<\/a> a envisag\u00e9 d\u2019utiliser ces avoirs pour des investissements qui profiteraient aux entreprises am\u00e9ricaines.<\/p>\n<p class=\"sc-cPiKLX AiZTS text-element\">Cette immobilisation sans limite de temps permet en effet <a href=\"https:\/\/www.liberation.fr\/international\/europe\/avoirs-russes-geles-leurope-sous-pression-pour-voler-au-secours-de-lukraine-20250304_DAKKMKBVTNF3RCEKZHSNWVGCEU\/\" target=\"_blank\" rel=\"noreferrer noopener\" title=\"https:\/\/www.liberation.fr\/international\/europe\/avoirs-russes-geles-leurope-sous-pression-pour-voler-au-secours-de-lukraine-20250304_DAKKMKBVTNF3RCEKZHSNWVGCEU\/\">d\u2019envisager de nouvelles aides pour l\u2019Ukraine<\/a>, \u00aby compris la constitution d\u2019un paquet de financements [\u2026] qui pourrait aboutir \u00e0 la fin de la semaine prochaine \u00e0 mettre l\u2019Ukraine \u00e0 l\u2019abri de toute difficult\u00e9 pendant au moins deux\u00a0ans, si toutefois la guerre devait se poursuivre\u00bb, a \u00e9galement comment\u00e9 Jean-No\u00ebl Barrot.<\/p>\n<p class=\"sc-cPiKLX AiZTS text-element\">Le prochain sommet des chefs d\u2019Etat et de gouvernement des Vingt-Sept se tiendra ensuite \u00e0 Bruxelles, le 18\u00a0d\u00e9cembre, pour discuter de leur plan de financement de l\u2019Ukraine, avec l\u2019utilisation \u00e9ventuelle des avoirs russes gel\u00e9s.<\/p>\n<p class=\"sc-cPiKLX AiZTS text-element\">Un dialogue jusqu\u2019ici difficilement amorc\u00e9\u00a0: les Europ\u00e9ens butent sur l\u2019opposition de la Belgique, <a href=\"https:\/\/www.liberation.fr\/idees-et-debats\/tribunes\/avoirs-russes-les-interets-prives-deuroclear-ne-sauraient-bloquer-une-decision-collective-de-lunion-europeenne-20251121_UOAAITT77NGYZASNRRP4RT5674\/\" target=\"_blank\" rel=\"noreferrer noopener\" title=\"https:\/\/www.liberation.fr\/idees-et-debats\/tribunes\/avoirs-russes-les-interets-prives-deuroclear-ne-sauraient-bloquer-une-decision-collective-de-lunion-europeenne-20251121_UOAAITT77NGYZASNRRP4RT5674\/\">qui abrite l\u2019essentiel de ces avoirs de la Banque centrale russe<\/a>. En l\u2019absence de garanties \u00abtr\u00e8s solides\u00bb de la part des autres pays de l\u2019UE, le Premier ministre belge, Bart De Wever, a dit refuser que son pays soit le seul \u00e0 payer \u00ables pots cass\u00e9s en cas de probl\u00e8me\u00bb.<\/p>\n","protected":false},"excerpt":{"rendered":"Une sanction qui pourrait \u00abinfl\u00e9chir le cours de la guerre\u00bb. Le gel des plus de 200\u00a0milliards d\u2019euros d\u2019avoirs&hellip;\n","protected":false},"author":2,"featured_media":594698,"comment_status":"","ping_status":"","sticky":false,"template":"","format":"standard","meta":{"footnotes":""},"categories":[1591],"tags":[11,1887,12,1885,1886,132,220,297,364],"class_list":{"0":"post-594697","1":"post","2":"type-post","3":"status-publish","4":"format-standard","5":"has-post-thumbnail","7":"category-russie","8":"tag-actualites","9":"tag-federation-de-russie","10":"tag-news","11":"tag-russia","12":"tag-russian-federation","13":"tag-russie","14":"tag-ukraine","15":"tag-ukraine-la-crise","16":"tag-union-europeenne"},"share_on_mastodon":{"url":"https:\/\/pubeurope.com\/@fr\/115706022276059042","error":""},"_links":{"self":[{"href":"https:\/\/www.europesays.com\/fr\/wp-json\/wp\/v2\/posts\/594697","targetHints":{"allow":["GET"]}}],"collection":[{"href":"https:\/\/www.europesays.com\/fr\/wp-json\/wp\/v2\/posts"}],"about":[{"href":"https:\/\/www.europesays.com\/fr\/wp-json\/wp\/v2\/types\/post"}],"author":[{"embeddable":true,"href":"https:\/\/www.europesays.com\/fr\/wp-json\/wp\/v2\/users\/2"}],"replies":[{"embeddable":true,"href":"https:\/\/www.europesays.com\/fr\/wp-json\/wp\/v2\/comments?post=594697"}],"version-history":[{"count":0,"href":"https:\/\/www.europesays.com\/fr\/wp-json\/wp\/v2\/posts\/594697\/revisions"}],"wp:featuredmedia":[{"embeddable":true,"href":"https:\/\/www.europesays.com\/fr\/wp-json\/wp\/v2\/media\/594698"}],"wp:attachment":[{"href":"https:\/\/www.europesays.com\/fr\/wp-json\/wp\/v2\/media?parent=594697"}],"wp:term":[{"taxonomy":"category","embeddable":true,"href":"https:\/\/www.europesays.com\/fr\/wp-json\/wp\/v2\/categories?post=594697"},{"taxonomy":"post_tag","embeddable":true,"href":"https:\/\/www.europesays.com\/fr\/wp-json\/wp\/v2\/tags?post=594697"}],"curies":[{"name":"wp","href":"https:\/\/api.w.org\/{rel}","templated":true}]}}