{"id":594699,"date":"2025-12-12T10:03:18","date_gmt":"2025-12-12T10:03:18","guid":{"rendered":"https:\/\/www.europesays.com\/fr\/594699\/"},"modified":"2025-12-12T10:03:18","modified_gmt":"2025-12-12T10:03:18","slug":"pourparlers-sur-lukraine-extremement-frustre-trump-perd-patience","status":"publish","type":"post","link":"https:\/\/www.europesays.com\/fr\/594699\/","title":{"rendered":"Pourparlers sur l&rsquo;Ukraine : \u00ab\u00a0extr\u00eamement frustr\u00e9\u00a0\u00bb, Trump perd patience"},"content":{"rendered":"<ul class=\"jsx-862013697 ArticleChapo__List\">\n<li class=\"jsx-862013697 ArticleChapo__List_Item flex\">Donald Trump a fait part jeudi de son exasp\u00e9ration face \u00e0 l&rsquo;absence de r\u00e9sultat des pourparlers pour mettre fin \u00e0 la guerre en Ukraine.<\/li>\n<li class=\"jsx-862013697 ArticleChapo__List_Item flex\">Washington somme Kiev d&rsquo;accepter des concessions territoriales qui pourraient comprendre une zone d\u00e9militaris\u00e9e.<\/li>\n<\/ul>\n<p><a href=\"https:\/\/www.tf1info.fr\/actualite\/guerre-ukraine-russie-une-rencontre-donald-trump-vladimir-poutine-historique-le-vendredi-15-aout-2025-en-alaska-sans-volodymyr-zelensky-14326\/\" rel=\"noopener\" class=\"jsx-484472199 Link jsx-1428418400 jsx-554215408\" target=\"_blank\"><\/p>\n<p style=\"font-weight:400\" class=\"jsx-1837267516\">Suivez la couverture compl\u00e8te<\/p>\n<p style=\"font-weight:800\" class=\"jsx-1837267516\">Ukraine-Russie : la perspective de n\u00e9gociations relanc\u00e9e ?<\/p>\n<p><\/a><\/p>\n<p data-module=\"article-paragraph\" class=\"jsx-3046738180 Paragraph\">Donald Trump perd patience. <a href=\"https:\/\/www.tf1info.fr\/actualite\/donald-trump-10150\/\" target=\"_blank\" rel=\"noopener\">Le pr\u00e9sident am\u00e9ricain<\/a> a fait part jeudi de son exasp\u00e9ration face \u00e0 l&rsquo;absence de r\u00e9sultat des pourparlers pour mettre fin \u00e0 la guerre en Ukraine. Sa porte-parole Karoline Leavitt l&rsquo;assure : \u00ab\u00a0Il veut des actes.\u00a0\u00bb<\/p>\n<p data-module=\"article-paragraph\" class=\"jsx-3046738180 Paragraph Paragraph__End\">\u00ab\u00a0Le pr\u00e9sident est extr\u00eamement frustr\u00e9 par les deux camps impliqu\u00e9s dans cette guerre, et il en a assez des r\u00e9unions qui n&rsquo;ont d&rsquo;autre but que de se r\u00e9unir\u00a0\u00bb, a d\u00e9clar\u00e9 \u00e0 la presse Karoline Leavitt. \u00ab\u00a0Il ne veut plus des paroles. Il veut que cette guerre prenne fin\u00a0\u00bb, a-t-elle poursuivi, alors que les discussions s&rsquo;acc\u00e9l\u00e8rent. Donald Trump a d\u00e9clar\u00e9 mercredi que les dirigeants europ\u00e9ens voulaient organiser une r\u00e9union sur l&rsquo;Ukraine ce week-end, mais que la participation am\u00e9ricaine n&rsquo;\u00e9tait pas acquise.<\/p>\n<blockquote class=\"jsx-2786790838 Quote__Text\"><p>Nous ne sommes toujours pas s\u00fbrs de savoir si une paix r\u00e9elle peut \u00eatre obtenue<\/p><\/blockquote>\n<p>Karoline Leavitt<\/p>\n<p data-module=\"article-paragraph\" class=\"jsx-3046738180 Paragraph\">\u00ab\u00a0S&rsquo;il y a une r\u00e9elle chance de signer un accord de paix, si nous sentons que ces r\u00e9unions m\u00e9ritent que quelqu&rsquo;un des \u00c9tats-Unis y consacre son temps ce week-end, alors nous enverrons un repr\u00e9sentant\u00a0\u00bb, a repris la porte-parole de l&rsquo;ex\u00e9cutif am\u00e9ricain. Avant de conclure : \u00ab\u00a0Nous ne sommes toujours pas s\u00fbrs de savoir si une paix r\u00e9elle peut \u00eatre obtenue et si nous pouvons v\u00e9ritablement faire avancer les choses\u00a0\u00bb.<\/p>\n<p data-module=\"article-paragraph\" class=\"jsx-3046738180 Paragraph Paragraph__End\">L&rsquo;administration am\u00e9ricaine a propos\u00e9 il y a pr\u00e8s de trois semaines un plan visant \u00e0 r\u00e9soudre la guerre, <a href=\"https:\/\/www.tf1info.fr\/international\/guerre-ukraine-russie-une-liste-de-souhaits-russe-pourquoi-le-plan-trump-pour-l-ukraine-etait-si-favorable-a-poutine-2408571.html\" target=\"_blank\" rel=\"noopener\">en reprenant des exigences majeures de Moscou.<\/a> <a href=\"https:\/\/www.tf1info.fr\/international\/direct-guerre-ukraine-russie-zelensky-pret-a-envoyer-sa-proposition-revisee-du-plan-trump-les-dernieres-informations-mercredi-9-decembre-2025-2411849.html\" target=\"_blank\" rel=\"noopener\">Kiev a remis en d\u00e9but de semaine (nouvelle fen\u00eatre)<\/a> une version amend\u00e9e de ce texte comprenant des contre-propositions. Selon <a href=\"https:\/\/www.tf1info.fr\/international\/guerre-ukraine-russie-garanties-de-securite-legalite-les-conditions-de-volodymyr-zelensky-pour-organiser-des-elections-en-ukraine-2411939.html\" target=\"_blank\" rel=\"noopener\">Volodymyr Zelensky (nouvelle fen\u00eatre)<\/a>, les deux questions essentielles restant \u00e0 n\u00e9gocier sont le contr\u00f4le de la r\u00e9gion orientale de Donetsk, o\u00f9 se d\u00e9roule l&rsquo;essentiel des combats, et le statut de la centrale nucl\u00e9aire de Zaporijia, occup\u00e9e par Moscou dans le sud du pays.\u00a0<\/p>\n<p><a href=\"https:\/\/www.tf1info.fr\/international\/direct-guerre-ukraine-russie-kiev-a-remis-a-washington-sa-version-du-plan-de-reglement-donald-trump-impatient-les-dernieres-informations-jeudi-11-decembre-2025-2412082.html\" rel=\"noopener\" class=\"jsx-3308031228 Link flex\" target=\"_blank\"><img decoding=\"async\" src=\"https:\/\/www.europesays.com\/fr\/wp-content\/uploads\/2025\/11\/donald-trump-27-novembre-82edc5-1@1x.jpeg\" alt=\"Pete Marovich \/ GETTY IMAGES NORTH AMERICA \/ Getty Images via AFP\" loading=\"lazy\" importance=\"low\" fetchpriority=\"low\" class=\"\" aria-hidden=\"true\"\/><\/p>\n<p class=\"jsx-3657663356 ReadMoreArticle__Title\">Lire aussi<\/p>\n<p class=\"jsx-3657663356\">Guerre en Ukraine : des propositions sur les concessions territoriales soumises \u00e0 Donald Trump<\/p>\n<p><\/a><\/p>\n<p data-module=\"article-paragraph\" class=\"jsx-3046738180 Paragraph\">Le pr\u00e9sident ukrainien a assur\u00e9 que Washington \u00ab\u00a0voit les forces ukrainiennes se retirer\u00a0\u00bb de la partie de la r\u00e9gion de Donetsk qu&rsquo;elles contr\u00f4lent encore et qui serait transform\u00e9e en \u00ab\u00a0zone \u00e9conomique libre\u00a0\u00bb ou \u00ab\u00a0zone d\u00e9militaris\u00e9e\u00a0\u00bb. En \u00e9change, <a href=\"https:\/\/www.tf1info.fr\/international\/direct-guerre-ukraine-russie-kiev-a-remis-a-washington-sa-version-du-plan-de-reglement-donald-trump-impatient-les-dernieres-informations-jeudi-11-decembre-2025-2412082.html\" target=\"_blank\" rel=\"noopener\">l&rsquo;arm\u00e9e russe se retirerait des zones sous son contr\u00f4le dans les r\u00e9gions de Soumy, Kharkiv et Dnipropetrovsk<\/a> (nord, nord-est et centre-est), mais se maintiendrait dans celles de Kherson et Zaporijia (sud).<\/p>\n<p data-module=\"article-paragraph\" class=\"jsx-3046738180 Paragraph Paragraph__End\">La r\u00e9gion de Donetsk, contr\u00f4l\u00e9e \u00e0 plus de 80% par la Russie, et celle voisine de Lougansk, presque totalement sous son contr\u00f4le, sont l&rsquo;objectif prioritaire du Kremlin en Ukraine. Moscou revendique depuis 2022 leur annexion, tout comme celle de deux autres r\u00e9gions du sud, celles de Kherson et Zaporijia, que les forces russes occupent partiellement. L&rsquo;id\u00e9e d&rsquo;une zone d\u00e9militaris\u00e9e dans des territoires que la Russie n&rsquo;a pas r\u00e9ussi \u00e0 conqu\u00e9rir en pr\u00e8s de quatre ans d&rsquo;intenses combats repr\u00e9senterait une concession majeure de Kiev, qui \u00e9viterait cependant d&rsquo;y renoncer formellement.\u00a0<\/p>\n<p>T.G. avec AFP<\/p>\n","protected":false},"excerpt":{"rendered":"Donald Trump a fait part jeudi de son exasp\u00e9ration face \u00e0 l&rsquo;absence de r\u00e9sultat des pourparlers pour mettre&hellip;\n","protected":false},"author":2,"featured_media":594700,"comment_status":"","ping_status":"","sticky":false,"template":"","format":"standard","meta":{"footnotes":""},"categories":[1590],"tags":[1111,11,1921,75,1777,674,1922,1916,12,220,1917,67457,133,1920,135,134],"class_list":{"0":"post-594699","1":"post","2":"type-post","3":"status-publish","4":"format-standard","5":"has-post-thumbnail","7":"category-ukraine","8":"tag-actu","9":"tag-actualites","10":"tag-article-video","11":"tag-donald-trump","12":"tag-eu","13":"tag-europe","14":"tag-info","15":"tag-moscou","16":"tag-news","17":"tag-ukraine","18":"tag-ukraine-4-annee-de-guerre","19":"tag-ukraine-russie-la-perspective-de-negociations-relancee","20":"tag-video","21":"tag-video-international","22":"tag-vladimir-poutine","23":"tag-volodymyr-zelensky"},"share_on_mastodon":{"url":"https:\/\/pubeurope.com\/@fr\/115706030851070608","error":""},"_links":{"self":[{"href":"https:\/\/www.europesays.com\/fr\/wp-json\/wp\/v2\/posts\/594699","targetHints":{"allow":["GET"]}}],"collection":[{"href":"https:\/\/www.europesays.com\/fr\/wp-json\/wp\/v2\/posts"}],"about":[{"href":"https:\/\/www.europesays.com\/fr\/wp-json\/wp\/v2\/types\/post"}],"author":[{"embeddable":true,"href":"https:\/\/www.europesays.com\/fr\/wp-json\/wp\/v2\/users\/2"}],"replies":[{"embeddable":true,"href":"https:\/\/www.europesays.com\/fr\/wp-json\/wp\/v2\/comments?post=594699"}],"version-history":[{"count":0,"href":"https:\/\/www.europesays.com\/fr\/wp-json\/wp\/v2\/posts\/594699\/revisions"}],"wp:featuredmedia":[{"embeddable":true,"href":"https:\/\/www.europesays.com\/fr\/wp-json\/wp\/v2\/media\/594700"}],"wp:attachment":[{"href":"https:\/\/www.europesays.com\/fr\/wp-json\/wp\/v2\/media?parent=594699"}],"wp:term":[{"taxonomy":"category","embeddable":true,"href":"https:\/\/www.europesays.com\/fr\/wp-json\/wp\/v2\/categories?post=594699"},{"taxonomy":"post_tag","embeddable":true,"href":"https:\/\/www.europesays.com\/fr\/wp-json\/wp\/v2\/tags?post=594699"}],"curies":[{"name":"wp","href":"https:\/\/api.w.org\/{rel}","templated":true}]}}