{"id":594703,"date":"2025-12-12T10:05:15","date_gmt":"2025-12-12T10:05:15","guid":{"rendered":"https:\/\/www.europesays.com\/fr\/594703\/"},"modified":"2025-12-12T10:05:15","modified_gmt":"2025-12-12T10:05:15","slug":"le-brexit-piege-des-medecins-francais","status":"publish","type":"post","link":"https:\/\/www.europesays.com\/fr\/594703\/","title":{"rendered":"le Brexit pi\u00e8ge des m\u00e9decins fran\u00e7ais"},"content":{"rendered":"\n<p>Quant \u00e0 Andr\u00e9a Poupart, qui faisait partie de la derni\u00e8re cohorte encore consid\u00e9r\u00e9e europ\u00e9enne, a vu son dipl\u00f4me basculer dans la cat\u00e9gorie \u00ab\u00a0<strong>hors UE<\/strong>\u00a0\u00bb. Pour cette jeune Fran\u00e7aise install\u00e9e au <a href=\"https:\/\/lesfrancais.press\/au-royaume-uni-la-tva-empeche-la-scolarite-de-jeunes-francais\/\" target=\"_blank\" rel=\"noopener\">Royaume-Uni<\/a> depuis ses 18 ans, la situation est absurde\u00a0: \u00ab\u00a0le plus dur, c\u2019est d\u2019\u00eatre fran\u00e7aise\u2026 et trait\u00e9e comme un outcast.\u00a0\u00bb Son p\u00e8re \u00e9tant malade en France, elle voudrait rentrer\u00a0: \u00ab\u00a0Mais des proc\u00e9dures administratives m\u2019emp\u00eachent d\u2019utiliser un dipl\u00f4me que j\u2019ai mis des ann\u00e9es \u00e0 obtenir.\u00a0\u00bb<\/p>\n<p>Caroline Memmi se souvient ainsi du choc de janvier 2021. Au milieu de sa troisi\u00e8me ann\u00e9e de m\u00e9decine \u00e0 <a href=\"https:\/\/lesfrancais.press\/salon-associations-francaises-londres\/\" target=\"_blank\" rel=\"noopener\">Londres<\/a>, elle d\u00e9couvre que le Brexit l\u2019emp\u00eachera de passer <strong>l\u2019internat fran\u00e7ais<\/strong>.<br \/>\u00ab\u00a0Ni mon universit\u00e9, ni l\u2019Ordre, ni le CNG (<a href=\"https:\/\/www.cng.sante.fr\/\" target=\"_blank\" rel=\"noopener\">Centre<\/a> national de gestion) ne savaient quoi r\u00e9pondre.\u00a0\u00bb Tr\u00e8s vite, elle comprend qu\u2019elle devra suivre une proc\u00e9dure lourde et incertaine pour esp\u00e9rer exercer en France.<\/p>\n","protected":false},"excerpt":{"rendered":"Quant \u00e0 Andr\u00e9a Poupart, qui faisait partie de la derni\u00e8re cohorte encore consid\u00e9r\u00e9e europ\u00e9enne, a vu son dipl\u00f4me&hellip;\n","protected":false},"author":2,"featured_media":594704,"comment_status":"","ping_status":"","sticky":false,"template":"","format":"standard","meta":{"footnotes":""},"categories":[1588],"tags":[11,1057,1777,674,20019,12,473,1853,71,1851,1850,1852,70761],"class_list":{"0":"post-594703","1":"post","2":"type-post","3":"status-publish","4":"format-standard","5":"has-post-thumbnail","7":"category-royaume-uni","8":"tag-actualites","9":"tag-education","10":"tag-eu","11":"tag-europe","12":"tag-lactu-des-expats","13":"tag-news","14":"tag-royaume-uni","15":"tag-royaume-uni-de-grande-bretagne-et-dirlande-du-nord","16":"tag-sante","17":"tag-uk","18":"tag-united-kingdom","19":"tag-united-kingdom-of-great-britain-and-northern-ireland","20":"tag-vie-consulaire"},"share_on_mastodon":{"url":"https:\/\/pubeurope.com\/@fr\/115706037850649495","error":""},"_links":{"self":[{"href":"https:\/\/www.europesays.com\/fr\/wp-json\/wp\/v2\/posts\/594703","targetHints":{"allow":["GET"]}}],"collection":[{"href":"https:\/\/www.europesays.com\/fr\/wp-json\/wp\/v2\/posts"}],"about":[{"href":"https:\/\/www.europesays.com\/fr\/wp-json\/wp\/v2\/types\/post"}],"author":[{"embeddable":true,"href":"https:\/\/www.europesays.com\/fr\/wp-json\/wp\/v2\/users\/2"}],"replies":[{"embeddable":true,"href":"https:\/\/www.europesays.com\/fr\/wp-json\/wp\/v2\/comments?post=594703"}],"version-history":[{"count":0,"href":"https:\/\/www.europesays.com\/fr\/wp-json\/wp\/v2\/posts\/594703\/revisions"}],"wp:featuredmedia":[{"embeddable":true,"href":"https:\/\/www.europesays.com\/fr\/wp-json\/wp\/v2\/media\/594704"}],"wp:attachment":[{"href":"https:\/\/www.europesays.com\/fr\/wp-json\/wp\/v2\/media?parent=594703"}],"wp:term":[{"taxonomy":"category","embeddable":true,"href":"https:\/\/www.europesays.com\/fr\/wp-json\/wp\/v2\/categories?post=594703"},{"taxonomy":"post_tag","embeddable":true,"href":"https:\/\/www.europesays.com\/fr\/wp-json\/wp\/v2\/tags?post=594703"}],"curies":[{"name":"wp","href":"https:\/\/api.w.org\/{rel}","templated":true}]}}