{"id":594707,"date":"2025-12-12T10:08:16","date_gmt":"2025-12-12T10:08:16","guid":{"rendered":"https:\/\/www.europesays.com\/fr\/594707\/"},"modified":"2025-12-12T10:08:16","modified_gmt":"2025-12-12T10:08:16","slug":"pourquoi-abandonner-le-devoir-de-vigilance-presente-un-risque-pour-lavenir-industriel-et-ecologique-de-leurope","status":"publish","type":"post","link":"https:\/\/www.europesays.com\/fr\/594707\/","title":{"rendered":"pourquoi abandonner le devoir de vigilance pr\u00e9sente un risque pour l\u2019avenir industriel et \u00e9cologique de l\u2019Europe"},"content":{"rendered":"<p>        Lire\u00a0plus\u00a0tard      <\/p>\n<p><a aria-label=\"Nous suivre sur Google News\" href=\"https:\/\/news.google.com\/publications\/CAAqBwgKMJe4nQkw3dFs?hl=fr&amp;gl=FR&amp;ceid=FR%3Afr\" target=\"_blank\" data-piano=\"Page_Article,Sous_date_publi,Nous_suivre_sur_google_news,1er_clic,action\" class=\"btn btn--small btn--tertiary btn--icon-only\" rel=\"noopener\"><\/p>\n<p>      Google Actualit\u00e9s<br \/>\n  <\/a><\/p>\n<p>  Partager<\/p>\n<p>        Facebook<\/p>\n<p>        Bluesky<\/p>\n<p>        E-mail<\/p>\n<p>        Copier le lien<\/p>\n<p>      Envoyer<\/p>\n<p>      S\u2019abonner    <\/p>\n<p class=\"node__paragraphe antonia-750r text-grey-800 pb-24 pb-md-32\">\nEn tant qu\u2019entreprises engag\u00e9es, nous mesurons pleinement l\u2019immense responsabilit\u00e9 qui nous incombe.\u00a0Ensemble avec les gouvernements, si nous \u00e9chouons \u00e0 construire une \u00e9conomie qui respecte les humains, pr\u00e9serve la nature et l\u2019\u00e9quilibre du climat, nous condamnons notre soci\u00e9t\u00e9 \u00e0 un sombre avenir\u00a0: celui du chaos climatique et de l\u2019effondrement de nos \u00e9conomies.<\/p>\n<p class=\"latino-500b text-grey-600 pb-16\">Lire aussi<\/p>\n<p><a href=\"https:\/\/www.nouvelobs.com\/ecologie\/20251110.OBS109606\/cedric-philibert-nous-avons-presque-toutes-les-technologies-necessaires-pour-sortir-des-energies-fossiles.html\" data-article-key=\"20251110.OBS109606\" class=\"link--box flex-grow-1\" data-piano=\"Page_Article,Lire_aussi,,Lien1,navigation\" target=\"_blank\" rel=\"noopener\"><\/p>\n<p>                <img decoding=\"async\" src=\"data:image\/svg+xml,%3Csvg%20xmlns%3D%27http%3A%2F%2Fwww.w3.org%2F2000%2Fsvg%27%20fill%3D%22%23e4e4e4%22%20viewBox%3D%270%200%20120%2080%27%20width%3D%22120%22%20height%3D%2280%22%3E%3Cpath%20d%3D%27M0%200h120v80H0z%27%2F%3E%3C%2Fsvg%3E\"  width=\"120\" height=\"80\" loading=\"lazy\" alt=\"Le parc \u00e9olien offshore des \u00eeles d\u2019Yeu et Noirmoutier, en construction, le 5\u00a0septembre 2025. \"\/><\/p>\n<p class=\"latino-300r latino-lg-600m text-grey-800\">\n                      <strong class=\"latino-300b latino-lg-600m text-grey-500\">Entretien\u00a0<\/strong><br \/>\n                    C\u00e9dric Philibert, chercheur\u00a0: \u00ab\u00a0Nous avons presque toutes les technologies n\u00e9cessaires pour sortir des \u00e9nergies fossiles\u00a0\u00bb        <\/p>\n<p><\/a><\/p>\n<p class=\"node__paragraphe antonia-750r text-grey-800 pb-24 pb-md-32\">\nDans ce contexte d\u2019urgence, la dynamique actuelle de d\u00e9r\u00e9gulation engag\u00e9e au sein des institutions europ\u00e9ennes suscite en nous une profonde inqui\u00e9tude.\u00a0L\u2019aboutissement de la directive \u00ab\u00a0Omnibus I\u00a0\u00bb sur les normes de durabilit\u00e9 des entreprises, premi\u00e8re d\u2019une s\u00e9rie de treize autres \u00ab\u00a0Omnibus\u00a0\u00bb, est une \u00e9ch\u00e9ance d\u00e9terminante\u00a0: il cr\u00e9era un pr\u00e9c\u00e9dent pour tous les prochains. Quelques jours avant le vote final au Parlement europ\u00e9en, mardi 16\u00a0d\u00e9cembre, nos entreprises appellent nos responsables politiques europ\u00e9ens \u00e0 ne pas se tromper de combat.<\/p>\n<p class=\"node__paragraphe antonia-750r text-grey-800 pb-24 pb-md-32\">\nSi nos entreprises soutiennent pleinement la n\u00e9cessit\u00e9 de simplifier les proc\u00e9dures afin d\u2019am\u00e9liorer notre efficacit\u00e9, nous ne pouvons souscrire au d\u00e9mant\u00e8lement acc\u00e9l\u00e9r\u00e9 des protections sociales et environnementales, qui est en cours aujourd\u2019hui, sous la pression de puissances \u00e9trang\u00e8res.\u00a0Ce choix politique fait peser un risque r\u00e9el de perte de souverainet\u00e9 europ\u00e9enne\u00a0: l\u2019Union ne saurait pr\u00e9tendre rivaliser avec les grandes puissances en s\u2019engageant dans une course au moins-disant r\u00e9glementaire.<\/p>\n<p>Une erreur strat\u00e9gique majeure<\/p>\n<p class=\"node__paragraphe antonia-750r text-grey-800 pb-24 pb-md-32\">\nAux c\u00f4t\u00e9s des responsables politiques, nous avons salu\u00e9, en\u00a02024, l\u2019adoption de la l\u00e9gislation europ\u00e9enne sur le devoir de vigilance des grandes entreprises. C\u2019\u00e9tait une avanc\u00e9e historique et capitale.\u00a0Cette directive, malgr\u00e9 la lourdeur de mise en \u0153uvre, offrait enfin un cadre clair et harmonis\u00e9 aux grandes entreprises pour contribuer \u00e0 la transition, donnant l\u2019exemple pour toutes les plus petites, qui suivraient dans leur sillon.<\/p>\n<p class=\"node__paragraphe antonia-750r text-grey-800 pb-24 pb-md-32\">\nEt ce cadre \u00e9tait ambitieux, une premi\u00e8re \u00e0 l\u2019international\u00a0: les grandes entreprises allaient collectivement devoir aligner leurs activit\u00e9s sur l\u2019accord de Paris de 2015\u00a0et la neutralit\u00e9 climatique de l\u2019Europe \u00e0 2050.\u00a0Leur responsabilit\u00e9 quant aux atteintes humaines et environnementales pouvant survenir dans leur cha\u00eene de valeur \u00e9tait \u00e9galement pour la premi\u00e8re fois juridiquement \u00e9tablie.\u00a0Ainsi, les pratiques responsables de nos entreprises engag\u00e9es, jusque-l\u00e0 en comp\u00e9tition avec celles d\u2019entreprises ayant recours \u00e0 des pratiques au rabais \u00e0 l\u2019\u00e9tranger pour r\u00e9duire leurs co\u00fbts, \u00e9taient pour la premi\u00e8re fois reconnues comme la norme.\u00a0Nous allions renforcer notre comp\u00e9titivit\u00e9 au sein du march\u00e9 europ\u00e9en.<\/p>\n<p class=\"latino-500b text-grey-600 pb-16\">Lire aussi<\/p>\n<p><a href=\"https:\/\/www.nouvelobs.com\/ecologie\/20251211.OBS110570\/pascal-canfin-le-sauve-qui-peut-de-l-europe-face-a-pekin-et-washington-menace-l-existence-du-pacte-vert.html\" data-article-key=\"20251211.OBS110570\" class=\"link--box flex-grow-1\" data-piano=\"Page_Article,Lire_aussi,,Lien2,navigation\" target=\"_blank\" rel=\"noopener\"><\/p>\n<p>                <img decoding=\"async\" src=\"data:image\/svg+xml,%3Csvg%20xmlns%3D%27http%3A%2F%2Fwww.w3.org%2F2000%2Fsvg%27%20fill%3D%22%23e4e4e4%22%20viewBox%3D%270%200%20120%2080%27%20width%3D%22120%22%20height%3D%2280%22%3E%3Cpath%20d%3D%27M0%200h120v80H0z%27%2F%3E%3C%2Fsvg%3E\"  width=\"120\" height=\"80\" loading=\"lazy\" alt=\"Pascal Canfin, eurod\u00e9put\u00e9 Renew, \u00e0 Bruxelles le 5\u00a0f\u00e9vrier 2025.\"\/><\/p>\n<p class=\"latino-300r latino-lg-600m text-grey-800\">\n                      <strong class=\"latino-300b latino-lg-600m text-grey-500\">Entretien\u00a0<\/strong><br \/>\n                    Pascal Canfin\u00a0: \u00ab\u00a0Le sauve-qui-peut de l\u2019Europe face \u00e0 P\u00e9kin et Washington menace l\u2019existence du Pacte vert\u00a0\u00bb        <\/p>\n<p><\/a><\/p>\n<p class=\"node__paragraphe antonia-750r text-grey-800 pb-24 pb-md-32\">\nAujourd\u2019hui, nous jugeons l\u2019amoindrissement des obligations europ\u00e9ennes de vigilance des grandes entreprises par le biais de la directive \u00ab\u00a0Omnibus I\u00a0\u00bb comme une erreur strat\u00e9gique majeure. Elle met en p\u00e9ril les engagements europ\u00e9ens en mati\u00e8re de lutte contre le changement climatique.\u00a0Comment atteindre \u00ab\u00a0l\u2019objectif de r\u00e9duction des \u00e9missions \u00e0 90\u00a0% d\u2019ici 2040\u00a0\u00bb valid\u00e9 lors de <a href=\"https:\/\/www.nouvelobs.com\/_abr\/lire_aussi\/avec_image?u=%2Fecologie%2F20251110.OBS109618%2Fen-direct-se-lamenter-n-est-pas-une-strategie-lance-le-chef-de-l-onu-climat.html\" target=\"_blank\" rel=\"noopener\">la COP30 \u00e0 Bel\u00e9m<\/a>, au Br\u00e9sil, par nos responsables dans un discours engag\u00e9, si l\u2019ensemble des acteurs \u00e9conomiques ne sont pas conjointement motiv\u00e9s \u00e0 investir dans leur transformation\u00a0?<\/p>\n<p>Transformer l\u2019\u00e9conomie mondiale<\/p>\n<p class=\"node__paragraphe antonia-750r text-grey-800 pb-24 pb-md-32\">\nC\u2019est pourquoi aujourd\u2019hui, nos entreprises europ\u00e9ennes engag\u00e9es\u00a0appellent le Parlement europ\u00e9en et les Etats membres de l\u2019Union europ\u00e9enne \u00e0 refuser l\u2019issue du trilogue sur \u00ab\u00a0Omnibus I\u00a0\u00bb, afin de pr\u00e9server\u00a0le c\u0153ur du devoir de vigilance, et plus particuli\u00e8rement\u00a0:<\/p>\n<ul class=\"node__bulletedList antonia-750r text-grey-800 pb-24 pb-md-40\">\n<li>l\u2019article\u00a08 sur\u00a0l\u2019obligation pour les entreprises d\u2019analyser les effets de leurs activit\u00e9s tout au long de leurs cha\u00eenes de valeur,<\/li>\n<li>l\u2019article 22 sur les plans de transition climatique afin d\u2019assurer l\u2019orientation des investissements des entreprises vers une \u00e9conomie d\u00e9carbon\u00e9e,<\/li>\n<li>l\u2019article 29 sur la responsabilit\u00e9 civile des entreprises, garantissant le maintien de pratiques respectant les droits humains tout au long de cha\u00eenes de valeur.<\/li>\n<\/ul>\n<p class=\"node__paragraphe antonia-750r text-grey-800 pb-24 pb-md-32\">\nPlus que jamais, pr\u00e9servons le cap europ\u00e9en\u00a0! Celui d\u2019un continent pionnier, capable d\u2019\u00e9tablir des standards \u00e9lev\u00e9s, de promouvoir des pratiques exemplaires et de faire de ses normes un levier d\u2019influence pour transformer l\u2019\u00e9conomie mondiale. C\u2019est \u00e0 cette condition que l\u2019Europe pourra r\u00e9ussir sa transition et maintenir sa puissance \u00e9conomique \u00e0 l\u2019international.<\/p>\n<p class=\"node__paragraphe antonia-750r text-grey-800 pb-24 pb-md-32\">\n<strong>Signataires<\/strong><\/p>\n<p class=\"node__paragraphe antonia-750r text-grey-800 pb-24 pb-md-32\">\n<strong>Laure Fourteau-Lemarchand<\/strong>, consultante de DUET et codirigeante de la Climate House\u00a0; <strong>Ma\u00efka Nuti<\/strong>, codirigeante de la Climate House\u00a0; <strong>Arnaud Vanpoperinghe<\/strong>, pr\u00e9sident-directeur g\u00e9n\u00e9ral de Tikamoon\u00a0; <strong>Fran\u00e7ois Lemarchand<\/strong>, fondateur de Nature &amp;\u00a0D\u00e9couvertes et pr\u00e9sident de la Fondation Lemarchand\u00a0; <strong>Laurence Grandcolas<\/strong>, fondatrice de MySezame\u00a0; <strong>Pierre-Yves Sanchis<\/strong>, fondateur de Youmatter\u00a0; <strong>Bertrand Bailly,<\/strong> CEO de Davidson\u00a0; <strong>Antoine Lemarchand<\/strong>, CEO de Mercator\/Nouvel Atlas\u00a0; <strong>Thibault Lamarque<\/strong>, pr\u00e9sident de Castalie\u00a0; <strong>Aliz\u00e9e Lozac\u2019hmeur<\/strong>, co-fondatrice de Makesense\u00a0; <strong>Claudio Muskus<\/strong>, directeur g\u00e9n\u00e9ral de Fermes d\u2019Avenir\u00a0; <strong>Solenne Ojea-Devys<\/strong>, directeur g\u00e9n\u00e9ral de Okko Hotels\u00a0; <strong>Alexis Marant<\/strong>, directeur d\u00e9l\u00e9gu\u00e9 de Yes Futur\u00a0; <strong>Romain Millet<\/strong>, CEO de Millet Mountain Group\u00a0; <strong>Ludovic Flandin<\/strong>, vice-pr\u00e9sident de WeAreEurope\u00a0; <strong>Thomas Breuzard<\/strong>, co-pr\u00e9sident de B Lab France\u00a0; <strong>Sacha Millet<\/strong>, membre du board de Millet\u00a0; <strong>Philippe Lemarchand<\/strong>, pr\u00e9sident de Chilow\u00e9 (All Born Explorers)\u00a0; <strong>Rose-May Lucotte<\/strong>, cofondatrice et directrice g\u00e9n\u00e9rale adjointe de ChangeNOW\u00a0; <strong>Julie Stoll<\/strong>, d\u00e9l\u00e9gu\u00e9e g\u00e9n\u00e9rale de Commerce Equitable France\u00a0; <strong>David S\u00e8ve<\/strong>, directeur de la Fondation Nature &amp;\u00a0D\u00e9couvertes\u00a0; <strong>Lucas Lefebvre<\/strong>, cofondateur de la Fourche\u00a0; <strong>Nathan Labat<\/strong>, CEO de la Fourche\u00a0; <strong>Cyrielle Callot,<\/strong> pr\u00e9sidente et codirectrice g\u00e9n\u00e9rale des Alchimistes\u00a0; <strong>S\u00e9verin Prats<\/strong>, pr\u00e9sident de Ethi\u2019Kdo, Kadoresto et Ethikpay\u00a0; <strong>Brieuc Saffr\u00e9<\/strong>, pr\u00e9sident de Circulab\u00a0; <strong>C\u00e9line R\u00e9my,<\/strong> pr\u00e9sidente de CR INVEST\u00a0; <strong>Philippe Schiesser,<\/strong> cofondateur de InterScores\u00a0; <strong>Luna Raix,<\/strong> charg\u00e9e de projets \u00e9v\u00e9nementiels de la Climate House\u00a0; <strong>Jaela Barne,<\/strong> operations project manager chez Crushon,\u00a0; <strong>Lo\u00efc Bar,<\/strong> administrateur de Planet is the Limit\u00a0; <strong>Hadrien Ormieres,<\/strong> entrepreneur de Victoria Garden Appart H\u00f4tels\u00a0; <strong>Pascal Decary,<\/strong> CEO de Verdensis Conseils\u00a0; <strong>Caroline Pons-Hollande,<\/strong> chef d\u2019entreprise agricole de la Ferme du Prieur\u00e9\u00a0; <strong>Delphine Darmon,<\/strong> fondatrice de Demain n\u2019attend pas\u00a0; <strong>Jean-Marie Perbost,<\/strong> cofondateur de la Belle Transition\u00a0; <strong>Solenn Marquette,<\/strong> operating partner de Scaling Impact\u00a0; <strong>Florence Bardin,<\/strong> fondatrice de l\u2019Agence F\u00a0; <strong>J\u00e9r\u00f4me Sussfeld,<\/strong> cofondateur de Nestore\u00a0; <strong>Kako Dubs,<\/strong> fondatrice de Waaas\u00a0; <strong>Olivia Walker,<\/strong> associ\u00e9 de Greensmiling\u00a0; <strong>Laura Beaulier,<\/strong> directrice g\u00e9n\u00e9rale de Climate Dividends\u00a0; <strong>Maud Mielvaque,<\/strong> cofondatrice d\u2019Adaptation\/s\u00a0; <strong>Bruno Menu,<\/strong> cofondateur de Granular Energy\u00a0; <strong>Brigitte Burnand,<\/strong> responsable de Home \u00e9l\u00e9gance\u00a0; <strong>Aude Serrano,<\/strong> directrice d\u2019Ecopia\u00a0; <strong>Nicolas Morby,<\/strong> fondateur de Coz\u00e9tik\u00a0; <strong>St\u00e9phanie Messager,<\/strong> fondatrice de ReNaisSens Conseil\u00a0; <strong>Olivia Blanchard,<\/strong> pr\u00e9sidente d\u2019Acteurs de la finance responsable\u00a0; <strong>A\u00efna Queiroz,<\/strong> pr\u00e9sidente de A\u00efna l\u2019Exploratrice\u00a0; <strong>Romain Cousi,<\/strong> pr\u00e9sident de C3llar Wine Society\u00a0; <strong>Ana\u00efs Bon, <\/strong>pr\u00e9sidente de Centaur\u00e9e S.A.S.U.\u00a0; <strong>Etienne Campredon,<\/strong> dirigeant de Pomelo &amp;\u00a0Co\u00a0; <strong>Johanna Wagner,<\/strong> pr\u00e9sidente cofondatrice de Join EDuC\u00a0; <strong>Olivier Cueille,<\/strong> copropri\u00e9taire et cofondateur de Montrieux le Hameau et de la Climate House\u00a0; <strong>Benoit Boulet,<\/strong> CEO de Nortier Emballages\u00a0; <strong>Alain Risbourg,<\/strong> dirigeant de Covivance\u00a0; <strong>Ma\u00eblle Caravaca,<\/strong> pr\u00e9sidente et conseill\u00e8re en gestion priv\u00e9e de la Cr\u00e8merie\u00a0; <strong>S\u00e9bastien Descours,<\/strong> cofondateur de Fideo\u00a0; <strong>Hugo Chague,<\/strong> pr\u00e9sident de Tekimpact\u00a0; <strong>Estelle Fasola,<\/strong> pr\u00e9sidente et cofondatrice de Pongo Conseil\u00a0; <strong>Anne Gerset,<\/strong> fund manager de Makesense\u00a0; <strong>Jessy Resmond,<\/strong> g\u00e9rant d\u2019Optique Demay\u00a0; <strong>Laurent Michelet,<\/strong> fondateur de Mondoberri\u00a0; <strong>Ariane Ph\u00e9lizot,<\/strong> fondatrice et directrice g\u00e9n\u00e9rale de Godeca Conseil\u00a0; <strong>S\u00e9bastien Delpont,<\/strong> pr\u00e9sident de Ressorts\u00a0; <strong>Alexandra Emery,<\/strong> pr\u00e9sidente et fondatrice de Proplink\u00a0; <strong>Julien Hostache,<\/strong> pr\u00e9sident et cofondateur d\u2019Enerfip\u00a0; <strong>Sylvain Le Falher,<\/strong> cofondateur de Hello Watt\u00a0; <strong>Ma\u00eblle Le Millin,<\/strong> directrice g\u00e9n\u00e9rale de BioAlva\u00a0; <strong>H\u00e9l\u00e8ne Lepetit,<\/strong> pr\u00e9sidente de Very Good Future\u00a0; <strong>S\u00e9bastien Samuel,<\/strong> directeur g\u00e9n\u00e9ral de L1 Earth\u00a0; <strong>Cyril Vermeulen,<\/strong> pr\u00e9sident d\u2019Aliquini\u00a0; <strong>Antoine Chamussy,<\/strong> cofondateur et directeur g\u00e9n\u00e9ral d\u2019Avelana\u00a0; <strong>S\u00e9bastien Jamme,<\/strong> dirigeant de Enerfip\u00a0; <strong>Timoth\u00e9e Quellard,<\/strong> cofondateur d\u2019Ekodev\u00a0; <strong>Pauline Roulleau,<\/strong> cofondatrice d\u2019Ici &amp;\u00a0Demain\u00a0; <strong>Floriane Youness,<\/strong> responsable d\u00e9veloppement de la Fondation Horizon &amp;\u00a0Beyond, et d\u2019Horizon Trading Solutions\u00a0; <strong>Luc Monvoisin,<\/strong> fondateur de Kataba\u00a0; <strong>C\u00e9lia Roussin,<\/strong> fondatrice de P\u00e9pite Raisin\u00a0; <strong>Jean-Charles Morisseau,<\/strong> pr\u00e9sident de Cleante\u00a0; <strong>Jean-Paul B\u00e9lud,<\/strong> fondateur et dirigeant d\u2019Entrepreneurs Support Services\u00a0; <strong>Jean Bazin,<\/strong> pr\u00e9sident de Soleil Beaujolais\u00a0; <strong>Thomas Busuttil,<\/strong> fondateur et dirigeant de la Cinqui\u00e8me Saison\u00a0; <strong>Virgile Raingeard,<\/strong> CEO de Figures\u00a0; <strong>Florent Piard,<\/strong> fondateur des R\u00e9sistants\u00a0; <strong>Herv\u00e9 Degreve,<\/strong> cofondateur de Vasco\u00a0; <strong>Marc Batty,<\/strong> pr\u00e9sident de FEVE\u00a0; <strong>Yann Valains,<\/strong> pr\u00e9sident de Maryan\u00a0; <strong>Ana\u00efs Blarel,<\/strong> copr\u00e9sidente de l\u2019Impact Cube\u00a0; <strong>Luc Pallavidino,<\/strong> cofondateur de You. switch\u00a0; <strong>Jean Paul Lieux,<\/strong> associ\u00e9 de Frugalis (JPLC)\u00a0; <strong>Yannick Chammings,<\/strong> CEO de Tiphereth\u00a0; <strong>Gr\u00e9goire Alston,<\/strong> cofondateur et CEO de ReSoil\u00a0; <strong>S\u00e9bastien de Hulster,<\/strong> dirigeant de Watou\u00a0; <strong>Thibaut Gabrillargues,<\/strong> pr\u00e9sident fondateur de Rivaje\u00a0; <strong>Magalie Jost,<\/strong> codirigeante de Nature et Aliments\u00a0; <strong>David Godest,<\/strong> CEO de Wangari\u00a0; <strong>Julien Jacob,<\/strong> fondateur d\u2019Aithical\u00a0; <strong>Mike O\u2019Rinel,<\/strong> dirigeant d\u2019Omega RSE\u00a0; <strong>Doroth\u00e9e Gautier,<\/strong> fondatrice d\u2019Odyssales\u00a0; <strong>Simon Mencarelli,<\/strong> dirigeant de Simon16\u00a0; <strong>Christine Dumas,<\/strong> directrice g\u00e9n\u00e9rale d\u00e9l\u00e9gu\u00e9e de Centravet\u00a0; <strong>Jean-Marie Perbost,<\/strong> cofondateur de la Belle Transition\u00a0; <strong>Patrick Noel,<\/strong> cofondateur de We Boost Your Project et pr\u00e9sident de Blue Bike Innovation\u00a0; <strong>Adrien Ramirez,<\/strong> cofondateur et directeur g\u00e9n\u00e9ral d\u00e9l\u00e9gu\u00e9 de Bellevilles<\/p>\n<p class=\"latino-600m text-green-500\">Cet article est une tribune, r\u00e9dig\u00e9e par un auteur ext\u00e9rieur<br \/>\n            au journal et dont le point de vue n\u2019engage pas la r\u00e9daction.<\/p>\n<p class=\"authors latino-600m text-grey-800\">\n<p>  Par\u00a0<br \/>\nUn collectif de dirigeants d\u2019entreprises<\/p>\n","protected":false},"excerpt":{"rendered":"Lire\u00a0plus\u00a0tard Google Actualit\u00e9s Partager Facebook Bluesky E-mail Copier le lien Envoyer S\u2019abonner En tant qu\u2019entreprises engag\u00e9es, nous mesurons&hellip;\n","protected":false},"author":2,"featured_media":594708,"comment_status":"","ping_status":"","sticky":false,"template":"","format":"standard","meta":{"footnotes":""},"categories":[1586],"tags":[17,70763,11,30721,24238,33,313,1777,674,13378,1011,27,12,1427,70762,25,15192],"class_list":{"0":"post-594707","1":"post","2":"type-post","3":"status-publish","4":"format-standard","5":"has-post-thumbnail","7":"category-europe","8":"tag-17","9":"tag-abandonner","10":"tag-actualites","11":"tag-cap","12":"tag-devoir","13":"tag-economie","14":"tag-entreprises","15":"tag-eu","16":"tag-europe","17":"tag-europeen","18":"tag-fr","19":"tag-france","20":"tag-news","21":"tag-opinions","22":"tag-preservons","23":"tag-republique-francaise","24":"tag-vigilance"},"share_on_mastodon":{"url":"https:\/\/pubeurope.com\/@fr\/115706049707504858","error":""},"_links":{"self":[{"href":"https:\/\/www.europesays.com\/fr\/wp-json\/wp\/v2\/posts\/594707","targetHints":{"allow":["GET"]}}],"collection":[{"href":"https:\/\/www.europesays.com\/fr\/wp-json\/wp\/v2\/posts"}],"about":[{"href":"https:\/\/www.europesays.com\/fr\/wp-json\/wp\/v2\/types\/post"}],"author":[{"embeddable":true,"href":"https:\/\/www.europesays.com\/fr\/wp-json\/wp\/v2\/users\/2"}],"replies":[{"embeddable":true,"href":"https:\/\/www.europesays.com\/fr\/wp-json\/wp\/v2\/comments?post=594707"}],"version-history":[{"count":0,"href":"https:\/\/www.europesays.com\/fr\/wp-json\/wp\/v2\/posts\/594707\/revisions"}],"wp:featuredmedia":[{"embeddable":true,"href":"https:\/\/www.europesays.com\/fr\/wp-json\/wp\/v2\/media\/594708"}],"wp:attachment":[{"href":"https:\/\/www.europesays.com\/fr\/wp-json\/wp\/v2\/media?parent=594707"}],"wp:term":[{"taxonomy":"category","embeddable":true,"href":"https:\/\/www.europesays.com\/fr\/wp-json\/wp\/v2\/categories?post=594707"},{"taxonomy":"post_tag","embeddable":true,"href":"https:\/\/www.europesays.com\/fr\/wp-json\/wp\/v2\/tags?post=594707"}],"curies":[{"name":"wp","href":"https:\/\/api.w.org\/{rel}","templated":true}]}}