{"id":594713,"date":"2025-12-12T10:11:16","date_gmt":"2025-12-12T10:11:16","guid":{"rendered":"https:\/\/www.europesays.com\/fr\/594713\/"},"modified":"2025-12-12T10:11:16","modified_gmt":"2025-12-12T10:11:16","slug":"video-pro-d2-limpressionnant-drop-de-la-victoire-de-corentin-glenat-ouvreur-de-soyaux-angouleme","status":"publish","type":"post","link":"https:\/\/www.europesays.com\/fr\/594713\/","title":{"rendered":"Vid\u00e9o. Pro D2 &#8211; L&rsquo;impressionnant drop de la victoire de Corentin Gl\u00e9nat, ouvreur de Soyaux-Angoul\u00eame"},"content":{"rendered":"<p>\n                Pour d\u00e9livrer les siens face \u00e0 Agen, ce jeudi soir, l&rsquo;Angoumoisin Corentin Glenat a claqu\u00e9 un drop de pr\u00e8s de 50 m\u00e8tres. Le voici en images.\n            <\/p>\n<p>La n\u00e9cessit\u00e9 de reprendre le contr\u00f4le de Chanzy, l&rsquo;inf\u00e9riorit\u00e9 num\u00e9rique \u00e0 la suite du carton rouge de Fa&rsquo;amausili (66e), le score de 19-20 pour Agen et le chrono qui affichait cinq minutes restantes&#8230; La tension \u00e9tait \u00e0 son comble, ce jeudi soir, pour l&rsquo;\u00e9quipe de Soyaux-Angoul\u00eame. Mais malgr\u00e9 tous les vents contraires, Corentin Glenat a pris ses responsabilit\u00e9s. Lanc\u00e9 par son demi de m\u00eal\u00e9e Emmanuel Saubusse, le demi d&rsquo;ouverture et buteur du SA XV (d\u00e9j\u00e0 auteur de 14 points face aux perches) armait sa frappe malgr\u00e9 la mont\u00e9e de trois d\u00e9fenseurs agenais. Pr\u00e8s de cinquante m\u00e8tres plus loin, la balle passait entre les poteaux. Chanzy pouvait exulter, ses prot\u00e9g\u00e9s reprenaient la main. Et n&rsquo;allaient plus la rendre.<\/p>\n<p>En conf\u00e9rence de presse, l&rsquo;entra\u00eeneur des avants Tanguy Kerdrain est revenu sur ce geste : \u00ab\u00a0C&rsquo;est une vraie satisfaction car il fallait \u00eatre courageux pour le tenter. Ce sont des moments d\u00e9cisifs, et \u00e0 une \u00e9poque ces moments-l\u00e0 ne passaient pas. Aujourd&rsquo;hui \u00e7a passe, donc on esp\u00e8re que \u00e7a va enclencher quelque chose pour l&rsquo;\u00e9quipe.\u00a0\u00bb<\/p>\n","protected":false},"excerpt":{"rendered":"Pour d\u00e9livrer les siens face \u00e0 Agen, ce jeudi soir, l&rsquo;Angoumoisin Corentin Glenat a claqu\u00e9 un drop de&hellip;\n","protected":false},"author":2,"featured_media":594714,"comment_status":"","ping_status":"","sticky":false,"template":"","format":"standard","meta":{"footnotes":""},"categories":[2],"tags":[11,1011,27,12,2308,25,68796],"class_list":{"0":"post-594713","1":"post","2":"type-post","3":"status-publish","4":"format-standard","5":"has-post-thumbnail","7":"category-actualites","8":"tag-actualites","9":"tag-fr","10":"tag-france","11":"tag-news","12":"tag-pro-d2","13":"tag-republique-francaise","14":"tag-rugby-u00e0-xv"},"share_on_mastodon":{"url":"https:\/\/pubeurope.com\/@fr\/115706061296296628","error":""},"_links":{"self":[{"href":"https:\/\/www.europesays.com\/fr\/wp-json\/wp\/v2\/posts\/594713","targetHints":{"allow":["GET"]}}],"collection":[{"href":"https:\/\/www.europesays.com\/fr\/wp-json\/wp\/v2\/posts"}],"about":[{"href":"https:\/\/www.europesays.com\/fr\/wp-json\/wp\/v2\/types\/post"}],"author":[{"embeddable":true,"href":"https:\/\/www.europesays.com\/fr\/wp-json\/wp\/v2\/users\/2"}],"replies":[{"embeddable":true,"href":"https:\/\/www.europesays.com\/fr\/wp-json\/wp\/v2\/comments?post=594713"}],"version-history":[{"count":0,"href":"https:\/\/www.europesays.com\/fr\/wp-json\/wp\/v2\/posts\/594713\/revisions"}],"wp:featuredmedia":[{"embeddable":true,"href":"https:\/\/www.europesays.com\/fr\/wp-json\/wp\/v2\/media\/594714"}],"wp:attachment":[{"href":"https:\/\/www.europesays.com\/fr\/wp-json\/wp\/v2\/media?parent=594713"}],"wp:term":[{"taxonomy":"category","embeddable":true,"href":"https:\/\/www.europesays.com\/fr\/wp-json\/wp\/v2\/categories?post=594713"},{"taxonomy":"post_tag","embeddable":true,"href":"https:\/\/www.europesays.com\/fr\/wp-json\/wp\/v2\/tags?post=594713"}],"curies":[{"name":"wp","href":"https:\/\/api.w.org\/{rel}","templated":true}]}}