{"id":594717,"date":"2025-12-12T10:15:23","date_gmt":"2025-12-12T10:15:23","guid":{"rendered":"https:\/\/www.europesays.com\/fr\/594717\/"},"modified":"2025-12-12T10:15:23","modified_gmt":"2025-12-12T10:15:23","slug":"volley-ball-les-alesiens-creent-lexploit-a-domicile-face-a-un-leader-invaincu","status":"publish","type":"post","link":"https:\/\/www.europesays.com\/fr\/594717\/","title":{"rendered":"Volley-ball\u00a0: les Al\u00e9siens cr\u00e9ent l\u2019exploit \u00e0 domicile face \u00e0 un leader invaincu"},"content":{"rendered":"<p>\n                                                                Des rencontres majeures de r\u00e9gionale se d\u00e9roulaient \u00e0 Al\u00e8s, le week-end dernier.\n                            <\/p>\n<p>Dans le d\u00e9partement du Gard, samedi 6\u00a0d\u00e9cembre, \u00e0 Al\u00e8s, dans la halle Ghislain-Amsellem, l\u2019Al\u00e8s Ville Volley-Ball (AAVB) participait \u00e0 trois rencontres. Les M18 filles sont entr\u00e9es en lice les premi\u00e8res, et se sont inclin\u00e9es face aux joueuses de Lattes ASPTT Montpellier, deuxi\u00e8mes de leur poule.<\/p>\n<p>Une salle qui \u00e9tait visiblement en fusion<\/p>\n<p>La r\u00e9gionale f\u00e9minine a pris ensuite le relais, mais les Al\u00e9siennes ont, l\u00e0 aussi, perdu contre le Mende Volley Loz\u00e8re.<\/p>\n<p>Dans la soir\u00e9e, s\u2019est tenue la r\u00e9gionale masculine. Les locaux \u00e9taient oppos\u00e9s au leader invaincu, Agde Volley-ball. Port\u00e9s par une forte envie de vaincre et une salle en fusion, les Al\u00e9siens ont r\u00e9alis\u00e9 l\u2019exploit\u00a0: 25-22, 25-23, 18-25 et 25-23.<\/p>\n","protected":false},"excerpt":{"rendered":"Des rencontres majeures de r\u00e9gionale se d\u00e9roulaient \u00e0 Al\u00e8s, le week-end dernier. Dans le d\u00e9partement du Gard, samedi&hellip;\n","protected":false},"author":2,"featured_media":594718,"comment_status":"","ping_status":"","sticky":false,"template":"","format":"standard","meta":{"footnotes":""},"categories":[1417],"tags":[2678,1011,27,2679,517,60,1470,1469],"class_list":{"0":"post-594717","1":"post","2":"type-post","3":"status-publish","4":"format-standard","5":"has-post-thumbnail","7":"category-volley","8":"tag-ales","9":"tag-fr","10":"tag-france","11":"tag-gard","12":"tag-sport","13":"tag-sports","14":"tag-volley","15":"tag-volleyball"},"share_on_mastodon":{"url":"https:\/\/pubeurope.com\/@fr\/115706077196551909","error":""},"_links":{"self":[{"href":"https:\/\/www.europesays.com\/fr\/wp-json\/wp\/v2\/posts\/594717","targetHints":{"allow":["GET"]}}],"collection":[{"href":"https:\/\/www.europesays.com\/fr\/wp-json\/wp\/v2\/posts"}],"about":[{"href":"https:\/\/www.europesays.com\/fr\/wp-json\/wp\/v2\/types\/post"}],"author":[{"embeddable":true,"href":"https:\/\/www.europesays.com\/fr\/wp-json\/wp\/v2\/users\/2"}],"replies":[{"embeddable":true,"href":"https:\/\/www.europesays.com\/fr\/wp-json\/wp\/v2\/comments?post=594717"}],"version-history":[{"count":0,"href":"https:\/\/www.europesays.com\/fr\/wp-json\/wp\/v2\/posts\/594717\/revisions"}],"wp:featuredmedia":[{"embeddable":true,"href":"https:\/\/www.europesays.com\/fr\/wp-json\/wp\/v2\/media\/594718"}],"wp:attachment":[{"href":"https:\/\/www.europesays.com\/fr\/wp-json\/wp\/v2\/media?parent=594717"}],"wp:term":[{"taxonomy":"category","embeddable":true,"href":"https:\/\/www.europesays.com\/fr\/wp-json\/wp\/v2\/categories?post=594717"},{"taxonomy":"post_tag","embeddable":true,"href":"https:\/\/www.europesays.com\/fr\/wp-json\/wp\/v2\/tags?post=594717"}],"curies":[{"name":"wp","href":"https:\/\/api.w.org\/{rel}","templated":true}]}}