{"id":594719,"date":"2025-12-12T10:16:14","date_gmt":"2025-12-12T10:16:14","guid":{"rendered":"https:\/\/www.europesays.com\/fr\/594719\/"},"modified":"2025-12-12T10:16:14","modified_gmt":"2025-12-12T10:16:14","slug":"la-fulgurante-montee-en-puissance-de-barnabe-massa-a-clermont","status":"publish","type":"post","link":"https:\/\/www.europesays.com\/fr\/594719\/","title":{"rendered":"la fulgurante mont\u00e9e en puissance de Barnab\u00e9 Massa \u00e0 Clermont"},"content":{"rendered":"<p>                    Par<br \/>\n        <strong><br \/>\n            <a href=\"https:\/\/actu.fr\/auteur\/emilie-dudonfournier\" title=\"Consulter tous les articles de Emilie Dudon-Fournier\" target=\"_blank\" rel=\"noopener\">Emilie Dudon-Fournier<\/a><br \/>\n                    <\/strong><\/p>\n<p>        Publi\u00e9 le<\/p>\n<p>            12 d\u00e9c. 2025 \u00e0 6h32        <\/p>\n<p>C\u2019est quoi, les r\u00eaves d\u2019un rugbyman professionnel de 21 ans ? \u00ab\u00a0? D\u00e9j\u00e0, c\u2019est de \u2018matcher\u2019 en pro\u00a0\u00bb, r\u00e9pond du tac au tac <strong>Barnab\u00e9 Massa.<\/strong> Alors on peut dire que le contrat est rempli pour le talonneur de <a href=\"https:\/\/actu.fr\/tag\/asm-clermont-auvergne\" target=\"_blank\" rel=\"noopener\">Clermont. <\/a>Il a disput\u00e9 10 des 11 matchs de<a href=\"https:\/\/actu.fr\/rugby\/top-14\" target=\"_blank\" rel=\"noopener\"> Top 14<\/a> cette saison et s\u2019impose aujourd\u2019hui comme un <strong>titulaire indiscutable<\/strong> au sein du collectif auvergnat.<\/p>\n<p class=\" wall-content\">Actuellement en train de soigner une cheville, il devrait faire son <strong>retour \u00e0 la comp\u00e9tition \u00e0 la fin du mois.<\/strong>\u00a0\u00ab\u00a0C\u2019est un r\u00eave absolument dingue de jouer avec les pros, d\u2019encha\u00eener les matchs, de se sentir bien dans l\u2019\u00e9quipe, de jouer dans un stade aussi mythique que le Michelin. C\u2019est vraiment un truc de fou\u00a0\u00bb, reprend le champion du monde U20.<\/p>\n<p>Prolongation \u00e0 Clermont : \u00ab\u00a0Je ne me voyais pas partir ailleurs\u00a0\u00bb<\/p>\n<p class=\" wall-content\">Il faut dire qu\u2019il ne pouvait pas trouver mieux que l\u2019ASM selon lui : \u00ab\u00a0C\u2019\u00e9tait vraiment le club qu\u2019on adorait avec mon fr\u00e8re quand on \u00e9tait petits. Je me rappelle des finales, des gros matchs contre Toulon\u2026 Et pour l\u2019anecdote, <strong>j\u2019\u00e9tais venu au Michelin en 2017, l\u2019ann\u00e9e du titre, et j\u2019ai gard\u00e9 une photo magnifique de mon fr\u00e8re et moi en pesage.<\/strong> Ce que je vis actuellement, c\u2019est d\u00e9j\u00e0 un r\u00eave\u00a0\u00bb.<\/p>\n<p class=\" wall-content\">Alors, le natif de Valence n\u2019a pas du tout h\u00e9sit\u00e9 quand une prolongation lui a \u00e9t\u00e9 propos\u00e9e. Il s\u2019est r\u00e9engag\u00e9 le mois dernier pour <strong>deux saisons suppl\u00e9mentaires,<\/strong> plus une optionnelle. \u00ab\u00a0Nous en avions d\u00e9j\u00e0 un peu discut\u00e9 avec Christophe (Urios, NDLR) l\u2019an dernier. Je me sens tellement bien ici que je ne me suis pas pos\u00e9 de questions. Et je voulais prolonger avant la fin de mon contrat parce que <strong>je ne me voyais pas partir ailleurs\u00a0\u00bb<\/strong>.<\/p>\n<p>Une semaine avec le XV de France \u00e0 Marcoussis<\/p>\n<p class=\" wall-content\">Depuis son arriv\u00e9e, de Grenoble la saison derni\u00e8re, Barnab\u00e9 Massa s\u2019est fait une vraie place au sein du collectif auvergnat. D\u00e9j\u00e0 en vue au FCG, il explose \u00e0 Clermont, au point d\u2019avoir \u00e9t\u00e9<strong> convoqu\u00e9 \u00e0 Marcoussis<\/strong> par Fabien Galthi\u00e9 fin octobre pour pr\u00e9parer les tests automnaux du <a href=\"https:\/\/actu.fr\/rugby\/xv-de-france\" target=\"_blank\" rel=\"noopener\">XV de France.<\/a><\/p>\n<p class=\" wall-content\">S\u2019il n\u2019a pas \u00e9t\u00e9 rappel\u00e9, ces 8 jours avec les Bleus l\u2019ont marqu\u00e9, forc\u00e9ment : \u00ab\u00a0J\u2019esp\u00e8re avoir pris ce que j\u2019avais \u00e0 prendre. C\u2019\u00e9tait<strong> un vrai plaisir<\/strong> d\u2019y \u00eatre. Il y a forc\u00e9ment une frustration de ne pas avoir encha\u00een\u00e9. Je n\u2019ai fait qu\u2019une semaine, ce n\u2019est pas grand-chose, mais il faut <strong>garder cette frustration<\/strong> pour continuer \u00e0 travailler et \u00eatre encore meilleur pour pouvoir esp\u00e9rer un jour y retourner\u00a0\u00bb.<\/p>\n<p>Votre r\u00e9gion, votre actu !<\/p>\n<p>Recevez chaque jour les infos qui comptent pour vous.<\/p>\n<p>\t<a href=\"https:\/\/actu.fr\/newsletter\" class=\"ac-btn ac-btn--corner ac-btn--medium ac-btn--blue800\" target=\"_blank\" rel=\"noopener\">S&rsquo;incrire<\/a><\/p>\n<p>    <img   decoding=\"async\" loading=\"lazy\" src=\"https:\/\/www.europesays.com\/fr\/wp-content\/uploads\/2025\/12\/iconsport-275297-0051-960x640.jpg\" alt=\"Barnab\u00e9 Massa (\u00e0 droite) ici \u00e0 Marcoussis aux c\u00f4t\u00e9s de son ami, ancien Grenoblois lui aussi : R\u00e9gis Montagne.\" width=\"960\" height=\"640\"\/><br \/>\n    Barnab\u00e9 Massa (\u00e0 droite) ici \u00e0 Marcoussis aux c\u00f4t\u00e9s de son ami, ancien Grenoblois lui aussi : R\u00e9gis Montagne. (\u00a9Icon Sport)<\/p>\n<p class=\" wall-content\"><strong>Surclass\u00e9<\/strong> et double participant aux championnats du monde U20, il connaissait d\u00e9j\u00e0 le CNR. \u00ab\u00a0Avec les U20, tu es un peu le bouclier. Il faut faire travailler les mecs qui sont au-dessus de toi et qui vont jouer le week-end. Disons que l\u00e0, j\u2019ai connu le bon c\u00f4t\u00e9\u00a0\u00bb, l\u00e2che-t-il dans un sourire.<\/p>\n<p class=\" wall-content\">Plus s\u00e9rieusement, \u00ab\u00a0la qualit\u00e9 des entra\u00eenements\u00a0\u00bb l\u2019a \u00ab\u00a0beaucoup\u00a0 marqu\u00e9<strong>. \u00c7a va vraiment \u00e0 10 000.<\/strong> Tout est calcul\u00e9, tout est vraiment \u00e0 la minute pr\u00e8s. C\u2019est \u00e7a qui m\u2019a le plus \u00e9tonn\u00e9. J\u2019ai vraiment aim\u00e9 ce petit s\u00e9jour. M\u00eame si \u00e7a a \u00e9t\u00e9 court, c\u2019\u00e9tait une bonne exp\u00e9rience\u00a0\u00bb.<\/p>\n<p class=\" wall-content\">Partag\u00e9e, de surcro\u00eet, avec un autre ancien Grenoblois : son co\u00e9quipier \u00e0 l\u2019ASM et ami R\u00e9gis Montagne. \u00ab\u00a0Quand je suis parti de Grenoble, c\u2019est le seul mec que je connaissais vraiment tr\u00e8s bien, m\u00eame si j\u2019avais c\u00f4toy\u00e9 Baptiste (Jauneau), L\u00e9on (Darricarr\u00e8re), Yerim (Fall) avec U20. <strong>J\u2019\u00e9tais vraiment tr\u00e8s content de me retrouver avec Reg\u2019.<\/strong> \u00catre avec lui en chambre \u00e9tait rassurant. Tu sais avec qui tu es, tu n\u2019es pas surpris ou un peu timide. C\u2019\u00e9tait cool de pouvoir s\u2019amuser avec lui\u00a0\u00bb. Malgr\u00e9 les s\u00e9v\u00e8res critiques subies par le droitier, il d\u00e9fend son pote et estime que \u00ab\u00a0la tourn\u00e9e s\u2019est tr\u00e8s bien pass\u00e9e pour lui\u00a0\u00bb (r\u00e9action en vid\u00e9o ci-dessous).<\/p>\n<p class=\" wall-content\">En attendant un (probable) rappel en Bleu, un jour, Barnab\u00e9 Massa continue de bosser pour progresser. <strong>Ancien num\u00e9ro 8<\/strong> repositionn\u00e9 au talon au centre de formation de Grenoble, il se sait \u00ab\u00a0attendu sur le secteur de la m\u00eal\u00e9e, sur les fondamentaux du poste, sur le lancer. Tout ce qui fait les bases de ce poste\u00a0\u00bb.<\/p>\n<p class=\" wall-content\">Un num\u00e9ro 2 qu\u2019il ne l\u00e2cherait pour rien au monde maintenant : \u00ab\u00a0<strong>C\u2019est un poste que j\u2019aime.<\/strong> Il y a pas mal de pression, j\u2019aime cette adr\u00e9naline sur les lancers, dans les mauls, devoir sortir au bon moment, avoir le timing juste\u2026 J\u2019adore vraiment cette sensation\u00a0\u00bb.<\/p>\n<p>Il a travaill\u00e9 ses lancers en touche avec un pr\u00e9parateur mental<\/p>\n<p class=\" wall-content\">Le manque de pr\u00e9cision au lancer qui lui a \u00e9t\u00e9 reproch\u00e9, il l\u2019a travaill\u00e9. Pas seulement sur le plan sportif, mais \u00e9galement mental : \u00ab\u00a0Quand j\u2019ai commenc\u00e9 en pro il y a 3 ou 4 ans, je me mettais la t\u00eate au fond du seau d\u00e8s que je loupais un lancer car je ne savais pas comment le g\u00e9rer. Mon match \u00e9tait fini, je ne pensais qu\u2019\u00e0 \u00e7a et je ne faisais plus forc\u00e9ment ce que je devais faire. <strong>J\u2019ai \u00e9t\u00e9 accompagn\u00e9 par mon pr\u00e9parateur mental<\/strong> et on a beaucoup travaill\u00e9 l\u00e0-dessus. Franchement, \u00e7a m\u2019a vraiment aid\u00e9. Je me sens bien dans la vie de tous les jours gr\u00e2ce \u00e0 \u00e7a\u00a0\u00bb.<\/p>\n<p class=\" wall-content\">Et \u00e7a se voit. Alors, si son r\u00eave est d\u00e9j\u00e0 en partie accompli, Barnab\u00e9 Massa se fixe un objectif : \u00ab\u00a0<strong>remettre l\u2019ASM l\u00e0 o\u00f9 les anciens l\u2019ont laiss\u00e9e,<\/strong> au top du rugby fran\u00e7ais\u00a0\u00bb. Les anciens et notamment un certain<strong> Wesley Fofana<\/strong>, qu\u2019il admirait quand il \u00e9tait plus jeune : \u00ab\u00a0C\u2019\u00e9tait un joueur que j\u2019adorais. Il m\u2019impressionnait tellement ! J\u2019avais des posters dans ma chambre et je me rappelle avoir \u00e9t\u00e9 hyper frustr\u00e9 quand il a eu du mal \u00e0 revenir de blessure\u00a0\u00bb.<\/p>\n<p class=\" wall-content\">Le joueur de 21 ans n\u2019a jamais eu l\u2019occasion de rencontrer l\u2019ancien centre du XV de France (48 s\u00e9lections) pour l\u2019instant. Ni gamin, ni maintenant qu\u2019il porte aussi les couleurs de Clermont. Probablement juste une question de temps, l\u00e0 aussi\u2026<\/p>\n<p class=\" wall-content\">Personnalisez votre actualit\u00e9 en ajoutant vos villes et m\u00e9dias en favori avec <a href=\"https:\/\/moncompte.actu.fr\" title=\"D\u00e9couvez Mon Actu\" rel=\"nofollow noopener\" data-trk=\"{&quot;cta&quot;:{&quot;action&quot;:&quot;https:\\\/\\\/moncompte.actu.fr&quot;,&quot;category&quot;:&quot;mon compte&quot;,&quot;from&quot;:&quot;article footer&quot;,&quot;name&quot;:&quot;Mon actu&quot;,&quot;type&quot;:&quot;cta&quot;}}\" target=\"_blank\">Mon Actu<\/a>.<\/p>\n","protected":false},"excerpt":{"rendered":"Par Emilie Dudon-Fournier Publi\u00e9 le 12 d\u00e9c. 2025 \u00e0 6h32 C\u2019est quoi, les r\u00eaves d\u2019un rugbyman professionnel de&hellip;\n","protected":false},"author":2,"featured_media":594720,"comment_status":"","ping_status":"","sticky":false,"template":"","format":"standard","meta":{"footnotes":""},"categories":[1416],"tags":[10980,1089,1011,27,479,1468,60,478],"class_list":{"0":"post-594719","1":"post","2":"type-post","3":"status-publish","4":"format-standard","5":"has-post-thumbnail","7":"category-rugby","8":"tag-asm-clermont-auvergne","9":"tag-coupe-deurope","10":"tag-fr","11":"tag-france","12":"tag-rugby","13":"tag-rugby-football","14":"tag-sports","15":"tag-top-14"},"share_on_mastodon":{"url":"https:\/\/pubeurope.com\/@fr\/115706082018375181","error":""},"_links":{"self":[{"href":"https:\/\/www.europesays.com\/fr\/wp-json\/wp\/v2\/posts\/594719","targetHints":{"allow":["GET"]}}],"collection":[{"href":"https:\/\/www.europesays.com\/fr\/wp-json\/wp\/v2\/posts"}],"about":[{"href":"https:\/\/www.europesays.com\/fr\/wp-json\/wp\/v2\/types\/post"}],"author":[{"embeddable":true,"href":"https:\/\/www.europesays.com\/fr\/wp-json\/wp\/v2\/users\/2"}],"replies":[{"embeddable":true,"href":"https:\/\/www.europesays.com\/fr\/wp-json\/wp\/v2\/comments?post=594719"}],"version-history":[{"count":0,"href":"https:\/\/www.europesays.com\/fr\/wp-json\/wp\/v2\/posts\/594719\/revisions"}],"wp:featuredmedia":[{"embeddable":true,"href":"https:\/\/www.europesays.com\/fr\/wp-json\/wp\/v2\/media\/594720"}],"wp:attachment":[{"href":"https:\/\/www.europesays.com\/fr\/wp-json\/wp\/v2\/media?parent=594719"}],"wp:term":[{"taxonomy":"category","embeddable":true,"href":"https:\/\/www.europesays.com\/fr\/wp-json\/wp\/v2\/categories?post=594719"},{"taxonomy":"post_tag","embeddable":true,"href":"https:\/\/www.europesays.com\/fr\/wp-json\/wp\/v2\/tags?post=594719"}],"curies":[{"name":"wp","href":"https:\/\/api.w.org\/{rel}","templated":true}]}}