{"id":594723,"date":"2025-12-12T10:21:15","date_gmt":"2025-12-12T10:21:15","guid":{"rendered":"https:\/\/www.europesays.com\/fr\/594723\/"},"modified":"2025-12-12T10:21:15","modified_gmt":"2025-12-12T10:21:15","slug":"cyclisme-seyssinet-seyssins-leffectif-juniors-2025-actualite","status":"publish","type":"post","link":"https:\/\/www.europesays.com\/fr\/594723\/","title":{"rendered":"Cyclisme Seyssinet-Seyssins : L&rsquo;effectif Juniors 2025 &#8211; Actualit\u00e9"},"content":{"rendered":"<p style=\"text-align: justify;\">Le club de C2S, <strong><a href=\"https:\/\/www.directvelo.com\/equipe\/3133\/cyclisme-seyssinet-seyssins-junior\" target=\"_blank\" rel=\"noopener\">Cyclisme Seyssinet-Seyssins<\/a><\/strong>, poss\u00e8de un groupe de quatorze \u00e9l\u00e9ments masculins ainsi que deux f\u00e9minines pour la saison 2026. L&rsquo;\u00e9quipe is\u00e9roise accueille Soren Bruy\u00e8re Joumard qui est en parall\u00e8le membre de l&rsquo;\u00e9quipe Decathlon CMA CGM U19.<\/p>\n<p style=\"text-align: justify;\">Yoann Meunier a la casquette de directeur sportif et sera \u00e9paul\u00e9 par l&rsquo;ancien professionnel Eddy Fin\u00e9.<\/p>\n<p><strong>L&rsquo;effectif Juniors de C2 Seyssinet Seyssins :<\/strong><br \/>Simon Bernard Peyre, J2<br \/>Soren Bruy\u00e8re Joumard, J2 (AS Fontaine)<br \/>Cl\u00e9ment Cervantes, J1<br \/>Lucas Charras, J1<br \/>Tom Charras, J1<br \/>Florent Chiappa, J2<br \/>Gervaise Gaspard, J2<br \/>Malo Golfier, J1<br \/>Victor Liance Marquet, J2<br \/>Corentin Percelay, J2<br \/>Lucien Renaut, J1<br \/>Titouan Tachot, J2<br \/>Martin Valette Fiore, J1<br \/>Guillaume Zimmermann, J1<\/p>\n<p>Anna Girod, J2<br \/>Natacha Parreau-Boulm\u00e9, J2<\/p>\n<p><img loading=\"lazy\" decoding=\"async\" src=\"https:\/\/www.europesays.com\/fr\/wp-content\/uploads\/2025\/12\/WhatsApp Image 2025-12-08 at 11.28.14.jpeg\" alt=\"\" width=\"650\" height=\"596\"\/><\/p>\n","protected":false},"excerpt":{"rendered":"Le club de C2S, Cyclisme Seyssinet-Seyssins, poss\u00e8de un groupe de quatorze \u00e9l\u00e9ments masculins ainsi que deux f\u00e9minines pour&hellip;\n","protected":false},"author":2,"featured_media":594724,"comment_status":"","ping_status":"","sticky":false,"template":"","format":"standard","meta":{"footnotes":""},"categories":[1411],"tags":[834,828,836,829,837,827,83,826,824,823,1154,207,814,817,815,816,822,821,832,211,839,1011,27,820,818,819,835,831,830,833,838,60,212,208,825],"class_list":{"0":"post-594723","1":"post","2":"type-post","3":"status-publish","4":"format-standard","5":"has-post-thumbnail","7":"category-cyclisme","8":"tag-attaque","9":"tag-belgique","10":"tag-braquet","11":"tag-bretagne","12":"tag-chute","13":"tag-competition","14":"tag-coupe-de-france","15":"tag-coureur","16":"tag-course-cyclisme","17":"tag-course-cycliste","18":"tag-cycling","19":"tag-cyclisme","20":"tag-direct","21":"tag-direct-velo","22":"tag-directvelo","23":"tag-directvelo-com","24":"tag-epreuve","25":"tag-epreuve-cycliste","26":"tag-federation-francaise-de-cyclisme","27":"tag-ffc","28":"tag-flandres","29":"tag-fr","30":"tag-france","31":"tag-live","32":"tag-live-course","33":"tag-live-epreuve","34":"tag-peloton","35":"tag-radio-peloton","36":"tag-radio-tour","37":"tag-ravitaillement","38":"tag-relance","39":"tag-sports","40":"tag-uci","41":"tag-velo","42":"tag-velos"},"share_on_mastodon":{"url":"https:\/\/pubeurope.com\/@fr\/115706101918997433","error":""},"_links":{"self":[{"href":"https:\/\/www.europesays.com\/fr\/wp-json\/wp\/v2\/posts\/594723","targetHints":{"allow":["GET"]}}],"collection":[{"href":"https:\/\/www.europesays.com\/fr\/wp-json\/wp\/v2\/posts"}],"about":[{"href":"https:\/\/www.europesays.com\/fr\/wp-json\/wp\/v2\/types\/post"}],"author":[{"embeddable":true,"href":"https:\/\/www.europesays.com\/fr\/wp-json\/wp\/v2\/users\/2"}],"replies":[{"embeddable":true,"href":"https:\/\/www.europesays.com\/fr\/wp-json\/wp\/v2\/comments?post=594723"}],"version-history":[{"count":0,"href":"https:\/\/www.europesays.com\/fr\/wp-json\/wp\/v2\/posts\/594723\/revisions"}],"wp:featuredmedia":[{"embeddable":true,"href":"https:\/\/www.europesays.com\/fr\/wp-json\/wp\/v2\/media\/594724"}],"wp:attachment":[{"href":"https:\/\/www.europesays.com\/fr\/wp-json\/wp\/v2\/media?parent=594723"}],"wp:term":[{"taxonomy":"category","embeddable":true,"href":"https:\/\/www.europesays.com\/fr\/wp-json\/wp\/v2\/categories?post=594723"},{"taxonomy":"post_tag","embeddable":true,"href":"https:\/\/www.europesays.com\/fr\/wp-json\/wp\/v2\/tags?post=594723"}],"curies":[{"name":"wp","href":"https:\/\/api.w.org\/{rel}","templated":true}]}}