{"id":594727,"date":"2025-12-12T10:23:13","date_gmt":"2025-12-12T10:23:13","guid":{"rendered":"https:\/\/www.europesays.com\/fr\/594727\/"},"modified":"2025-12-12T10:23:13","modified_gmt":"2025-12-12T10:23:13","slug":"je-lai-eleve-comme-si-cetait-mon-fils","status":"publish","type":"post","link":"https:\/\/www.europesays.com\/fr\/594727\/","title":{"rendered":"je l&rsquo;ai \u00e9lev\u00e9 comme si c&rsquo;\u00e9tait mon fils"},"content":{"rendered":"<p><strong>Liens forts. <\/strong>Tony Scotti est devenu le beau-p\u00e8re de David Hallyday quand le fils de <a href=\"https:\/\/www.journaldesfemmes.fr\/people\/personnalites\/2839689-sylvie-vartan-age-vie-privee-accidents\/\" title=\"Sylvie Vartan\" target=\"_blank\" rel=\"noopener\">Sylvie Vartan<\/a> avait 15 ans et il a palli\u00e9 les absences de Johnny Hallyday. \u00ab\u00a0Johnny a v\u00e9cu sa vie comme il l&rsquo;entendait et David n&rsquo;en faisait pas toujours partie. Je n&rsquo;\u00e9tais pas son p\u00e8re, mais je l&rsquo;ai \u00e9lev\u00e9 comme si c&rsquo;\u00e9tait mon fils\u00a0\u00bb, a, en effet, expliqu\u00e9 le producteur de 85 ans dans le documentaire Hallyday par David.<\/p>\n","protected":false},"excerpt":{"rendered":"Liens forts. Tony Scotti est devenu le beau-p\u00e8re de David Hallyday quand le fils de Sylvie Vartan avait&hellip;\n","protected":false},"author":2,"featured_media":594728,"comment_status":"","ping_status":"","sticky":false,"template":"","format":"standard","meta":{"footnotes":""},"categories":[1359],"tags":[70766,51761,58,59,52292,1011,27,51766,1031,973,7409],"class_list":{"0":"post-594727","1":"post","2":"type-post","3":"status-publish","4":"format-standard","5":"has-post-thumbnail","7":"category-people","8":"tag-cms-journaldesfemmes-3250300","9":"tag-controller-content","10":"tag-divertissement","11":"tag-entertainment","12":"tag-format-reportage","13":"tag-fr","14":"tag-france","15":"tag-les-histoires-du-jdf","16":"tag-magazine","17":"tag-people","18":"tag-sylvie-vartan"},"share_on_mastodon":{"url":"https:\/\/pubeurope.com\/@fr\/115706108456313430","error":""},"_links":{"self":[{"href":"https:\/\/www.europesays.com\/fr\/wp-json\/wp\/v2\/posts\/594727","targetHints":{"allow":["GET"]}}],"collection":[{"href":"https:\/\/www.europesays.com\/fr\/wp-json\/wp\/v2\/posts"}],"about":[{"href":"https:\/\/www.europesays.com\/fr\/wp-json\/wp\/v2\/types\/post"}],"author":[{"embeddable":true,"href":"https:\/\/www.europesays.com\/fr\/wp-json\/wp\/v2\/users\/2"}],"replies":[{"embeddable":true,"href":"https:\/\/www.europesays.com\/fr\/wp-json\/wp\/v2\/comments?post=594727"}],"version-history":[{"count":0,"href":"https:\/\/www.europesays.com\/fr\/wp-json\/wp\/v2\/posts\/594727\/revisions"}],"wp:featuredmedia":[{"embeddable":true,"href":"https:\/\/www.europesays.com\/fr\/wp-json\/wp\/v2\/media\/594728"}],"wp:attachment":[{"href":"https:\/\/www.europesays.com\/fr\/wp-json\/wp\/v2\/media?parent=594727"}],"wp:term":[{"taxonomy":"category","embeddable":true,"href":"https:\/\/www.europesays.com\/fr\/wp-json\/wp\/v2\/categories?post=594727"},{"taxonomy":"post_tag","embeddable":true,"href":"https:\/\/www.europesays.com\/fr\/wp-json\/wp\/v2\/tags?post=594727"}],"curies":[{"name":"wp","href":"https:\/\/api.w.org\/{rel}","templated":true}]}}