{"id":594729,"date":"2025-12-12T10:25:06","date_gmt":"2025-12-12T10:25:06","guid":{"rendered":"https:\/\/www.europesays.com\/fr\/594729\/"},"modified":"2025-12-12T10:25:06","modified_gmt":"2025-12-12T10:25:06","slug":"saulieu-une-statue-de-deux-metres-de-bernard-loiseau-devoilee","status":"publish","type":"post","link":"https:\/\/www.europesays.com\/fr\/594729\/","title":{"rendered":"Saulieu. Une statue de deux m\u00e8tres de Bernard Loiseau d\u00e9voil\u00e9e"},"content":{"rendered":"<p>C\u2019est un moment fort qui conclut une ann\u00e9e exceptionnelle. Celle qui marque le 50e\u00a0 anniversaire de l\u2019arriv\u00e9e de Bernard Loiseau \u00e0 Saulieu, chef incontournable et embl\u00e9matique de la gastronomie fran\u00e7aise. Mardi 9\u00a0d\u00e9cembre, dans les jardins du relais Bernard-Loiseau**, une statue de deux m\u00e8tres de haut \u00e0 son effigie a ainsi \u00e9t\u00e9 d\u00e9voil\u00e9e par Dominique Loiseau, son \u00e9pouse, et leurs deux filles, B\u00e9rang\u00e8re et Blanche.<\/p>\n<p>  Le fruit d\u2019une technologie innovante<\/p>\n<p>Cette statue est le fruit d\u2019une technologie innovante puisqu\u2019elle a \u00e9t\u00e9 r\u00e9alis\u00e9e par l\u2019entreprise Artemus, bas\u00e9e \u00e0 Lyon, avec une imprimante 3D et des mati\u00e8res recycl\u00e9es. Dessus, des microbilles de bronze ont \u00e9t\u00e9 pulv\u00e9ris\u00e9es.<\/p>\n<p>\u00ab\u00a0Cette id\u00e9e m\u2019est venue \u00e0 la fin de l\u2019ann\u00e9e derni\u00e8re lorsque nous pr\u00e9parions <a href=\"https:\/\/www.bienpublic.com\/culture-loisirs\/2025\/10\/10\/deux-livres-pour-s-immerger-dans-la-gastronomie-de-bernard-loiseau\" target=\"_blank\" rel=\"noopener\">les rendez-vous pour les 50 ans<\/a>. Cette statue le mat\u00e9rialise pour toujours. Il va \u00eatre l\u00e0 et veiller sur nous pour toujours\u00a0\u00bb, se r\u00e9jouit B\u00e9rang\u00e8re Loiseau, PDG du groupe Bernard Loiseau. Comme elle le souligne encore, \u00ab\u00a0c\u2019est une fa\u00e7on aussi de consolider les fondations\u00a0\u00bb. Ainsi, Bernard Loiseau peut poser son regard bienveillant sur un \u00e9tablissement qui vient \u00e9galement d\u2019achever les travaux de r\u00e9novation du restaurant La C\u00f4te-d\u2019Or **. \u00ab\u00a0Nous sommes \u00e0 la fois dans le pass\u00e9 et dans l\u2019avenir\u00a0\u00bb, insiste encore B\u00e9rang\u00e8re Loiseau.<\/p>\n<p>Un moment tout aussi solennel que festif. Lors de cette journ\u00e9e, <a href=\"https:\/\/www.facebook.com\/relaisbernardloiseau\/posts\/pfbid0a8gjnTJHq68vMUYdke9aqgG1sjTc8CfcACprPgPfM62SmEL7HvRXLfzgxVZePYP6l\" target=\"_blank\" rel=\"noopener\"> la traditionnelle b\u00fbche de No\u00ebl<\/a> de l\u2019\u00e9tablissement a \u00e9galement \u00e9t\u00e9 d\u00e9voil\u00e9e. \u00ab\u00a0C\u2019est la b\u00fbche\u00a0des 50 ans, la fa\u00e7ade du relais Bernard-Loiseau est repr\u00e9sent\u00e9e dessus.\u00a0\u00bb Pour tous ceux qui aimeraient l\u2019acheter pour les f\u00eates de fin d\u2019ann\u00e9e, elle est en vente sur commande dans les diff\u00e9rents \u00e9tablissements Loiseau de la r\u00e9gion (Saulieu, Dijon, Beaune et Besan\u00e7on) ainsi qu\u2019\u00e0 la Cit\u00e9 de la gastronomie \u00e0 Dijon.<\/p>\n<p class=\"txt\">Cette statue le mat\u00e9rialise pour toujours. Il va \u00eatre l\u00e0 et veiller sur nous pour toujours.<\/p>\n<p> B\u00e9rang\u00e8re Loiseau, PDG du groupe Bernard Loiseau <\/p>\n","protected":false},"excerpt":{"rendered":"C\u2019est un moment fort qui conclut une ann\u00e9e exceptionnelle. Celle qui marque le 50e\u00a0 anniversaire de l\u2019arriv\u00e9e de&hellip;\n","protected":false},"author":2,"featured_media":594730,"comment_status":"","ping_status":"","sticky":false,"template":"","format":"standard","meta":{"footnotes":""},"categories":[1358],"tags":[1348,1384,1385,1687,1386,58,11743,59,1011,27,1686,6016,2661,70416,70417],"class_list":{"0":"post-594729","1":"post","2":"type-post","3":"status-publish","4":"format-standard","5":"has-post-thumbnail","7":"category-arts-et-design","8":"tag-arts","9":"tag-arts-and-design","10":"tag-arts-et-design","11":"tag-culture-loisirs","12":"tag-design","13":"tag-divertissement","14":"tag-edition-haute-cote-dor","15":"tag-entertainment","16":"tag-fr","17":"tag-france","18":"tag-import-print","19":"tag-magazine-cuisine-et-vins","20":"tag-patrimoine-culturel","21":"tag-saulieu","22":"tag-saulieu-bassin"},"share_on_mastodon":{"url":"https:\/\/pubeurope.com\/@fr\/115706116373290363","error":""},"_links":{"self":[{"href":"https:\/\/www.europesays.com\/fr\/wp-json\/wp\/v2\/posts\/594729","targetHints":{"allow":["GET"]}}],"collection":[{"href":"https:\/\/www.europesays.com\/fr\/wp-json\/wp\/v2\/posts"}],"about":[{"href":"https:\/\/www.europesays.com\/fr\/wp-json\/wp\/v2\/types\/post"}],"author":[{"embeddable":true,"href":"https:\/\/www.europesays.com\/fr\/wp-json\/wp\/v2\/users\/2"}],"replies":[{"embeddable":true,"href":"https:\/\/www.europesays.com\/fr\/wp-json\/wp\/v2\/comments?post=594729"}],"version-history":[{"count":0,"href":"https:\/\/www.europesays.com\/fr\/wp-json\/wp\/v2\/posts\/594729\/revisions"}],"wp:featuredmedia":[{"embeddable":true,"href":"https:\/\/www.europesays.com\/fr\/wp-json\/wp\/v2\/media\/594730"}],"wp:attachment":[{"href":"https:\/\/www.europesays.com\/fr\/wp-json\/wp\/v2\/media?parent=594729"}],"wp:term":[{"taxonomy":"category","embeddable":true,"href":"https:\/\/www.europesays.com\/fr\/wp-json\/wp\/v2\/categories?post=594729"},{"taxonomy":"post_tag","embeddable":true,"href":"https:\/\/www.europesays.com\/fr\/wp-json\/wp\/v2\/tags?post=594729"}],"curies":[{"name":"wp","href":"https:\/\/api.w.org\/{rel}","templated":true}]}}