{"id":594741,"date":"2025-12-12T10:34:22","date_gmt":"2025-12-12T10:34:22","guid":{"rendered":"https:\/\/www.europesays.com\/fr\/594741\/"},"modified":"2025-12-12T10:34:22","modified_gmt":"2025-12-12T10:34:22","slug":"pour-ses-adieux-au-meilleur-patissier-mercotte-nest-pas-la-seule-a-avoir-pleure","status":"publish","type":"post","link":"https:\/\/www.europesays.com\/fr\/594741\/","title":{"rendered":"Pour ses adieux au \u00ab\u00a0Meilleur P\u00e2tissier\u00a0\u00bb, Mercotte n\u2019est pas la seule \u00e0 avoir pleur\u00e9"},"content":{"rendered":"<p>        <img decoding=\"async\" loading=\"lazy\" src=\"https:\/\/www.europesays.com\/fr\/wp-content\/uploads\/2025\/12\/1cf1a90_upload-1-oj5nxclnjvyd-mercotte-3.png\"  width=\"728\" height=\"410\" alt=\"Mercotte a dit adieu au \u00ab\u00a0Meilleur P\u00e2tissier\u00a0\u00bb ce jeudi 11\u00a0d\u00e9cembre\"\/>  <\/p>\n<p>M6<\/p>\n<p>Mercotte a dit adieu au \u00ab\u00a0Meilleur P\u00e2tissier\u00a0\u00bb ce jeudi 11\u00a0d\u00e9cembre<\/p>\n<p>      <strong>EN BREF<\/strong> <strong>\u2022 <\/strong>Mercotte a dit adieu au \u00ab\u00a0Meilleur p\u00e2tissier\u00a0\u00bb, apr\u00e8s 14\u00a0ans d\u2019\u00e9mission.<br \/><strong>\u2022 <\/strong>Elle n\u2019a pas pu retenir ses larmes dans les derniers instants de l\u2019\u00e9mission, face \u00e0 divers hommages, de sa famille notamment.<br \/><strong>\u2022 <\/strong>Mercotte reviendra le 18\u00a0d\u00e9cembre sur M6 pour \u00ab\u00a0Qui peut battre le grimoire de Mercotte\u00a0\u00bb avec Norbert Tarayre.                         <\/p>\n<p class=\"asset asset-text\">\u00ab\u00a0Et lisez bien la recette\u00a0!\u00a0\u00bb Mercotte a prononc\u00e9 cette phrase mythique pour la derni\u00e8re fois sur le plateau du<a href=\"https:\/\/www.huffingtonpost.fr\/divertissement\/article\/dans-le-meilleur-patissier-ce-gateau-statue-a-bluffe-ce-chef-specialiste-des-trompe-l-il_257630.html\" target=\"_blank\" rel=\"noopener\"> Meilleur P\u00e2tissier<\/a>, le jeudi 11\u00a0d\u00e9cembre. La blogueuse et animatrice de 83\u00a0ans a effectivement annonc\u00e9 il y a plusieurs mois qu\u2019elle quittait le <a href=\"https:\/\/www.huffingtonpost.fr\/divertissement\/article\/la-france-a-un-incroyable-talent-saison-20-sur-m6-qui-sont-les-10-finalistes_257902.html\" target=\"_blank\" rel=\"noopener\">programme phare de M6<\/a>, qu\u2019elle pr\u00e9sentait avec <a href=\"https:\/\/www.huffingtonpost.fr\/divertissement\/article\/rendez-vous-en-terre-inconnue-face-a-laury-thilleman-cyril-lignac-emu-aux-larmes-en-evoquant-son-fils_255972.html\" target=\"_blank\" rel=\"noopener\">Cyril Lignac<\/a> depuis 14\u00a0ans. Forc\u00e9ment, son d\u00e9part ne s\u2019est pas fait sans \u00e9motion.<\/p>\n<p class=\"asset asset-text\">Les t\u00e9l\u00e9spectateurs qui ont suivi en direct la finale de la saison 14\u00a0du Meilleur P\u00e2tissier ont attendu pendant tout le programme. Ce n\u2019est qu\u2019apr\u00e8s les trois derni\u00e8res \u00e9preuves qu\u2019elle a finalement eu lieu, devant la mythique tente dans laquelle les candidats r\u00e9alisent (ou ratent) leurs recettes de fraisiers, Saint-Honor\u00e9 ou mille-feuilles revisit\u00e9s. Alors que les trois finalistes, Victoria Margot et Seb, se tenaient c\u00f4te \u00e0 c\u00f4te face \u00e0 Cyril Lignac, Mercotte et \u00e0 toute l\u2019\u00e9quipe du programme ainsi que leurs proches, l\u2019animatrice a pris la parole. La\u00ebtitia Milot a annonc\u00e9 une \u00ab\u00a0surprise\u00a0\u00bb, non pas pour les candidats, mais pour Mercotte.<\/p>\n<p class=\"asset asset-text\">Tout un groupe de chefs p\u00e2tissiers renomm\u00e9s s\u2019est alors pr\u00e9sent\u00e9 devant elle, poussant une pi\u00e8ce mont\u00e9e g\u00e9ante. Les amateurs du programme auront reconnu Christophe Michalak, No\u00e9mie Honiat, Pierre Herm\u00e9 ou encore Nina Metayer. Apr\u00e8s un \u00ab\u00a0Je t\u2019aime ma Mercotte\u00a0\u00bb et une accolade de son complice Cyril Lignac, la grand-m\u00e8re de 83\u00a0ans a eu la surprise de voir d\u00e9barquer dans un second temps toute sa famille.<\/p>\n<p>                          <img decoding=\"async\" loading=\"lazy\" src=\"https:\/\/www.europesays.com\/fr\/wp-content\/uploads\/2025\/12\/9d54d4a_upload-1-hoflvohb2hx5-lignac.png\"  width=\"728\" height=\"410\" alt=\"Cyril Lignac a \u00e9t\u00e9 tr\u00e8s \u00e9mu lors de l\u2019hommage des proches de Mercotte pour sa derni\u00e8re \u00e9mission. \"\/>  <\/p>\n<p>M6<\/p>\n<p>Cyril Lignac a \u00e9t\u00e9 tr\u00e8s \u00e9mu lors de l\u2019hommage des proches de Mercotte pour sa derni\u00e8re \u00e9mission. <\/p>\n<p class=\"asset asset-text\">Le bouquet apport\u00e9 par ses petites filles et les mots de sa fille mettant en avant \u00ab\u00a0son dynamisme et son \u00e9nergie\u00a0\u00bb qui \u00ab\u00a0prouve que tout est possible \u00e0 tout \u00e2ge et est un bel encouragement\u00a0pour plein de gens\u00a0\u00bb ont fait verser quelques nouvelles larmes \u00e0 Mercotte. Cyril Lignac, lui aussi, a d\u00fb s\u2019essuyer les yeux.<\/p>\n<p class=\"asset asset-text\">Et le c\u00e9l\u00e8bre p\u00e2tissier n\u2019est pas le seul \u00e0 avoir \u00e9t\u00e9 \u00e9mu de ce d\u00e9part. Sur le r\u00e9seau social X, des t\u00e9l\u00e9spectateurs regrettent d\u00e9j\u00e0 Mercotte, qui a \u00ab\u00a0marqu\u00e9 l\u2019\u00e9mission\u00a0\u00bb, comme vous pouvez le voir dans les tweets ci-dessous. Des internautes lui ont aussi dit \u00ab\u00a0merci\u00a0\u00bb pour les conseils culinaires qu\u2019elle a prodigu\u00e9s pendant des ann\u00e9es.<\/p>\n<p> La lecture de ce contenu est susceptible d\u2019entra\u00eener un d\u00e9p\u00f4t de cookies de la part de l\u2019op\u00e9rateur tiers qui l\u2019h\u00e9berge. Compte-tenu des choix que vous avez exprim\u00e9s en mati\u00e8re de d\u00e9p\u00f4t de cookies, nous avons bloqu\u00e9 l\u2019affichage de ce contenu. Si vous souhaitez y acc\u00e9der, vous devez accepter la cat\u00e9gorie de cookies \u201cContenus tiers\u201d en cliquant sur le bouton ci-dessous. <\/p>\n<p> Lire la Vid\u00e9o           <\/p>\n<p> La lecture de ce contenu est susceptible d\u2019entra\u00eener un d\u00e9p\u00f4t de cookies de la part de l\u2019op\u00e9rateur tiers qui l\u2019h\u00e9berge. Compte-tenu des choix que vous avez exprim\u00e9s en mati\u00e8re de d\u00e9p\u00f4t de cookies, nous avons bloqu\u00e9 l\u2019affichage de ce contenu. Si vous souhaitez y acc\u00e9der, vous devez accepter la cat\u00e9gorie de cookies \u201cContenus tiers\u201d en cliquant sur le bouton ci-dessous. <\/p>\n<p> Lire la Vid\u00e9o           <\/p>\n<p> La lecture de ce contenu est susceptible d\u2019entra\u00eener un d\u00e9p\u00f4t de cookies de la part de l\u2019op\u00e9rateur tiers qui l\u2019h\u00e9berge. Compte-tenu des choix que vous avez exprim\u00e9s en mati\u00e8re de d\u00e9p\u00f4t de cookies, nous avons bloqu\u00e9 l\u2019affichage de ce contenu. Si vous souhaitez y acc\u00e9der, vous devez accepter la cat\u00e9gorie de cookies \u201cContenus tiers\u201d en cliquant sur le bouton ci-dessous. <\/p>\n<p> Lire la Vid\u00e9o           <\/p>\n<p> La lecture de ce contenu est susceptible d\u2019entra\u00eener un d\u00e9p\u00f4t de cookies de la part de l\u2019op\u00e9rateur tiers qui l\u2019h\u00e9berge. Compte-tenu des choix que vous avez exprim\u00e9s en mati\u00e8re de d\u00e9p\u00f4t de cookies, nous avons bloqu\u00e9 l\u2019affichage de ce contenu. Si vous souhaitez y acc\u00e9der, vous devez accepter la cat\u00e9gorie de cookies \u201cContenus tiers\u201d en cliquant sur le bouton ci-dessous. <\/p>\n<p> Lire la Vid\u00e9o            <\/p>\n<p class=\"asset asset-text\">Cet adieu au Meilleur P\u00e2tissier n\u2019\u00e9tait en r\u00e9alit\u00e9 qu\u2019un au revoir tr\u00e8s bref pour les t\u00e9l\u00e9spectateurs. Mercotte sera en effet de retour sur M6\u00a0d\u00e8s le jeudi 18\u00a0d\u00e9cembre \u00e0 21h10\u00a0pour une nouvelle \u00e9mission d\u00e9di\u00e9e \u00e0 la p\u00e2tisserie qu\u2019elle animera aux c\u00f4t\u00e9s de Norbert Tarayre. Dans Qui peut battre le grimoire de Mercotte, huit anciens candidats de l\u2019\u00e9mission s\u2019affronteront autour de recettes historiques tir\u00e9es du fameux \u00ab\u00a0grimoire\u00a0\u00bb de Jacqueline Mercorelli, alias Mercotte. Des candidats qui devront eux aussi \u00ab\u00a0bien lire la recette\u00a0\u00bb pour r\u00e9ussir \u00e0 \u00e9pater la blogueuse culinaire.<\/p>\n","protected":false},"excerpt":{"rendered":"M6 Mercotte a dit adieu au \u00ab\u00a0Meilleur P\u00e2tissier\u00a0\u00bb ce jeudi 11\u00a0d\u00e9cembre EN BREF \u2022 Mercotte a dit adieu&hellip;\n","protected":false},"author":2,"featured_media":594742,"comment_status":"","ping_status":"","sticky":false,"template":"","format":"standard","meta":{"footnotes":""},"categories":[8],"tags":[46556,58,59,1011,27,38532,494],"class_list":{"0":"post-594741","1":"post","2":"type-post","3":"status-publish","4":"format-standard","5":"has-post-thumbnail","7":"category-divertissement","8":"tag-cyril-lignac","9":"tag-divertissement","10":"tag-entertainment","11":"tag-fr","12":"tag-france","13":"tag-le-meilleur-patissier","14":"tag-m6"},"share_on_mastodon":{"url":"https:\/\/pubeurope.com\/@fr\/115706153917224133","error":""},"_links":{"self":[{"href":"https:\/\/www.europesays.com\/fr\/wp-json\/wp\/v2\/posts\/594741","targetHints":{"allow":["GET"]}}],"collection":[{"href":"https:\/\/www.europesays.com\/fr\/wp-json\/wp\/v2\/posts"}],"about":[{"href":"https:\/\/www.europesays.com\/fr\/wp-json\/wp\/v2\/types\/post"}],"author":[{"embeddable":true,"href":"https:\/\/www.europesays.com\/fr\/wp-json\/wp\/v2\/users\/2"}],"replies":[{"embeddable":true,"href":"https:\/\/www.europesays.com\/fr\/wp-json\/wp\/v2\/comments?post=594741"}],"version-history":[{"count":0,"href":"https:\/\/www.europesays.com\/fr\/wp-json\/wp\/v2\/posts\/594741\/revisions"}],"wp:featuredmedia":[{"embeddable":true,"href":"https:\/\/www.europesays.com\/fr\/wp-json\/wp\/v2\/media\/594742"}],"wp:attachment":[{"href":"https:\/\/www.europesays.com\/fr\/wp-json\/wp\/v2\/media?parent=594741"}],"wp:term":[{"taxonomy":"category","embeddable":true,"href":"https:\/\/www.europesays.com\/fr\/wp-json\/wp\/v2\/categories?post=594741"},{"taxonomy":"post_tag","embeddable":true,"href":"https:\/\/www.europesays.com\/fr\/wp-json\/wp\/v2\/tags?post=594741"}],"curies":[{"name":"wp","href":"https:\/\/api.w.org\/{rel}","templated":true}]}}