{"id":594745,"date":"2025-12-12T10:37:12","date_gmt":"2025-12-12T10:37:12","guid":{"rendered":"https:\/\/www.europesays.com\/fr\/594745\/"},"modified":"2025-12-12T10:37:12","modified_gmt":"2025-12-12T10:37:12","slug":"a-partir-de-2035-les-modeles-thermiques-neufs-resteront-disponibles-a-la-vente","status":"publish","type":"post","link":"https:\/\/www.europesays.com\/fr\/594745\/","title":{"rendered":"\u00e0 partir de 2035, les mod\u00e8les thermiques neufs resteront disponibles \u00e0 la vente"},"content":{"rendered":"<p itemprop=\"description\">Le rendez-vous manqu\u00e9 du 10 d\u00e9cembre<br \/>\npourrait cacher un revirement de la Commission europ\u00e9enne. Selon la<br \/>\npresse allemande, Bruxelles s&rsquo;appr\u00eaterait \u00e0 abandonner<br \/>\nl&rsquo;interdiction totale des moteurs essence et diesel pr\u00e9vue pour<br \/>\n2035.<\/p>\n<p>Le 10 d\u00e9cembre devait marquer la reprise des n\u00e9gociations sur le<br \/>\ncalendrier de sortie du thermique. Certains parlaient d\u00a0\u00bbun report \u00e0<br \/>\n2040, d&rsquo;autres \u00e9voquaient une r\u00e9vision compl\u00e8te de la feuille de<br \/>\nroute.<\/p>\n<p>Finalement, cette date est pass\u00e9e sans annonce officielle. Mais<br \/>\nderri\u00e8re ce silence, le quotidien allemand Bild \u00e9voque un<br \/>\nsc\u00e9nario bien plus radical : <strong>l&rsquo;abandon pur et simple de<br \/>\nl&rsquo;interdiction pr\u00e9vue pour 2035<\/strong>.<\/p>\n<p>Plus de souplesse accord\u00e9e \u00e0 l&rsquo;industrie<\/p>\n<p>Manfred Weber, d\u00e9put\u00e9 europ\u00e9en, a confi\u00e9 au journal que les<br \/>\nnouvelles immatriculations ne seraient plus soumises \u00e0 une<br \/>\nr\u00e9duction de 100 % des \u00e9missions de CO2, mais de 90 %.<br \/>\nPlus significatif encore : aucun objectif de 100 % ne serait fix\u00e9<br \/>\npour 2040.<\/p>\n<p>En clair, <strong>les moteurs thermiques pourraient continuer \u00e0<br \/>\n\u00eatre produits et vendus au-del\u00e0 de 2035<\/strong>. \u00ab\u00a0Cela envoie<br \/>\nun signal important \u00e0 toute l&rsquo;industrie automobile et garantit des<br \/>\ndizaines de milliers d&#8217;emplois industriels\u00a0\u00bb, justifie-t-il,<br \/>\ntout en promettant de maintenir l&rsquo;engagement vers la neutralit\u00e9<br \/>\nclimatique.<\/p>\n<p>Mais attention, avec les normes qui, elles, pourraient continuer<br \/>\n\u00e0 \u00e9voluer, cela ne veut pas dire que tous les moteurs thermiques<br \/>\nperdureront. Deux solutions techniques devraient sortir du lot et<br \/>\n\u00eatre indirectement soutenu par cette d\u00e9cision europ\u00e9enne, \u00e0 savoir<br \/>\nles\u00a0hybrides rechargeables et les voitures \u00e0 <a href=\"https:\/\/www.autoplus.fr\/pratique\/prolongateur-dautonomie-comment-cela-fonctionne-1379944.html\" target=\"_blank\" rel=\"noopener\"><br \/>\nprolongateur d&rsquo;autonomie<\/a>. L&rsquo;usage de plus de biocarburants ou<br \/>\nde <a href=\"https:\/\/www.autojournal.fr\/environnement\/carburants-synthetiques-e-fuels-peuvent-ils-alimenter-tout-monde-354336.html#item=1\" target=\"_blank\" rel=\"noopener\">carburants synth\u00e9tiques<\/a><br \/>\n(e-fuels) pourrait \u00e9galement pencher dans la balance.<\/p>\n<p>Les poids lourds politiques montent au cr\u00e9neau<\/p>\n<p>Ce potentiel revirement ne serait pas le fruit du hasard.<br \/>\nToujours selon Bild, <a href=\"https:\/\/www.autoplus.fr\/actualite\/six-pays-de-lue-demandent-labandon-de-linterdiction-des-moteurs-thermiques-prevue-pour-2035-1412901.html\" target=\"_blank\" rel=\"noopener\"><br \/>\nplusieurs figures politiques europ\u00e9ennes auraient pes\u00e9 de tout leur<br \/>\npoids<\/a> : le chancelier allemand Friedrich Merz, la pr\u00e9sidente du<br \/>\nConseil italienne Giorgia Meloni et le Premier ministre polonais<br \/>\nDonald Tusk. Trois pays aux industries automobiles lourdes, trois<br \/>\nvoix qui portent.<\/p>\n<p>Prudence toutefois : <strong>rien n&rsquo;est encore<br \/>\nofficiel<\/strong>. Les canaux de la Commission europ\u00e9enne restent<br \/>\nmuets, et ces informations rel\u00e8vent pour l&rsquo;instant de la rumeur,<br \/>\naussi sourc\u00e9e soit-elle. Mais si Bild dit vrai, <a href=\"https:\/\/www.autoplus.fr\/actualite\/leurope-reporte-son-plan-de-sauvetage-automobile-au-16-decembre-1412943.html\" target=\"_blank\" rel=\"noopener\"><br \/>\nle verdict pourrait tomber d\u00e8s mardi 16 d\u00e9cembre<\/a>. Dans moins<br \/>\nd&rsquo;une semaine, on saurait noir sur blanc si l&rsquo;Europe abandonne son<br \/>\ncap initial.<\/p>\n<p>Cette potentielle volte-face survient dans un contexte difficile<br \/>\npour l&rsquo;automobile europ\u00e9enne. Face \u00e0 la concurrence chinoise, aux<br \/>\ninvestissements colossaux d\u00e9j\u00e0 engag\u00e9s dans l&rsquo;\u00e9lectrique et aux<br \/>\nstrat\u00e9gies \u00e0 revoir en catastrophe, Bruxelles cherche sans doute \u00e0<br \/>\nm\u00e9nager la ch\u00e8vre et le chou.<\/p>\n","protected":false},"excerpt":{"rendered":"Le rendez-vous manqu\u00e9 du 10 d\u00e9cembre pourrait cacher un revirement de la Commission europ\u00e9enne. Selon la presse allemande,&hellip;\n","protected":false},"author":2,"featured_media":594746,"comment_status":"","ping_status":"","sticky":false,"template":"","format":"standard","meta":{"footnotes":""},"categories":[6],"tags":[35,33,34,1011,27,1638],"class_list":{"0":"post-594745","1":"post","2":"type-post","3":"status-publish","4":"format-standard","5":"has-post-thumbnail","7":"category-economie","8":"tag-business","9":"tag-economie","10":"tag-economy","11":"tag-fr","12":"tag-france","13":"tag-has_diapo"},"share_on_mastodon":{"url":"https:\/\/pubeurope.com\/@fr\/115706163897235845","error":""},"_links":{"self":[{"href":"https:\/\/www.europesays.com\/fr\/wp-json\/wp\/v2\/posts\/594745","targetHints":{"allow":["GET"]}}],"collection":[{"href":"https:\/\/www.europesays.com\/fr\/wp-json\/wp\/v2\/posts"}],"about":[{"href":"https:\/\/www.europesays.com\/fr\/wp-json\/wp\/v2\/types\/post"}],"author":[{"embeddable":true,"href":"https:\/\/www.europesays.com\/fr\/wp-json\/wp\/v2\/users\/2"}],"replies":[{"embeddable":true,"href":"https:\/\/www.europesays.com\/fr\/wp-json\/wp\/v2\/comments?post=594745"}],"version-history":[{"count":0,"href":"https:\/\/www.europesays.com\/fr\/wp-json\/wp\/v2\/posts\/594745\/revisions"}],"wp:featuredmedia":[{"embeddable":true,"href":"https:\/\/www.europesays.com\/fr\/wp-json\/wp\/v2\/media\/594746"}],"wp:attachment":[{"href":"https:\/\/www.europesays.com\/fr\/wp-json\/wp\/v2\/media?parent=594745"}],"wp:term":[{"taxonomy":"category","embeddable":true,"href":"https:\/\/www.europesays.com\/fr\/wp-json\/wp\/v2\/categories?post=594745"},{"taxonomy":"post_tag","embeddable":true,"href":"https:\/\/www.europesays.com\/fr\/wp-json\/wp\/v2\/tags?post=594745"}],"curies":[{"name":"wp","href":"https:\/\/api.w.org\/{rel}","templated":true}]}}