{"id":594747,"date":"2025-12-12T10:38:15","date_gmt":"2025-12-12T10:38:15","guid":{"rendered":"https:\/\/www.europesays.com\/fr\/594747\/"},"modified":"2025-12-12T10:38:15","modified_gmt":"2025-12-12T10:38:15","slug":"le-kosovo-a-commence-a-accueillir-des-personnes-expulsees-des-etats-unis","status":"publish","type":"post","link":"https:\/\/www.europesays.com\/fr\/594747\/","title":{"rendered":"Le Kosovo a commenc\u00e9 \u00e0 accueillir des personnes expuls\u00e9es des Etats-Unis"},"content":{"rendered":"<p>                      <img loading=\"lazy\" decoding=\"async\" src=\"https:\/\/www.europesays.com\/fr\/wp-content\/uploads\/2025\/12\/430536a_ftp-import-images-1-bswjzz8a3fki-70ba28ee224b4ed0951bf06eeaebdfda-0-148dd1bdc0e14d3194e157e4.jpeg\" alt=\"Le premier ministre du Kosovo, Albin Kurti, lors d\u2019une interview avec l\u2019Associated Press, \u00e0 Pristina, le 29\u00a0septembre\u00a02023.\"   width=\"664\" height=\"443\"\/>    Le premier ministre du Kosovo, Albin Kurti, lors d\u2019une interview avec l\u2019Associated Press, \u00e0 Pristina, le 29\u00a0septembre\u00a02023.  VISAR KRYEZIU \/ AP                          <\/p>\n<p class=\"article__paragraph  \">Des ressortissants de pays tiers expuls\u00e9s des Etats-Unis ont \u00e9t\u00e9 d\u00e9port\u00e9s au Kosovo, a annonc\u00e9 le premier ministre, Albin Kurti, vendredi 12\u00a0d\u00e9cembre, en difficult\u00e9 sur un plan int\u00e9rieur et avec son traditionnel alli\u00e9 am\u00e9ricain. Au d\u00e9tour d\u2019un long entretien sur la cha\u00eene de t\u00e9l\u00e9vision <a href=\"https:\/\/www.youtube.com\/watch?v=a3DtGw9fEB8\" target=\"_blank\" rel=\"noopener\" title=\"Nouvelle fen\u00eatre\">Kanal10<\/a>, M.\u00a0Kurti a confi\u00e9 que le Kosovo acceptait les personnes \u00ab\u00a0que les Etats-Unis ne veulent pas sur [leur] territoire\u00a0\u00bb. \u00ab\u00a0Si je ne me trompe pas, un ou deux d\u2019entre elles sont l\u00e0\u00a0\u00bb, a-t-il dit, sans plus de pr\u00e9cisions sur la date de leur arriv\u00e9e, leur nationalit\u00e9, ni l\u2019endroit o\u00f9 elles se trouvent.<\/p>\n<p class=\"article__paragraph  \">Leur d\u00e9portation se fait en vertu d\u2019un accord, <a href=\"https:\/\/www.lemonde.fr\/international\/article\/2025\/06\/11\/le-kosovo-accepte-d-accueillir-des-migrants-expulses-des-etats-unis_6612242_3210.html\" target=\"_blank\" rel=\"noopener\">adopt\u00e9 lors d\u2019une session du gouvernement kosovar sortant en juin<\/a>, donn\u00e9 pour un an et qui concerne cinquante personnes. \u00ab\u00a0Dans le but de faciliter leur retour en toute s\u00e9curit\u00e9 dans leur pays d\u2019origine\u00a0\u00bb, avait \u00e0 l\u2019\u00e9poque affirm\u00e9 M.\u00a0Kurti.<\/p>\n<p class=\"article__paragraph  \">Le Kosovo, pays parmi les plus pauvres d\u2019Europe, ind\u00e9pendant depuis 2008, souhaitait par cet accord exprimer sa gratitude envers les Etats-Unis pour leur soutien et leur coop\u00e9ration. Il s\u2019agit de montrer la \u00ab\u00a0reconnaissance \u00e9ternelle\u00a0\u00bb du pays envers les Etats-Unis, qui ont toujours d\u00e9fendu l\u2019ind\u00e9pendance de cette ancienne province serbe, avait expliqu\u00e9 le gouvernement au printemps.<\/p>\n<p class=\"article__paragraph  \">Depuis, M.\u00a0Kurti, arriv\u00e9 en t\u00eate aux \u00e9lections l\u00e9gislatives de f\u00e9vrier, a \u00e9chou\u00e9 \u00e0 former un gouvernement et \u00e9t\u00e9 contraint d\u2019accepter de nouvelles \u00e9lections. Le scrutin est pr\u00e9vu le 28\u00a0d\u00e9cembre. La situation et la politique de M.\u00a0Kurti envers la minorit\u00e9 serbe lui ont valu des mots durs des Am\u00e9ricains, qui l\u2019ont accus\u00e9 il y a quelques jours de \u00ab\u00a0compromettre la stabilit\u00e9\u00a0\u00bb du pays en emp\u00eachant un parti politique serbe de se pr\u00e9senter aux \u00e9lections de d\u00e9cembre.<\/p>\n<p>                                       Lire aussi |  Article r\u00e9serv\u00e9 \u00e0 nos abonn\u00e9s  <a href=\"https:\/\/www.lemonde.fr\/international\/article\/2025\/07\/31\/aux-etats-unis-la-campagne-d-expulsions-massive-de-migrants-tourne-a-plein-regime_6625756_3210.html\" class=\"js-article-read-also catcher--favoris__link\" data-premium=\"1\" id=\"article-title-3432464\" target=\"_blank\" rel=\"noopener\">Aux Etats-Unis, la campagne d\u2019expulsions massive de migrants tourne \u00e0 plein r\u00e9gime<\/a>    <\/p>\n<p>   Lire plus tard  <\/p>\n<p>                          Un des pays les plus proam\u00e9ricains du monde                    <\/p>\n<p class=\"article__paragraph  \">Un ton qui tranche avec des ann\u00e9es de soutien de Washington. Les Kosovars se d\u00e9crivent volontiers comme le peuple le plus proam\u00e9ricain du monde, et les drapeaux am\u00e9ricains sont partout dans la capitale, Pristina. L\u2019un des plus grands boulevards de la ville honore l\u2019ex-pr\u00e9sident George W.\u00a0Bush. Bill Clinton y a aussi un boulevard \u00e0 son nom, ainsi qu\u2019une statue. La popularit\u00e9 des Etats-Unis se double d\u2019une influence \u00e9conomique et politique consid\u00e9rable.<\/p>\n<p class=\"article__paragraph  \">Avant l\u2019accord avec Washington, le Kosovo avait d\u00e9j\u00e0 ratifi\u00e9 un accord \u00e0 hauteur de 200\u00a0millions d\u2019euros avec Copenhague pour l\u2019accueil de prisonniers \u00e9trangers condamn\u00e9s au Danemark, et qui pourront purger leur peine dans une prison kosovare.<\/p>\n<p class=\"article__paragraph  \">Les Balkans sont de plus en plus envisag\u00e9s par les pays occidentaux pour y renvoyer des personnes dont la demande d\u2019asile aurait \u00e9t\u00e9 rejet\u00e9e et faisant face \u00e0 une obligation de quitter le territoire.<\/p>\n<p class=\"article__paragraph  \">Lundi, les 27 pays de l\u2019Union europ\u00e9enne (UE) ont ent\u00e9rin\u00e9 un net durcissement de leur politique migratoire, ouvrant notamment la voie \u00e0 l\u2019envoi de migrants dans des centres situ\u00e9s hors des fronti\u00e8res de l\u2019UE et les Balkans semblent possiblement vis\u00e9s.<\/p>\n<p> Le Monde M\u00e9morable  <\/p>\n<p> <a href=\"https:\/\/www.lemonde.fr\/memorable\/?rfextension=inread\" class=\"inread__link js-services-inread-link\" target=\"_blank\" rel=\"noopener\">  <\/p>\n<p>Testez votre culture g\u00e9n\u00e9rale avec la r\u00e9daction du \u00ab Monde \u00bb<\/p>\n<p>Testez votre culture g\u00e9n\u00e9rale avec la r\u00e9daction du \u00ab Monde \u00bb<\/p>\n<p>D\u00e9couvrir<\/p>\n<p> <\/a>      <\/p>\n<p> Newsletter  <\/p>\n<p> <a href=\"https:\/\/www.lemonde.fr\/newsletters\/a-la-une\/\" class=\"inread__link js-services-inread-link\" target=\"_blank\" rel=\"noopener\">  <\/p>\n<p>\u00ab A la une \u00bb<\/p>\n<p>Chaque matin, parcourez l&rsquo;essentiel de l&rsquo;actualit\u00e9 du jour avec les derniers titres du \u00ab Monde \u00bb<\/p>\n<p>S&rsquo;inscrire<\/p>\n<p> <\/a>          <\/p>\n<p> Le Monde Application  <\/p>\n<p> <a href=\"https:\/\/lamatinale.onelink.me\/gKMy\/ahw2ubr3\" class=\"inread__link js-services-inread-link\" target=\"_blank\" rel=\"noopener\">  <\/p>\n<p>La Matinale du Monde<\/p>\n<p>Chaque matin, retrouvez notre s\u00e9lection de 20 articles \u00e0 ne pas manquer <\/p>\n<p>T\u00e9l\u00e9charger l&rsquo;application<\/p>\n<p> <\/a>      <\/p>\n<p> Newsletter abonn\u00e9s  <\/p>\n<p> <a href=\"https:\/\/www.lemonde.fr\/newsletters\/international\/\" class=\"inread__link js-services-inread-link\" target=\"_blank\" rel=\"noopener\">  <\/p>\n<p>\u00ab International \u00bb<\/p>\n<p>L\u2019essentiel de l\u2019actualit\u00e9 internationale de la semaine<\/p>\n<p>S&rsquo;inscrire<\/p>\n<p> <\/a>             <\/p>\n<p class=\"article__paragraph  \">L\u2019Albanie compte d\u00e9j\u00e0 des centres de retour pour les migrants arrivant d\u2019Italie, qui n\u2019ont accueilli cependant que quelques dizaines de personnes\u00a0: plusieurs d\u00e9cisions de tribunaux italiens ont remis en cause la l\u00e9galit\u00e9 de ces d\u00e9tentions.<\/p>\n<p>                                       Lire aussi |  Article r\u00e9serv\u00e9 \u00e0 nos abonn\u00e9s  <a href=\"https:\/\/www.lemonde.fr\/international\/article\/2025\/10\/02\/aux-etats-unis-les-agents-de-l-ice-visages-masques-de-la-politique-migratoire-de-donald-trump_6644024_3210.html\" class=\"js-article-read-also catcher--favoris__link\" data-premium=\"1\" id=\"article-title-3440490\" target=\"_blank\" rel=\"noopener\">Aux Etats-Unis, les agents de l\u2019ICE, visages masqu\u00e9s de la politique migratoire de Donald Trump<\/a>    <\/p>\n<p>   Lire plus tard  <\/p>\n<p class=\"author__detail\">  Le Monde avec AFP  <\/p>\n<p>                <a href=\"https:\/\/www.lemonde.fr\/syndication\/\" class=\"reuse__content\" title=\"R\u00e9utiliser ce contenu\" target=\"_blank\" rel=\"noopener\">R\u00e9utiliser ce contenu<\/a>      <\/p>\n","protected":false},"excerpt":{"rendered":"Le premier ministre du Kosovo, Albin Kurti, lors d\u2019une interview avec l\u2019Associated Press, \u00e0 Pristina, le 29\u00a0septembre\u00a02023. VISAR&hellip;\n","protected":false},"author":2,"featured_media":594748,"comment_status":"","ping_status":"","sticky":false,"template":"","format":"standard","meta":{"footnotes":""},"categories":[5],"tags":[11,1011,27,14,12,28],"class_list":{"0":"post-594747","1":"post","2":"type-post","3":"status-publish","4":"format-standard","5":"has-post-thumbnail","7":"category-international","8":"tag-actualites","9":"tag-fr","10":"tag-france","11":"tag-international","12":"tag-news","13":"tag-world"},"share_on_mastodon":{"url":"https:\/\/pubeurope.com\/@fr\/115706168789515676","error":""},"_links":{"self":[{"href":"https:\/\/www.europesays.com\/fr\/wp-json\/wp\/v2\/posts\/594747","targetHints":{"allow":["GET"]}}],"collection":[{"href":"https:\/\/www.europesays.com\/fr\/wp-json\/wp\/v2\/posts"}],"about":[{"href":"https:\/\/www.europesays.com\/fr\/wp-json\/wp\/v2\/types\/post"}],"author":[{"embeddable":true,"href":"https:\/\/www.europesays.com\/fr\/wp-json\/wp\/v2\/users\/2"}],"replies":[{"embeddable":true,"href":"https:\/\/www.europesays.com\/fr\/wp-json\/wp\/v2\/comments?post=594747"}],"version-history":[{"count":0,"href":"https:\/\/www.europesays.com\/fr\/wp-json\/wp\/v2\/posts\/594747\/revisions"}],"wp:featuredmedia":[{"embeddable":true,"href":"https:\/\/www.europesays.com\/fr\/wp-json\/wp\/v2\/media\/594748"}],"wp:attachment":[{"href":"https:\/\/www.europesays.com\/fr\/wp-json\/wp\/v2\/media?parent=594747"}],"wp:term":[{"taxonomy":"category","embeddable":true,"href":"https:\/\/www.europesays.com\/fr\/wp-json\/wp\/v2\/categories?post=594747"},{"taxonomy":"post_tag","embeddable":true,"href":"https:\/\/www.europesays.com\/fr\/wp-json\/wp\/v2\/tags?post=594747"}],"curies":[{"name":"wp","href":"https:\/\/api.w.org\/{rel}","templated":true}]}}