{"id":594755,"date":"2025-12-12T10:42:12","date_gmt":"2025-12-12T10:42:12","guid":{"rendered":"https:\/\/www.europesays.com\/fr\/594755\/"},"modified":"2025-12-12T10:42:12","modified_gmt":"2025-12-12T10:42:12","slug":"saint-etienne-un-supermarche-asiatique-ouvert-7j-7-sest-installe-dans-cette-rue-frequentee","status":"publish","type":"post","link":"https:\/\/www.europesays.com\/fr\/594755\/","title":{"rendered":"Saint-\u00c9tienne. Un supermarch\u00e9 asiatique ouvert 7j\/7 s&rsquo;est install\u00e9 dans cette rue fr\u00e9quent\u00e9e"},"content":{"rendered":"<p>                    Par<br \/>\n        <strong><br \/>\n            <a href=\"https:\/\/actu.fr\/auteur\/redaction-saint-etienne\" title=\"Consulter tous les articles de R\u00e9daction Saint-\u00c9tienne\" target=\"_blank\" rel=\"noopener\">R\u00e9daction Saint-\u00c9tienne<\/a><br \/>\n                    <\/strong><\/p>\n<p>        Publi\u00e9 le<\/p>\n<p>            12 d\u00e9c. 2025 \u00e0 11h18        <\/p>\n<p>Un tout nouveau commerce a r\u00e9cemment ouvert ses portes \u00e0 <a href=\"https:\/\/actu.fr\/saint-etienne\/\" target=\"_blank\" rel=\"noopener\">Saint-\u00c9tienne<\/a> (<a href=\"https:\/\/actu.fr\/auvergne-rhone-alpes\/loire_42\" target=\"_blank\" rel=\"noopener\">Loire<\/a>). Install\u00e9 en lieu et place des anciens locaux de Domino\u2019s Pizza, sur la <strong>rue Bergson<\/strong>, depuis le mois de novembre, le supermarch\u00e9<strong> C MART<\/strong> est sp\u00e9cialis\u00e9 dans la vente de produits alimentaires asiatiques et exotiques.<\/p>\n<p>Ouvert tous les jours de la semaine<\/p>\n<p class=\" wall-content\">Sur une surface commerciale de <strong>300 m\u00b2 enti\u00e8rement refaite \u00e0 neuf<\/strong>, le supermarch\u00e9, dirig\u00e9 par Linda et Yixin Zhang, offre une large vari\u00e9t\u00e9 d\u2019aliments asiatiques dans ses rayons\u2009: soupes, \u00e9pices, nouilles, brochettes de b\u0153uf au fromage, edamames, soja, th\u00e9, fruits de mer, \u0153ufs, algues\u2026 que ce soit en frais, surgel\u00e9 ou sec.<\/p>\n<p class=\" wall-content\"><a href=\"https:\/\/www.instagram.com\/p\/DRRvyfYjUWW\/embed\" title=\"Ouvrir le lien sur Instagram\" target=\"_blank\" rel=\"noopener\">Visualiser le contenu sur Instagram<\/a><\/p>\n<p class=\" wall-content\">Gr\u00e2ce \u00e0 son large \u00e9ventail de produits et aux conseils des employ\u00e9s du magasin, il est par ailleurs possible de r\u00e9aliser soi-m\u00eame les recettes phares de la cuisine du continent asiatique, telles que des pok\u00e9s, des sushis ou bien des ramens.<\/p>\n<p class=\" wall-content\">Petite particularit\u00e9 \u00e9galement\u2009: le magasin est<strong> ouvert tous les jours de la semaine<\/strong>.<\/p>\n<p class=\" wall-content\">Si l\u2019emplacement dispose d\u2019un parking, il est aussi possible de se rendre facilement chez C MART gr\u00e2ce au tramway et bient\u00f4t en v\u00e9lo, avec la <a href=\"https:\/\/actu.fr\/auvergne-rhone-alpes\/saint-etienne_42218\/saint-etienne-une-piste-cyclable-va-voir-le-jour-dans-cette-rue-frequentee_63521834.html\" target=\"_blank\" rel=\"noopener\">nouvelle piste cyclable<\/a>, laquelle est actuellement en travaux. Des arguments qui ont largement convaincu ses propri\u00e9taires.<\/p>\n<p><strong>Horaires d\u2019ouverture\u2009:<\/strong><br \/>Du lundi au samedi de 9h \u00e0 19h30<br \/>Le dimanche de 9h \u00e0 15h30<\/p>\n<p>    <a href=\"https:\/\/www.google.com\/maps\/embed?pb=!1m18!1m12!1m3!1d2007.7072719859113!2d4.377719574797344!3d45.46171693360655!2m3!1f0!2f0!3f0!3m2!1i1024!2i768!4f13.1!3m3!1m2!1s0x47f5ad54dc8f8119%3A0x541fd08d4cd4ed2!2sC%20MART!5e1!3m2!1sfr!2sfr!4v1765534409212!5m2!1sfr!2sfr\" title=\"Ouvrie le lien\" target=\"_blank\" rel=\"noopener\">Cliquez ici pour visualiser le contenu<\/a><\/p>\n<p class=\" wall-content\">Personnalisez votre actualit\u00e9 en ajoutant vos villes et m\u00e9dias en favori avec <a href=\"https:\/\/moncompte.actu.fr\" title=\"D\u00e9couvez Mon Actu\" rel=\"nofollow noopener\" data-trk=\"{&quot;cta&quot;:{&quot;action&quot;:&quot;https:\\\/\\\/moncompte.actu.fr&quot;,&quot;category&quot;:&quot;mon compte&quot;,&quot;from&quot;:&quot;article footer&quot;,&quot;name&quot;:&quot;Mon actu&quot;,&quot;type&quot;:&quot;cta&quot;}}\" target=\"_blank\">Mon Actu<\/a>.<\/p>\n<p>                    <script async src=\"\/\/www.instagram.com\/embed.js\"><\/script><\/p>\n","protected":false},"excerpt":{"rendered":"Par R\u00e9daction Saint-\u00c9tienne Publi\u00e9 le 12 d\u00e9c. 2025 \u00e0 11h18 Un tout nouveau commerce a r\u00e9cemment ouvert ses&hellip;\n","protected":false},"author":2,"featured_media":594756,"comment_status":"","ping_status":"","sticky":false,"template":"","format":"standard","meta":{"footnotes":""},"categories":[9653],"tags":[1111,11,2430,215,33,1777,674,1011,27,12,3147,25,4001],"class_list":{"0":"post-594755","1":"post","2":"type-post","3":"status-publish","4":"format-standard","5":"has-post-thumbnail","7":"category-saint-etienne","8":"tag-actu","9":"tag-actualites","10":"tag-auvergne-rhone-alpes","11":"tag-commerce","12":"tag-economie","13":"tag-eu","14":"tag-europe","15":"tag-fr","16":"tag-france","17":"tag-news","18":"tag-nouveaux-commerces","19":"tag-republique-francaise","20":"tag-saint-etienne"},"share_on_mastodon":{"url":"https:\/\/pubeurope.com\/@fr\/115706183434255263","error":""},"_links":{"self":[{"href":"https:\/\/www.europesays.com\/fr\/wp-json\/wp\/v2\/posts\/594755","targetHints":{"allow":["GET"]}}],"collection":[{"href":"https:\/\/www.europesays.com\/fr\/wp-json\/wp\/v2\/posts"}],"about":[{"href":"https:\/\/www.europesays.com\/fr\/wp-json\/wp\/v2\/types\/post"}],"author":[{"embeddable":true,"href":"https:\/\/www.europesays.com\/fr\/wp-json\/wp\/v2\/users\/2"}],"replies":[{"embeddable":true,"href":"https:\/\/www.europesays.com\/fr\/wp-json\/wp\/v2\/comments?post=594755"}],"version-history":[{"count":0,"href":"https:\/\/www.europesays.com\/fr\/wp-json\/wp\/v2\/posts\/594755\/revisions"}],"wp:featuredmedia":[{"embeddable":true,"href":"https:\/\/www.europesays.com\/fr\/wp-json\/wp\/v2\/media\/594756"}],"wp:attachment":[{"href":"https:\/\/www.europesays.com\/fr\/wp-json\/wp\/v2\/media?parent=594755"}],"wp:term":[{"taxonomy":"category","embeddable":true,"href":"https:\/\/www.europesays.com\/fr\/wp-json\/wp\/v2\/categories?post=594755"},{"taxonomy":"post_tag","embeddable":true,"href":"https:\/\/www.europesays.com\/fr\/wp-json\/wp\/v2\/tags?post=594755"}],"curies":[{"name":"wp","href":"https:\/\/api.w.org\/{rel}","templated":true}]}}