{"id":594773,"date":"2025-12-12T10:51:14","date_gmt":"2025-12-12T10:51:14","guid":{"rendered":"https:\/\/www.europesays.com\/fr\/594773\/"},"modified":"2025-12-12T10:51:14","modified_gmt":"2025-12-12T10:51:14","slug":"grenoble-un-homme-grievement-blesse-dun-coup-de-couteau-son-beau-fils-interpelle","status":"publish","type":"post","link":"https:\/\/www.europesays.com\/fr\/594773\/","title":{"rendered":"Grenoble. Un homme gri\u00e8vement bless\u00e9 d\u2019un coup de couteau, son beau-fils interpell\u00e9"},"content":{"rendered":"<p>Jeudi 11 d\u00e9cembre, un homme d\u2019une cinquantaine d\u2019ann\u00e9es pr\u00e9sentant une plaie par arme blanche a \u00e9t\u00e9 pris en charge boulevard Galli\u00e9ni, une impasse situ\u00e9e entre le parc Paul-Mistral et l\u2019Is\u00e8re, \u00e0 Grenoble, par les sapeurs-pompiers et m\u00e9dicalis\u00e9 sur place par un m\u00e9decin du Samu.<\/p>\n<p>Ce contenu est bloqu\u00e9 car vous n&rsquo;avez pas accept\u00e9 les cookies et autres traceurs.<\/p>\n<p>En cliquant sur \u00ab J\u2019accepte \u00bb, les cookies et autres traceurs seront d\u00e9pos\u00e9s et vous pourrez visualiser les contenus  (<a href=\"\" class=\"consentModule_policy\" target=\"_blank\" title=\"Consulter la politique de protection des donn\u00e9es du fournisseur\">plus d&rsquo;informations<\/a>).<\/p>\n<p>En cliquant sur \u00ab J\u2019accepte tous les cookies \u00bb, vous autorisez des d\u00e9p\u00f4ts de cookies et autres traceurs pour le stockage de vos donn\u00e9es sur nos sites et applications \u00e0 des fins de personnalisation et de ciblage publicitaire.<\/p>\n<p class=\"consentModule_secondaryText\">Vous gardez la possibilit\u00e9 de retirer votre consentement \u00e0 tout moment en consultant notre <a href=\"https:\/\/www.ledauphine.com\/protection-des-donnees\" target=\"_blank\" title=\"Consulter notre politique de protection des donn\u00e9es\" rel=\"nofollow noopener\">politique de protection des donn\u00e9es<\/a>. <br \/>&#13;<br \/>\n            <a href=\"https:\/\/www.ledauphine.com\/faits-divers-justice\/2025\/12\/12\/javascript:Didomi.notice.show()\" class=\"consentModule_cmp\" rel=\"nofollow noopener\" target=\"_blank\">G\u00e9rer mes choix<\/a>&#13;\n        <\/p>\n<p>&#13;<br \/>\n                        J&rsquo;accepte&#13;<br \/>\n            J&rsquo;accepte tous les cookies&#13;\n        <\/p>\n<p>  Pronostic vital engag\u00e9<\/p>\n<p>Vraisemblablement victime d\u2019un coup de couteau \u00e0 l&rsquo;abdomen, l\u2019homme a \u00e9t\u00e9 transport\u00e9 en urgence absolue au CHU Grenoble Alpes o\u00f9 il a \u00e9t\u00e9 admis dans le service de d\u00e9chocage. Son pronostic vital \u00e9tant engag\u00e9.<\/p>\n<p>\u00c0 proximit\u00e9 des lieux, les policiers ont interpell\u00e9 un homme de 23 ans, le beau-fils de la victime. Le jeune homme, en \u00e9tat d\u2019ivresse, \u00e9tant suspect\u00e9 d\u2019avoir, pour une raison que l\u2019enqu\u00eate tentera de d\u00e9terminer, poignard\u00e9 son beau-p\u00e8re sous les yeux de sa m\u00e8re.<\/p>\n","protected":false},"excerpt":{"rendered":"Jeudi 11 d\u00e9cembre, un homme d\u2019une cinquantaine d\u2019ann\u00e9es pr\u00e9sentant une plaie par arme blanche a \u00e9t\u00e9 pris en&hellip;\n","protected":false},"author":2,"featured_media":594774,"comment_status":"","ping_status":"","sticky":false,"template":"","format":"standard","meta":{"footnotes":""},"categories":[9566],"tags":[1111,11,2430,271,272,112,1777,674,274,107,1011,27,2731,108,12,25],"class_list":{"0":"post-594773","1":"post","2":"type-post","3":"status-publish","4":"format-standard","5":"has-post-thumbnail","7":"category-grenoble","8":"tag-actu","9":"tag-actualites","10":"tag-auvergne-rhone-alpes","11":"tag-crime","12":"tag-delit-et-contravention","13":"tag-edition-grenoble-agglomeration","14":"tag-eu","15":"tag-europe","16":"tag-faits-divers-justice","17":"tag-fil-info","18":"tag-fr","19":"tag-france","20":"tag-grenoble","21":"tag-isere","22":"tag-news","23":"tag-republique-francaise"},"share_on_mastodon":{"url":"https:\/\/pubeurope.com\/@fr\/115706218755355108","error":""},"_links":{"self":[{"href":"https:\/\/www.europesays.com\/fr\/wp-json\/wp\/v2\/posts\/594773","targetHints":{"allow":["GET"]}}],"collection":[{"href":"https:\/\/www.europesays.com\/fr\/wp-json\/wp\/v2\/posts"}],"about":[{"href":"https:\/\/www.europesays.com\/fr\/wp-json\/wp\/v2\/types\/post"}],"author":[{"embeddable":true,"href":"https:\/\/www.europesays.com\/fr\/wp-json\/wp\/v2\/users\/2"}],"replies":[{"embeddable":true,"href":"https:\/\/www.europesays.com\/fr\/wp-json\/wp\/v2\/comments?post=594773"}],"version-history":[{"count":0,"href":"https:\/\/www.europesays.com\/fr\/wp-json\/wp\/v2\/posts\/594773\/revisions"}],"wp:featuredmedia":[{"embeddable":true,"href":"https:\/\/www.europesays.com\/fr\/wp-json\/wp\/v2\/media\/594774"}],"wp:attachment":[{"href":"https:\/\/www.europesays.com\/fr\/wp-json\/wp\/v2\/media?parent=594773"}],"wp:term":[{"taxonomy":"category","embeddable":true,"href":"https:\/\/www.europesays.com\/fr\/wp-json\/wp\/v2\/categories?post=594773"},{"taxonomy":"post_tag","embeddable":true,"href":"https:\/\/www.europesays.com\/fr\/wp-json\/wp\/v2\/tags?post=594773"}],"curies":[{"name":"wp","href":"https:\/\/api.w.org\/{rel}","templated":true}]}}