{"id":594776,"date":"2025-12-12T10:53:18","date_gmt":"2025-12-12T10:53:18","guid":{"rendered":"https:\/\/www.europesays.com\/fr\/594776\/"},"modified":"2025-12-12T10:53:18","modified_gmt":"2025-12-12T10:53:18","slug":"robyn-orlin-au-tnb-a-rennes-un-ballet-ardent-une-plongee-dans-les-cicatrices-de-lafrique-du","status":"publish","type":"post","link":"https:\/\/www.europesays.com\/fr\/594776\/","title":{"rendered":"Robyn Orlin au TNB \u00e0 Rennes\u00a0: un ballet ardent, une plong\u00e9e dans les cicatrices de l\u2019Afrique du"},"content":{"rendered":"<p>La chor\u00e9graphe sud-africaine Robyn Orlin r\u00e9v\u00e8le la complexit\u00e9 de son pays au fil de ses cr\u00e9ations. De nouveau avec\u2026 How in salts deserts is it possible to blossom\u2026 (Comment peut-on fleurir dans un d\u00e9sert de sel\u00a0?), donn\u00e9e au TNB (Th\u00e9\u00e2tre national de Bretagne) \u00e0 Rennes, elle d\u00e9nonce l\u2019oppression, ausculte les cicatrices laiss\u00e9es par la colonisation.\u00a0\u00c0 partir du XVIIe\u00a0si\u00e8cle, la r\u00e9gion du Cap-Nord a \u00e9t\u00e9 d\u00e9lest\u00e9e de ses mines de cuivre au profit des colons, travers\u00e9e par des violences sexistes et un mouvement de n\u00e9gation de ses cultures.<\/p>\n<p>Foisonnant et color\u00e9<\/p>\n<p>Sa pi\u00e8ce est comme toujours hybride, foisonnante, m\u00ealant danse, musique live, chants, rires inqui\u00e9tants, vid\u00e9o, images projet\u00e9es et ombres qui se d\u00e9doublent et nous troublent. Les interpr\u00e8tes sud-africains, de la compagnie Garage dance v\u00eatus de diff\u00e9rentes couches de v\u00eatements multicolores d\u00e9ploient une \u00e9nergie folle, \u00e0 c\u00f4t\u00e9 du duo de musiciens uKhoiKhoi, et la magnifique voix de la chanteuse\u00a0Anelisa Stuurman.<\/p>\n<p>\t<img decoding=\"async\" src=\"https:\/\/www.europesays.com\/fr\/wp-content\/uploads\/2025\/12\/P35635432D7106156G_px_640_.jpg\" alt=\"photo un spectacle foisonnant et color\u00e9, d\u2019une grande vitalit\u00e9 qui d\u00e9nonce la violence et l\u2019oppression.  \u00a9  ouest-france\" width=\"640\" title=\" Un spectacle foisonnant et color\u00e9, d\u2019une grande vitalit\u00e9 qui d\u00e9nonce la violence et l\u2019oppression.   Ouest-France \"\/><\/p>\n<p class=\"elmt-legende\"> Un spectacle foisonnant et color\u00e9, d\u2019une grande vitalit\u00e9 qui d\u00e9nonce la violence et l\u2019oppression.   Ouest-France <\/p>\n<p>Il y a de la violence, comme cette sc\u00e8ne de viol sugg\u00e9r\u00e9e, une d\u00e9nonciation de la pauvret\u00e9, de paysages d\u00e9vast\u00e9s envahis par les chiens errants, mais aussi ces marguerites sauvages qui \u00e9closent chaque ann\u00e9e sur les terres ass\u00e9ch\u00e9es. Tout un symbole, celui d\u2019une ardeur, une vitalit\u00e9, qui finissent par dominer le spectacle.<\/p>\n<p>Jusqu\u2019au 13\u00a0d\u00e9cembre 2025, au TNB, \u00e0 Rennes, \u00e0 partir de 12\u00a0ans. Site internet\u00a0: <a href=\"https:\/\/www.t-n-b.fr\/\" target=\"_self\" rel=\"noopener\">www.t-n-b.fr<\/a><\/p>\n<p>\u00a0<\/p>\n","protected":false},"excerpt":{"rendered":"La chor\u00e9graphe sud-africaine Robyn Orlin r\u00e9v\u00e8le la complexit\u00e9 de son pays au fil de ses cr\u00e9ations. De nouveau&hellip;\n","protected":false},"author":2,"featured_media":594777,"comment_status":"","ping_status":"","sticky":false,"template":"","format":"standard","meta":{"footnotes":""},"categories":[2821],"tags":[1111,11,879,70771,1344,829,63838,1777,674,1011,27,12,70770,16252,584,25,70769,7053,64248],"class_list":{"0":"post-594776","1":"post","2":"type-post","3":"status-publish","4":"format-standard","5":"has-post-thumbnail","7":"category-rennes","8":"tag-actu","9":"tag-actualites","10":"tag-afrique","11":"tag-ardent","12":"tag-ballet","13":"tag-bretagne","14":"tag-cicatrices","15":"tag-eu","16":"tag-europe","17":"tag-fr","18":"tag-france","19":"tag-news","20":"tag-orlin","21":"tag-plongee","22":"tag-rennes","23":"tag-republique-francaise","24":"tag-robyn","25":"tag-sud","26":"tag-tnb"},"share_on_mastodon":{"url":"https:\/\/pubeurope.com\/@fr\/115706227462628039","error":""},"_links":{"self":[{"href":"https:\/\/www.europesays.com\/fr\/wp-json\/wp\/v2\/posts\/594776","targetHints":{"allow":["GET"]}}],"collection":[{"href":"https:\/\/www.europesays.com\/fr\/wp-json\/wp\/v2\/posts"}],"about":[{"href":"https:\/\/www.europesays.com\/fr\/wp-json\/wp\/v2\/types\/post"}],"author":[{"embeddable":true,"href":"https:\/\/www.europesays.com\/fr\/wp-json\/wp\/v2\/users\/2"}],"replies":[{"embeddable":true,"href":"https:\/\/www.europesays.com\/fr\/wp-json\/wp\/v2\/comments?post=594776"}],"version-history":[{"count":0,"href":"https:\/\/www.europesays.com\/fr\/wp-json\/wp\/v2\/posts\/594776\/revisions"}],"wp:featuredmedia":[{"embeddable":true,"href":"https:\/\/www.europesays.com\/fr\/wp-json\/wp\/v2\/media\/594777"}],"wp:attachment":[{"href":"https:\/\/www.europesays.com\/fr\/wp-json\/wp\/v2\/media?parent=594776"}],"wp:term":[{"taxonomy":"category","embeddable":true,"href":"https:\/\/www.europesays.com\/fr\/wp-json\/wp\/v2\/categories?post=594776"},{"taxonomy":"post_tag","embeddable":true,"href":"https:\/\/www.europesays.com\/fr\/wp-json\/wp\/v2\/tags?post=594776"}],"curies":[{"name":"wp","href":"https:\/\/api.w.org\/{rel}","templated":true}]}}