{"id":594778,"date":"2025-12-12T10:54:16","date_gmt":"2025-12-12T10:54:16","guid":{"rendered":"https:\/\/www.europesays.com\/fr\/594778\/"},"modified":"2025-12-12T10:54:16","modified_gmt":"2025-12-12T10:54:16","slug":"un-comportement-inacceptable-nathalie-appere-porte-plainte-contre-les-agriculteurs-venus-protester-a-rennes","status":"publish","type":"post","link":"https:\/\/www.europesays.com\/fr\/594778\/","title":{"rendered":"\u00ab\u00a0Un comportement inacceptable\u00a0\u00bb. Nathalie App\u00e9r\u00e9 porte plainte contre les agriculteurs venus protester \u00e0 Rennes"},"content":{"rendered":"<p>                    Par<br \/>\n        <strong><br \/>\n            <a href=\"https:\/\/actu.fr\/auteur\/laurene-fertin\" title=\"Consulter tous les articles de Laur\u00e8ne Fertin\" target=\"_blank\" rel=\"noopener\">Laur\u00e8ne Fertin<\/a><br \/>\n                    <\/strong><\/p>\n<p>        Publi\u00e9 le<\/p>\n<p>            12 d\u00e9c. 2025 \u00e0 11h17        <\/p>\n<p><a href=\"https:\/\/actu.fr\/bretagne\/rennes_35238\/agriculteurs-en-colere-plusieurs-convois-de-tracteurs-arrivent-sur-la-rocade-de-rennes_63562042.html\" target=\"_blank\" rel=\"noopener\">Alors que les agriculteurs ont d\u00e9vers\u00e9 du fumier devant la pr\u00e9fecture de Bretagne, \u00e0 Rennes<\/a>, jeudi 11\u00a0d\u00e9cembre 2025,<a href=\"https:\/\/actu.fr\/bretagne\/rennes_35238\/colere-des-agriculteurs-pourquoi-des-tracteurs-risquent-de-perturber-le-centre-ville-de-rennes_63558251.html\" target=\"_blank\" rel=\"noopener\"> dans le cadre de l\u2019adoption du SAGE d\u2019Ille-et-Vilaine<\/a>, la maire de la capitale bretonne et pr\u00e9sidente de Rennes M\u00e9tropole a dit <strong>condamner \u00ab\u2009tr\u00e8s fermement\u2009\u00bb<\/strong> les cons\u00e9quences de cette manifestation.<\/p>\n<p>Apr\u00e8s Ch\u00e2teaubourg, Rennes<\/p>\n<p class=\" wall-content\">En effet, alors <a href=\"https:\/\/actu.fr\/bretagne\/chateaubourg_35068\/sage-vilaine-mobilisations-syndicales-opposees-ce-11-decembre-a-chateaubourg_63555784.html\" target=\"_blank\" rel=\"noopener\">qu\u2019un premier rassemblement \u00e9tait pr\u00e9vu \u00e0 Ch\u00e2teaubourg vers 11h<\/a> par les syndicats d\u2019agriculture, la FNSA, les JA (Jeunes agriculteurs) et la Coordination rurale ont converg\u00e9 \u00e0 Rennes pour protester <strong>devant la pr\u00e9fecture de r\u00e9gion<\/strong>, rue Marthenot.<\/p>\n<p class=\" wall-content\">Pour s\u2019opposer \u00e0 la signature (finalement repouss\u00e9e) du SAGE, <strong>ils ont travers\u00e9 les rues de Rennes en tracteur<\/strong>. Apr\u00e8s avoir rencontr\u00e9 le nouveau pr\u00e9fet de Bretagne, <strong>Franck Robine<\/strong>, ces derniers ont <strong>d\u00e9vers\u00e9 foin et fumier<\/strong> devant l\u2019h\u00f4tel de r\u00e9gion.<\/p>\n<p>    <img   decoding=\"async\" loading=\"lazy\" src=\"https:\/\/www.europesays.com\/fr\/wp-content\/uploads\/2025\/12\/paille-fumier-agriculteurs-colere-sage-vilaine-2-960x640.jpg\" alt=\"Fumier et paille ont \u00e9t\u00e9 l\u00e2ch\u00e9s devant les grilles de la pr\u00e9fecture de Bretagne \u00e0 Rennes.\" width=\"960\" height=\"640\"\/><br \/>\n    350 agriculteurs \u00e9taient pr\u00e9sents devant l\u2019h\u00f4tel de r\u00e9gion. (\u00a9Cl\u00e9mence Pays \/ actu Rennes)\u00ab\u2009Une plainte va \u00eatre d\u00e9pos\u00e9e\u2009\u00bb<\/p>\n<p class=\" wall-content\">\u00ab\u2009Alors qu\u2019\u00e0 leur demande un rendez-vous leur a \u00e9t\u00e9 propos\u00e9 avec les \u00e9lus en charge du dossier \u00e0 Rennes M\u00e9tropole\u2009\u00bb, s\u2019indigne Nathalie App\u00e9r\u00e9, <strong>\u00ab\u2009ils n\u2019ont pas souhait\u00e9 l\u2019honorer et ont pr\u00e9f\u00e9r\u00e9 d\u00e9verser fumier, paille et d\u00e9chets<\/strong> devant l\u2019h\u00f4tel de Rennes M\u00e9tropole, la pr\u00e9fecture et dans le secteur de R\u00e9publique.\u2009\u00bb<\/p>\n<blockquote class=\"ac-article-quote wall-content\">\n<p>Ce comportement est inacceptable. Une plainte va \u00eatre d\u00e9pos\u00e9e.<\/p>\n<p>    <strong>Nathalie App\u00e9r\u00e9<\/strong><br \/>\n        Maire de Rennes    <\/p><\/blockquote>\n<p class=\" wall-content\">Si Franck Robine a indiqu\u00e9 aux agriculteurs que le SAGE ne serait pas \u00ab\u2009sign\u00e9 en l\u2019\u00e9tat\u2009\u00bb, C\u00e9dric Henry, pr\u00e9sident de la FDSEA 35, a indiqu\u00e9 <strong>maintenir la pression.<\/strong><\/p>\n<p>Votre r\u00e9gion, votre actu !<\/p>\n<p>Recevez chaque jour les infos qui comptent pour vous.<\/p>\n<p>\t<a href=\"https:\/\/actu.fr\/newsletter\" class=\"ac-btn ac-btn--corner ac-btn--medium ac-btn--blue800\" target=\"_blank\" rel=\"noopener\">S&rsquo;incrire<\/a><\/p>\n<p class=\" wall-content\">La FDSEA a par ailleurs appel\u00e9 \u00e0 une <strong>nouvelle mobilisation \u00e0 Bruxelles<\/strong>, le 18 d\u00e9cembre prochain : le budget de la Politique agricole commune (PAC) serait r\u00e9duit de 20 % par la Commission europ\u00e9enne.<\/p>\n<p class=\" wall-content\">Personnalisez votre actualit\u00e9 en ajoutant vos villes et m\u00e9dias en favori avec <a href=\"https:\/\/moncompte.actu.fr\" title=\"D\u00e9couvez Mon Actu\" rel=\"nofollow noopener\" data-trk=\"{&quot;cta&quot;:{&quot;action&quot;:&quot;https:\\\/\\\/moncompte.actu.fr&quot;,&quot;category&quot;:&quot;mon compte&quot;,&quot;from&quot;:&quot;article footer&quot;,&quot;name&quot;:&quot;Mon actu&quot;,&quot;type&quot;:&quot;cta&quot;}}\" target=\"_blank\">Mon Actu<\/a>.<\/p>\n","protected":false},"excerpt":{"rendered":"Par Laur\u00e8ne Fertin Publi\u00e9 le 12 d\u00e9c. 2025 \u00e0 11h17 Alors que les agriculteurs ont d\u00e9vers\u00e9 du fumier&hellip;\n","protected":false},"author":2,"featured_media":594779,"comment_status":"","ping_status":"","sticky":false,"template":"","format":"standard","meta":{"footnotes":""},"categories":[2821],"tags":[1111,11,327,829,1777,674,1011,27,10736,12,584,25,104],"class_list":{"0":"post-594778","1":"post","2":"type-post","3":"status-publish","4":"format-standard","5":"has-post-thumbnail","7":"category-rennes","8":"tag-actu","9":"tag-actualites","10":"tag-agriculture","11":"tag-bretagne","12":"tag-eu","13":"tag-europe","14":"tag-fr","15":"tag-france","16":"tag-nathalie-appere","17":"tag-news","18":"tag-rennes","19":"tag-republique-francaise","20":"tag-societe"},"share_on_mastodon":{"url":"https:\/\/pubeurope.com\/@fr\/115706231215957576","error":""},"_links":{"self":[{"href":"https:\/\/www.europesays.com\/fr\/wp-json\/wp\/v2\/posts\/594778","targetHints":{"allow":["GET"]}}],"collection":[{"href":"https:\/\/www.europesays.com\/fr\/wp-json\/wp\/v2\/posts"}],"about":[{"href":"https:\/\/www.europesays.com\/fr\/wp-json\/wp\/v2\/types\/post"}],"author":[{"embeddable":true,"href":"https:\/\/www.europesays.com\/fr\/wp-json\/wp\/v2\/users\/2"}],"replies":[{"embeddable":true,"href":"https:\/\/www.europesays.com\/fr\/wp-json\/wp\/v2\/comments?post=594778"}],"version-history":[{"count":0,"href":"https:\/\/www.europesays.com\/fr\/wp-json\/wp\/v2\/posts\/594778\/revisions"}],"wp:featuredmedia":[{"embeddable":true,"href":"https:\/\/www.europesays.com\/fr\/wp-json\/wp\/v2\/media\/594779"}],"wp:attachment":[{"href":"https:\/\/www.europesays.com\/fr\/wp-json\/wp\/v2\/media?parent=594778"}],"wp:term":[{"taxonomy":"category","embeddable":true,"href":"https:\/\/www.europesays.com\/fr\/wp-json\/wp\/v2\/categories?post=594778"},{"taxonomy":"post_tag","embeddable":true,"href":"https:\/\/www.europesays.com\/fr\/wp-json\/wp\/v2\/tags?post=594778"}],"curies":[{"name":"wp","href":"https:\/\/api.w.org\/{rel}","templated":true}]}}