{"id":594780,"date":"2025-12-12T10:55:10","date_gmt":"2025-12-12T10:55:10","guid":{"rendered":"https:\/\/www.europesays.com\/fr\/594780\/"},"modified":"2025-12-12T10:55:10","modified_gmt":"2025-12-12T10:55:10","slug":"lutte-ouvriere-presente-une-liste-menee-par-une-cheminote-et-un-enseignant","status":"publish","type":"post","link":"https:\/\/www.europesays.com\/fr\/594780\/","title":{"rendered":"Lutte ouvri\u00e8re pr\u00e9sente une liste men\u00e9e par une cheminote et un enseignant"},"content":{"rendered":"<p>                    Par<br \/>\n        <strong><br \/>\n            <a href=\"https:\/\/actu.fr\/auteur\/ivan-capecchi\" title=\"Consulter tous les articles de Ivan CAPECCHI\" target=\"_blank\" rel=\"noopener\">Ivan CAPECCHI<\/a><br \/>\n                    <\/strong><\/p>\n<p>        Publi\u00e9 le<\/p>\n<p>            12 d\u00e9c. 2025 \u00e0 11h46        <\/p>\n<p>D\u00e9but d\u00e9cembre, le parti <a href=\"https:\/\/actu.fr\/tag\/lutte-ouvriere\" target=\"_blank\" rel=\"noopener\">Lutte ouvri\u00e8re<\/a> a annonc\u00e9 qu\u2019il pr\u00e9sentera une liste aux <a href=\"https:\/\/actu.fr\/elections-municipales\" target=\"_blank\" rel=\"noopener\">\u00e9lections municipales<\/a> de mars\u00a02026 \u00e0 Strasbourg. Baptis\u00e9e \u00ab\u2009Lutte Ouvri\u00e8re \u2013 Le camp des travailleurs\u2009\u00bb, elle sera men\u00e9e par <strong>Louise F\u00e8ve<\/strong>, cheminote, et <strong>Marc Baud-Berthier<\/strong>, enseignant en coll\u00e8ge.<\/p>\n<p>Faire entendre la voix des travailleurs<\/p>\n<p class=\" wall-content\">Dans son <a href=\"https:\/\/www.lutte-ouvriere.org\/portail\/communiques\/strasbourg-municipales-2026-188888.html\" target=\"_blank\" rel=\"noopener\">communiqu\u00e9<\/a>, le parti d\u2019extr\u00eame gauche dit vouloir <strong>faire entendre la voix de celles et ceux qui vivent de leur travail<\/strong>. Il affirme refuser la d\u00e9gradation des conditions de vie et de travail ainsi que la mont\u00e9e du nationalisme et du racisme.<\/p>\n<p class=\" wall-content\">\u00c0 Strasbourg, la liste est \u00ab\u2009constitu\u00e9e de <strong>travailleuses et de travailleurs, actifs, retrait\u00e9s, au ch\u00f4mage et d\u2019\u00e9tudiants<\/strong>\u2009\u00bb.<\/p>\n<p class=\" wall-content\">Personnalisez votre actualit\u00e9 en ajoutant vos villes et m\u00e9dias en favori avec <a href=\"https:\/\/moncompte.actu.fr\" title=\"D\u00e9couvez Mon Actu\" rel=\"nofollow noopener\" data-trk=\"{&quot;cta&quot;:{&quot;action&quot;:&quot;https:\\\/\\\/moncompte.actu.fr&quot;,&quot;category&quot;:&quot;mon compte&quot;,&quot;from&quot;:&quot;article footer&quot;,&quot;name&quot;:&quot;Mon actu&quot;,&quot;type&quot;:&quot;cta&quot;}}\" target=\"_blank\">Mon Actu<\/a>.<\/p>\n","protected":false},"excerpt":{"rendered":"Par Ivan CAPECCHI Publi\u00e9 le 12 d\u00e9c. 2025 \u00e0 11h46 D\u00e9but d\u00e9cembre, le parti Lutte ouvri\u00e8re a annonc\u00e9&hellip;\n","protected":false},"author":2,"featured_media":594781,"comment_status":"","ping_status":"","sticky":false,"template":"","format":"standard","meta":{"footnotes":""},"categories":[2820],"tags":[1111,11,4188,1777,674,1011,27,775,70772,3434,12,316,25,640],"class_list":{"0":"post-594780","1":"post","2":"type-post","3":"status-publish","4":"format-standard","5":"has-post-thumbnail","7":"category-strasbourg","8":"tag-actu","9":"tag-actualites","10":"tag-elections-municipales","11":"tag-eu","12":"tag-europe","13":"tag-fr","14":"tag-france","15":"tag-grand-est","16":"tag-lutte-ouvriere","17":"tag-municipales-2026","18":"tag-news","19":"tag-politique","20":"tag-republique-francaise","21":"tag-strasbourg"},"share_on_mastodon":{"url":"https:\/\/pubeurope.com\/@fr\/115706234498165604","error":""},"_links":{"self":[{"href":"https:\/\/www.europesays.com\/fr\/wp-json\/wp\/v2\/posts\/594780","targetHints":{"allow":["GET"]}}],"collection":[{"href":"https:\/\/www.europesays.com\/fr\/wp-json\/wp\/v2\/posts"}],"about":[{"href":"https:\/\/www.europesays.com\/fr\/wp-json\/wp\/v2\/types\/post"}],"author":[{"embeddable":true,"href":"https:\/\/www.europesays.com\/fr\/wp-json\/wp\/v2\/users\/2"}],"replies":[{"embeddable":true,"href":"https:\/\/www.europesays.com\/fr\/wp-json\/wp\/v2\/comments?post=594780"}],"version-history":[{"count":0,"href":"https:\/\/www.europesays.com\/fr\/wp-json\/wp\/v2\/posts\/594780\/revisions"}],"wp:featuredmedia":[{"embeddable":true,"href":"https:\/\/www.europesays.com\/fr\/wp-json\/wp\/v2\/media\/594781"}],"wp:attachment":[{"href":"https:\/\/www.europesays.com\/fr\/wp-json\/wp\/v2\/media?parent=594780"}],"wp:term":[{"taxonomy":"category","embeddable":true,"href":"https:\/\/www.europesays.com\/fr\/wp-json\/wp\/v2\/categories?post=594780"},{"taxonomy":"post_tag","embeddable":true,"href":"https:\/\/www.europesays.com\/fr\/wp-json\/wp\/v2\/tags?post=594780"}],"curies":[{"name":"wp","href":"https:\/\/api.w.org\/{rel}","templated":true}]}}