{"id":594782,"date":"2025-12-12T10:56:15","date_gmt":"2025-12-12T10:56:15","guid":{"rendered":"https:\/\/www.europesays.com\/fr\/594782\/"},"modified":"2025-12-12T10:56:15","modified_gmt":"2025-12-12T10:56:15","slug":"candidat-aux-municipales-2026-a-strasbourg-le-cheminot-clement-soubise-veut-porter-la-voix-des-travailleurs","status":"publish","type":"post","link":"https:\/\/www.europesays.com\/fr\/594782\/","title":{"rendered":"Candidat aux municipales 2026 \u00e0 Strasbourg, le cheminot Cl\u00e9ment Soubise veut \u00ab\u00a0porter la voix des travailleurs\u00a0\u00bb"},"content":{"rendered":"<p>                    Par<br \/>\n        <strong><br \/>\n            <a href=\"https:\/\/actu.fr\/auteur\/ivan-capecchi\" title=\"Consulter tous les articles de Ivan CAPECCHI\" target=\"_blank\" rel=\"noopener\">Ivan CAPECCHI<\/a><br \/>\n                    <\/strong><\/p>\n<p>        Publi\u00e9 le<\/p>\n<p>            12 d\u00e9c. 2025 \u00e0 11h18        <\/p>\n<p>D\u00e9j\u00e0 candidat lors des <a href=\"https:\/\/actu.fr\/elections-municipales\" target=\"_blank\" rel=\"noopener\">\u00e9lections municipales<\/a> de 2020,<strong> Cl\u00e9ment Soubise<\/strong> se relance dans la course pour 2026 \u00e0 <strong>Strasbourg<\/strong> sous l\u2019\u00e9tiquette du <strong>NPA-R\u00e9volutionnaire<\/strong>.<\/p>\n<p>\u00ab\u00a0Faire entrer la r\u00e9alit\u00e9 des travailleurs dans l\u2019ar\u00e8ne \u00e9lectorale\u00a0\u00bb<\/p>\n<p class=\" wall-content\">Aupr\u00e8s de BFMTV, il explique vouloir \u00ab<strong> faire entrer les r\u00e9alit\u00e9s des travailleurs dans l\u2019ar\u00e8ne \u00e9lectorale<\/strong> \u00bb en \u00ab port[ant] leur voix \u00bb.<\/p>\n<p class=\" wall-content\">\u00ab Les \u00e9lections sont essentiellement compos\u00e9es de candidats qui d\u00e9fendent le monde bourgeois. Nous estimons important que cette voix existe \u00bb, d\u00e9clare-t-il.<\/p>\n<p class=\" wall-content\">\n<p>Scission au NPA<\/p>\n<p class=\" wall-content\">Cl\u00e9ment Soubise se pr\u00e9sente sous la banni\u00e8re du NPA-R\u00e9volutionnaire, une formation issue de la <strong>scission du NPA intervenue en 2022<\/strong>.<\/p>\n<p class=\" wall-content\">C\u2019est pour cette raison qu\u2019il ne b\u00e9n\u00e9ficie pas du soutien de <a href=\"https:\/\/actu.fr\/tag\/philippe-poutou\" target=\"_blank\" rel=\"noopener\">Philippe Poutou<\/a>, rattach\u00e9 \u00e0 la mouvance<strong> NPA \u2013 L\u2019Anticapitaliste<\/strong>, lequel a choisi d\u2019apporter son soutien local au candidat d\u2019extr\u00eame gauche <a href=\"https:\/\/actu.fr\/grand-est\/strasbourg_67482\/municipales-2026-a-strasbourg-cem-yoldas-extreme-gauche-veut-desarmer-la-police-et-encadrer-les-loyers_63417802.html\" target=\"_blank\" rel=\"noopener\">Cem Yoldas<\/a>.<\/p>\n<p class=\" wall-content\">Personnalisez votre actualit\u00e9 en ajoutant vos villes et m\u00e9dias en favori avec <a href=\"https:\/\/moncompte.actu.fr\" title=\"D\u00e9couvez Mon Actu\" rel=\"nofollow noopener\" data-trk=\"{&quot;cta&quot;:{&quot;action&quot;:&quot;https:\\\/\\\/moncompte.actu.fr&quot;,&quot;category&quot;:&quot;mon compte&quot;,&quot;from&quot;:&quot;article footer&quot;,&quot;name&quot;:&quot;Mon actu&quot;,&quot;type&quot;:&quot;cta&quot;}}\" target=\"_blank\">Mon Actu<\/a>.<\/p>\n","protected":false},"excerpt":{"rendered":"Par Ivan CAPECCHI Publi\u00e9 le 12 d\u00e9c. 2025 \u00e0 11h18 D\u00e9j\u00e0 candidat lors des \u00e9lections municipales de 2020,&hellip;\n","protected":false},"author":2,"featured_media":594783,"comment_status":"","ping_status":"","sticky":false,"template":"","format":"standard","meta":{"footnotes":""},"categories":[2820],"tags":[1111,11,4188,1777,674,1011,27,775,3434,12,6273,316,25,640],"class_list":{"0":"post-594782","1":"post","2":"type-post","3":"status-publish","4":"format-standard","5":"has-post-thumbnail","7":"category-strasbourg","8":"tag-actu","9":"tag-actualites","10":"tag-elections-municipales","11":"tag-eu","12":"tag-europe","13":"tag-fr","14":"tag-france","15":"tag-grand-est","16":"tag-municipales-2026","17":"tag-news","18":"tag-philippe-poutou","19":"tag-politique","20":"tag-republique-francaise","21":"tag-strasbourg"},"share_on_mastodon":{"url":"https:\/\/pubeurope.com\/@fr\/115706238486455890","error":""},"_links":{"self":[{"href":"https:\/\/www.europesays.com\/fr\/wp-json\/wp\/v2\/posts\/594782","targetHints":{"allow":["GET"]}}],"collection":[{"href":"https:\/\/www.europesays.com\/fr\/wp-json\/wp\/v2\/posts"}],"about":[{"href":"https:\/\/www.europesays.com\/fr\/wp-json\/wp\/v2\/types\/post"}],"author":[{"embeddable":true,"href":"https:\/\/www.europesays.com\/fr\/wp-json\/wp\/v2\/users\/2"}],"replies":[{"embeddable":true,"href":"https:\/\/www.europesays.com\/fr\/wp-json\/wp\/v2\/comments?post=594782"}],"version-history":[{"count":0,"href":"https:\/\/www.europesays.com\/fr\/wp-json\/wp\/v2\/posts\/594782\/revisions"}],"wp:featuredmedia":[{"embeddable":true,"href":"https:\/\/www.europesays.com\/fr\/wp-json\/wp\/v2\/media\/594783"}],"wp:attachment":[{"href":"https:\/\/www.europesays.com\/fr\/wp-json\/wp\/v2\/media?parent=594782"}],"wp:term":[{"taxonomy":"category","embeddable":true,"href":"https:\/\/www.europesays.com\/fr\/wp-json\/wp\/v2\/categories?post=594782"},{"taxonomy":"post_tag","embeddable":true,"href":"https:\/\/www.europesays.com\/fr\/wp-json\/wp\/v2\/tags?post=594782"}],"curies":[{"name":"wp","href":"https:\/\/api.w.org\/{rel}","templated":true}]}}