{"id":594787,"date":"2025-12-12T10:59:18","date_gmt":"2025-12-12T10:59:18","guid":{"rendered":"https:\/\/www.europesays.com\/fr\/594787\/"},"modified":"2025-12-12T10:59:18","modified_gmt":"2025-12-12T10:59:18","slug":"un-second-piano-inaugure-ce-mardi","status":"publish","type":"post","link":"https:\/\/www.europesays.com\/fr\/594787\/","title":{"rendered":"Un second piano inaugur\u00e9 ce mardi"},"content":{"rendered":"<p>                            <strong>La m\u00e9diath\u00e8que Luce Courville, au Ch\u00eane des Anglais va inaugurer un piano en libre-service.<\/strong><\/p>\n<p class=\"p1\">Et de deux. Apr\u00e8s la <strong><a href=\"https:\/\/hellogazettenantes.fr\/nantes-a-la-mediatheque-lisa-bresner-on-joue-aussi-du-piano\/\" target=\"_blank\" rel=\"noopener\">m\u00e9diath\u00e8que Lisa-Bresner \u00e0 Bellevue<\/a><\/strong>, c\u2019est au tour de Luce Courville au Ch\u00eane des Anglais, d\u2019accueillir ce mardi 16 d\u00e9cembre un piano en libre-service. Un second piano financ\u00e9 gr\u00e2ce au Fonds m\u00e9tropolitain pour la Culture, ainsi que de LNA Sant\u00e9 \u00ab\u00a0il sera possible d\u2019en jouer gratuitement, \u00e0 deux ou quatre mains et tout au long de l\u2019ann\u00e9e\u00a0\u00bb se r\u00e9jouit la municipalit\u00e9 par voie de communiqu\u00e9 de presse.<\/p>\n<p class=\"p1\">Celui-ci sera mis en service le 16 d\u00e9cembre prochain. Une apr\u00e8s-midi musicale sera propos\u00e9e par les \u00e9l\u00e8ves du Conservatoire de Nantes. Michel Cocotier, conseiller municipal d\u00e9l\u00e9gu\u00e9 \u00e0 la lecture publique et \u00e0 l\u2019enseignement artistique sera \u00e9galement pr\u00e9sent lors de cette inauguration.<\/p>\n<p><img decoding=\"async\" alt=\"Advertisement\" src=\"data:image\/svg+xml,%3Csvg%20xmlns=\" http:=\"\" data-lazy-src=\"https:\/\/www.europesays.com\/fr\/wp-content\/uploads\/2025\/04\/Application-mobile-hello-gazette-nantes.gif\"\/><\/p>\n","protected":false},"excerpt":{"rendered":"La m\u00e9diath\u00e8que Luce Courville, au Ch\u00eane des Anglais va inaugurer un piano en libre-service. Et de deux. Apr\u00e8s&hellip;\n","protected":false},"author":2,"featured_media":594788,"comment_status":"","ping_status":"","sticky":false,"template":"","format":"standard","meta":{"footnotes":""},"categories":[2818],"tags":[1111,11,1777,674,1011,27,766,12,2636,25],"class_list":{"0":"post-594787","1":"post","2":"type-post","3":"status-publish","4":"format-standard","5":"has-post-thumbnail","7":"category-nantes","8":"tag-actu","9":"tag-actualites","10":"tag-eu","11":"tag-europe","12":"tag-fr","13":"tag-france","14":"tag-nantes","15":"tag-news","16":"tag-pays-de-la-loire","17":"tag-republique-francaise"},"share_on_mastodon":{"url":"https:\/\/pubeurope.com\/@fr\/115706250285279560","error":""},"_links":{"self":[{"href":"https:\/\/www.europesays.com\/fr\/wp-json\/wp\/v2\/posts\/594787","targetHints":{"allow":["GET"]}}],"collection":[{"href":"https:\/\/www.europesays.com\/fr\/wp-json\/wp\/v2\/posts"}],"about":[{"href":"https:\/\/www.europesays.com\/fr\/wp-json\/wp\/v2\/types\/post"}],"author":[{"embeddable":true,"href":"https:\/\/www.europesays.com\/fr\/wp-json\/wp\/v2\/users\/2"}],"replies":[{"embeddable":true,"href":"https:\/\/www.europesays.com\/fr\/wp-json\/wp\/v2\/comments?post=594787"}],"version-history":[{"count":0,"href":"https:\/\/www.europesays.com\/fr\/wp-json\/wp\/v2\/posts\/594787\/revisions"}],"wp:featuredmedia":[{"embeddable":true,"href":"https:\/\/www.europesays.com\/fr\/wp-json\/wp\/v2\/media\/594788"}],"wp:attachment":[{"href":"https:\/\/www.europesays.com\/fr\/wp-json\/wp\/v2\/media?parent=594787"}],"wp:term":[{"taxonomy":"category","embeddable":true,"href":"https:\/\/www.europesays.com\/fr\/wp-json\/wp\/v2\/categories?post=594787"},{"taxonomy":"post_tag","embeddable":true,"href":"https:\/\/www.europesays.com\/fr\/wp-json\/wp\/v2\/tags?post=594787"}],"curies":[{"name":"wp","href":"https:\/\/api.w.org\/{rel}","templated":true}]}}