{"id":594795,"date":"2025-12-12T11:04:40","date_gmt":"2025-12-12T11:04:40","guid":{"rendered":"https:\/\/www.europesays.com\/fr\/594795\/"},"modified":"2025-12-12T11:04:40","modified_gmt":"2025-12-12T11:04:40","slug":"186-km-h-sur-le-peripherique-de-toulouse","status":"publish","type":"post","link":"https:\/\/www.europesays.com\/fr\/594795\/","title":{"rendered":"186 km\/h sur le p\u00e9riph\u00e9rique de Toulouse"},"content":{"rendered":"<p>                    Par<br \/>\n        <strong><br \/>\n            <a href=\"https:\/\/actu.fr\/auteur\/mareva-laville-actu-fr\" title=\"Consulter tous les articles de Mar\u00e9va Laville\" target=\"_blank\" rel=\"noopener\">Mar\u00e9va Laville<\/a><br \/>\n                    <\/strong><\/p>\n<p>        Publi\u00e9 le<\/p>\n<p>            11 d\u00e9c. 2025 \u00e0 16h17        <\/p>\n<p>Dans la nuit de mardi 9 \u00e0 mercredi 10 d\u00e9cembre 2025, un conducteur a fait exploser le compteur de sa voiture. Sur le<a href=\"https:\/\/actu.fr\/tag\/peripherique-de-toulouse\" target=\"_blank\" rel=\"noopener\"> p\u00e9riph\u00e9rique de Toulouse,<\/a> normalement limit\u00e9 \u00e0 90\u00a0km\/h, le chauffard a \u00e9t\u00e9 <strong>intercept\u00e9 \u00e0 186\u00a0km\/h<\/strong> par la police de <a href=\"http:\/\/www.actu.fr\/toulouse\" target=\"_blank\" rel=\"noopener\">Toulouse<\/a>.<\/p>\n<p>Le conducteur \u00e9tait alcoolis\u00e9, sa voiture est mise \u00e0 la fourri\u00e8re<\/p>\n<p class=\" wall-content\">Pour ne pas arranger ses affaires, il \u00e9tait alcoolis\u00e9. Il pr\u00e9sentait un taux d\u2019alcool de <strong>1,36g\/l de sang.<\/strong><\/p>\n<p class=\" wall-content\">Interpell\u00e9, le conducteur aux folles envies de vitesse a \u00e9t\u00e9 plac\u00e9<strong> en garde \u00e0 vue<\/strong>.\u00a0Son v\u00e9hicule a<strong> \u00e9t\u00e9 plac\u00e9 en fourri\u00e8re.<\/strong><\/p>\n<p class=\" wall-content\">\u00ab\u2009Chaque ann\u00e9e pr\u00e8s de 30\u2009% des accidents mortels sont dus \u00e0 une alcool\u00e9mie excessive et la vitesse est la premi\u00e8re cause de mortalit\u00e9. Respectez le code de la route, pour votre s\u00e9curit\u00e9 et celle des autres\u2009\u00bb, sensibilise, et rappelle, la police nationale de Haute-Garonne sur ses r\u00e9seaux sociaux.<\/p>\n<p class=\" wall-content\">Personnalisez votre actualit\u00e9 en ajoutant vos villes et m\u00e9dias en favori avec <a href=\"https:\/\/moncompte.actu.fr\" title=\"D\u00e9couvez Mon Actu\" rel=\"nofollow noopener\" data-trk=\"{&quot;cta&quot;:{&quot;action&quot;:&quot;https:\\\/\\\/moncompte.actu.fr&quot;,&quot;category&quot;:&quot;mon compte&quot;,&quot;from&quot;:&quot;article footer&quot;,&quot;name&quot;:&quot;Mon actu&quot;,&quot;type&quot;:&quot;cta&quot;}}\" target=\"_blank\">Mon Actu<\/a>.<\/p>\n","protected":false},"excerpt":{"rendered":"Par Mar\u00e9va Laville Publi\u00e9 le 11 d\u00e9c. 2025 \u00e0 16h17 Dans la nuit de mardi 9 \u00e0 mercredi&hellip;\n","protected":false},"author":2,"featured_media":594796,"comment_status":"","ping_status":"","sticky":false,"template":"","format":"standard","meta":{"footnotes":""},"categories":[2816],"tags":[1111,11,5702,1777,674,5915,118,1011,27,12,2680,4800,25,2312],"class_list":{"0":"post-594795","1":"post","2":"type-post","3":"status-publish","4":"format-standard","5":"has-post-thumbnail","7":"category-toulouse","8":"tag-actu","9":"tag-actualites","10":"tag-alcool","11":"tag-eu","12":"tag-europe","13":"tag-exces-de-vitesse","14":"tag-faits-divers","15":"tag-fr","16":"tag-france","17":"tag-news","18":"tag-occitanie","19":"tag-peripherique-de-toulouse","20":"tag-republique-francaise","21":"tag-toulouse"},"share_on_mastodon":{"url":"https:\/\/pubeurope.com\/@fr\/115706270112258196","error":""},"_links":{"self":[{"href":"https:\/\/www.europesays.com\/fr\/wp-json\/wp\/v2\/posts\/594795","targetHints":{"allow":["GET"]}}],"collection":[{"href":"https:\/\/www.europesays.com\/fr\/wp-json\/wp\/v2\/posts"}],"about":[{"href":"https:\/\/www.europesays.com\/fr\/wp-json\/wp\/v2\/types\/post"}],"author":[{"embeddable":true,"href":"https:\/\/www.europesays.com\/fr\/wp-json\/wp\/v2\/users\/2"}],"replies":[{"embeddable":true,"href":"https:\/\/www.europesays.com\/fr\/wp-json\/wp\/v2\/comments?post=594795"}],"version-history":[{"count":0,"href":"https:\/\/www.europesays.com\/fr\/wp-json\/wp\/v2\/posts\/594795\/revisions"}],"wp:featuredmedia":[{"embeddable":true,"href":"https:\/\/www.europesays.com\/fr\/wp-json\/wp\/v2\/media\/594796"}],"wp:attachment":[{"href":"https:\/\/www.europesays.com\/fr\/wp-json\/wp\/v2\/media?parent=594795"}],"wp:term":[{"taxonomy":"category","embeddable":true,"href":"https:\/\/www.europesays.com\/fr\/wp-json\/wp\/v2\/categories?post=594795"},{"taxonomy":"post_tag","embeddable":true,"href":"https:\/\/www.europesays.com\/fr\/wp-json\/wp\/v2\/tags?post=594795"}],"curies":[{"name":"wp","href":"https:\/\/api.w.org\/{rel}","templated":true}]}}