{"id":594801,"date":"2025-12-12T11:09:14","date_gmt":"2025-12-12T11:09:14","guid":{"rendered":"https:\/\/www.europesays.com\/fr\/594801\/"},"modified":"2025-12-12T11:09:14","modified_gmt":"2025-12-12T11:09:14","slug":"ligue-europa-lol-leader-gros-gadin-pour-lille-nice-dernier-le-classement-complet-apres-la-6e-journee","status":"publish","type":"post","link":"https:\/\/www.europesays.com\/fr\/594801\/","title":{"rendered":"Ligue Europa: l&rsquo;OL leader, gros gadin pour Lille, Nice dernier\u2026 le classement complet apr\u00e8s la 6e journ\u00e9e"},"content":{"rendered":"<p class=\"mb-4 text-lg md:leading-8 break-words\">La belle aventure de l\u2019Olympique Lyonnais en Ligue Europa continue. Les Gones, qui restaient sur un carton face au Maccabi Tel-Aviv (6-0), ont <a href=\"https:\/\/rmcsport.bfmtv.com\/football\/europa-league\/direct-ol-go-ahead-eagles-suivez-le-match-de-lyon-en-ligue-europa-en-live_LS-202512110830.html\" rel=\"nofollow noopener\" target=\"_blank\" data-ylk=\"slk:dispos\u00e9 des Go Ahead Eagles;elm:context_link;itc:0;sec:content-canvas\" class=\"link \">dispos\u00e9 des Go Ahead Eagles <\/a>2-1 jeudi au Groupama Stadium. Une victoire qui permet \u00e0 l\u2019OL de rester solidement en t\u00eate \u00e0 l\u2019issue de cette 6e journ\u00e9e. Assur\u00e9 de terminer dans le Top 24, Lyon peut envisager l\u2019avenir avec s\u00e9r\u00e9nit\u00e9 et viser le top 8 avant de retrouver les Young Boys de Berne le 22 janvier 2026.<\/p>\n<p>Chute de neuf places pour les Dogues<\/p>\n<p class=\"mb-4 text-lg md:leading-8 break-words\">Les Suisses, justement ont jou\u00e9 un mauvais tour aux Lillois ce jeudi soir. <a href=\"https:\/\/rmcsport.bfmtv.com\/football\/europa-league\/direct-young-boys-lille-suivez-le-match-du-losc-en-suisse-pour-la-ligue-europa-en-live_LS-202512110733.html\" rel=\"nofollow noopener\" target=\"_blank\" data-ylk=\"slk:En s\u2019inclinant face \u00e0 Berne 1-0;elm:context_link;itc:0;sec:content-canvas\" class=\"link \">En s\u2019inclinant face \u00e0 Berne 1-0<\/a>, le Losc r\u00e9alise la mauvaise apparition de la soir\u00e9e en chutant de la 11e \u00e0 la 20e place. Prochain rendez-vous les Dogues face au Celta Vigo, juste devant eux au ranking.<\/p>\n<p class=\"mb-4 text-lg md:leading-8 break-words\">Enfin on finit presque par s\u2019y habituer, l\u2019OGC Nice a perdu. Elimin\u00e9, le club azur\u00e9en qui traverse une grave crise, <a href=\"https:\/\/rmcsport.bfmtv.com\/football\/europa-league\/direct-nice-braga-suivez-le-match-de-la-derniere-chance-des-aiglons-en-ligue-europa-en-live_LS-202512110732.html\" rel=\"nofollow noopener\" target=\"_blank\" data-ylk=\"slk:a chut\u00e9 face aux Portugais de Braga (0-1);elm:context_link;itc:0;sec:content-canvas\" class=\"link \">a chut\u00e9 face aux Portugais de Braga (0-1)<\/a> et a enregistr\u00e9 sa sixi\u00e8me d\u00e9faite en autant de matchs. Bonnet d\u2019\u00e2ne pour le Gym, triste dernier de C3.<\/p>\n<p>Le classement de la Ligue Europa 2025-2026 apr\u00e8s la 6e journ\u00e9e<\/p>\n<ol class=\"mb-4\">\n<li class=\"ml-4 list-decimal\"\/>\n<li class=\"ml-4 list-decimal\"\/>\n<li class=\"ml-4 list-decimal\"\/>\n<li class=\"ml-4 list-decimal\"\/>\n<li class=\"ml-4 list-decimal\"\/>\n<li class=\"ml-4 list-decimal\"\/>\n<li class=\"ml-4 list-decimal\"\/>\n<li class=\"ml-4 list-decimal\"\/>\n<li class=\"ml-4 list-decimal\"\/>\n<li class=\"ml-4 list-decimal\"\/>\n<li class=\"ml-4 list-decimal\">\n<p class=\"mb-4 text-lg md:leading-8 break-words\">Nottingham Forest 11 (+5)<\/p>\n<\/li>\n<li class=\"ml-4 list-decimal\"\/>\n<li class=\"ml-4 list-decimal\"\/>\n<li class=\"ml-4 list-decimal\"\/>\n<li class=\"ml-4 list-decimal\"\/>\n<li class=\"ml-4 list-decimal\"\/>\n<li class=\"ml-4 list-decimal\">\n<p class=\"mb-4 text-lg md:leading-8 break-words\">Etoile Rouge de Belgrade 10 (0)<\/p>\n<\/li>\n<li class=\"ml-4 list-decimal\"\/>\n<li class=\"ml-4 list-decimal\"\/>\n<li class=\"ml-4 list-decimal\"\/>\n<li class=\"ml-4 list-decimal\"\/>\n<li class=\"ml-4 list-decimal\"\/>\n<li class=\"ml-4 list-decimal\"\/>\n<li class=\"ml-4 list-decimal\"\/>\n<li class=\"ml-4 list-decimal\"\/>\n<li class=\"ml-4 list-decimal\"\/>\n<li class=\"ml-4 list-decimal\"\/>\n<li class=\"ml-4 list-decimal\"\/>\n<li class=\"ml-4 list-decimal\"\/>\n<li class=\"ml-4 list-decimal\"\/>\n<li class=\"ml-4 list-decimal\"\/>\n<li class=\"ml-4 list-decimal\"\/>\n<li class=\"ml-4 list-decimal\"\/>\n<li class=\"ml-4 list-decimal\"\/>\n<li class=\"ml-4 list-decimal\"\/>\n<li class=\"ml-4 list-decimal\"\/><\/ol>\n<p class=\"mb-4 text-lg md:leading-8 break-words\"><a href=\"https:\/\/rmcsport.bfmtv.com\/football\/europa-league\/ligue-europa-l-ol-leader-gros-gadin-pour-lille-nice-dernier-le-classement-complet-apres-la-6e-journee_AV-202512110992.html#xtor=AL-68\" rel=\"nofollow noopener\" target=\"_blank\" data-ylk=\"slk:Article original publi\u00e9 sur RMC Sport;elm:context_link;itc:0;sec:content-canvas\" class=\"link \">Article original publi\u00e9 sur RMC Sport<\/a><\/p>\n","protected":false},"excerpt":{"rendered":"La belle aventure de l\u2019Olympique Lyonnais en Ligue Europa continue. Les Gones, qui restaient sur un carton face&hellip;\n","protected":false},"author":2,"featured_media":594802,"comment_status":"","ping_status":"","sticky":false,"template":"","format":"standard","meta":{"footnotes":""},"categories":[2815],"tags":[1111,11,46966,784,48743,1777,674,1011,27,70676,811,3279,5843,1307,2267,2428,70773,12,17625,25,12500,48742],"class_list":{"0":"post-594801","1":"post","2":"type-post","3":"status-publish","4":"format-standard","5":"has-post-thumbnail","7":"category-lille","8":"tag-actu","9":"tag-actualites","10":"tag-as-roma","11":"tag-aston-villa","12":"tag-betis-seville","13":"tag-eu","14":"tag-europe","15":"tag-fr","16":"tag-france","17":"tag-go-ahead-eagles","18":"tag-hauts-de-france","19":"tag-lolympique-lyonnais","20":"tag-ligue-europa","21":"tag-lille","22":"tag-losc","23":"tag-lyon","24":"tag-maccabi-tel-aviv","25":"tag-news","26":"tag-nottingham-forest","27":"tag-republique-francaise","28":"tag-stuttgart","29":"tag-young-boys-de-berne"},"share_on_mastodon":{"url":"https:\/\/pubeurope.com\/@fr\/115706289387341605","error":""},"_links":{"self":[{"href":"https:\/\/www.europesays.com\/fr\/wp-json\/wp\/v2\/posts\/594801","targetHints":{"allow":["GET"]}}],"collection":[{"href":"https:\/\/www.europesays.com\/fr\/wp-json\/wp\/v2\/posts"}],"about":[{"href":"https:\/\/www.europesays.com\/fr\/wp-json\/wp\/v2\/types\/post"}],"author":[{"embeddable":true,"href":"https:\/\/www.europesays.com\/fr\/wp-json\/wp\/v2\/users\/2"}],"replies":[{"embeddable":true,"href":"https:\/\/www.europesays.com\/fr\/wp-json\/wp\/v2\/comments?post=594801"}],"version-history":[{"count":0,"href":"https:\/\/www.europesays.com\/fr\/wp-json\/wp\/v2\/posts\/594801\/revisions"}],"wp:featuredmedia":[{"embeddable":true,"href":"https:\/\/www.europesays.com\/fr\/wp-json\/wp\/v2\/media\/594802"}],"wp:attachment":[{"href":"https:\/\/www.europesays.com\/fr\/wp-json\/wp\/v2\/media?parent=594801"}],"wp:term":[{"taxonomy":"category","embeddable":true,"href":"https:\/\/www.europesays.com\/fr\/wp-json\/wp\/v2\/categories?post=594801"},{"taxonomy":"post_tag","embeddable":true,"href":"https:\/\/www.europesays.com\/fr\/wp-json\/wp\/v2\/tags?post=594801"}],"curies":[{"name":"wp","href":"https:\/\/api.w.org\/{rel}","templated":true}]}}