{"id":594809,"date":"2025-12-12T11:16:27","date_gmt":"2025-12-12T11:16:27","guid":{"rendered":"https:\/\/www.europesays.com\/fr\/594809\/"},"modified":"2025-12-12T11:16:27","modified_gmt":"2025-12-12T11:16:27","slug":"nombreux-pompiers-sur-la-ligne-11-du-metro-un-hopital-dedie-a-lendometriose-linfo-du-midi-en-ile-de-france","status":"publish","type":"post","link":"https:\/\/www.europesays.com\/fr\/594809\/","title":{"rendered":"Nombreux pompiers sur la ligne 11 du m\u00e9tro, un h\u00f4pital d\u00e9di\u00e9 \u00e0 l\u2019endom\u00e9triose\u2026 l\u2019info du midi en \u00cele-de-France"},"content":{"rendered":"<p>                    Par<br \/>\n        <strong><br \/>\n            <a href=\"https:\/\/actu.fr\/auteur\/journaliste-lm\" title=\"Consulter tous les articles de R\u00e9daction Meaux\" target=\"_blank\" rel=\"noopener\">R\u00e9daction Meaux<\/a><br \/>\n                    <\/strong><\/p>\n<p>        Publi\u00e9 le<\/p>\n<p>            12 d\u00e9c. 2025 \u00e0 11h59        <\/p>\n<p>Que se passe-t-il en \u00cele-de-France ce <b>vendredi 12\u00a0d\u00e9cembre 2025\u2009<\/b>? Voici l\u2019essentiel de l\u2019actualit\u00e9 \u00e0 midi\u2009: de tr\u00e8s nombreux pompiers ont \u00e9t\u00e9 d\u00e9ploy\u00e9s sur la ligne 11 du m\u00e9tro \u00e0 <b>Paris<\/b>\u2009; un h\u00f4pital d\u00e9di\u00e9 \u00e0 l\u2019endom\u00e9triose a ouvert en <b>Seine-et-Marne<\/b>\u2009; un homme a \u00e9t\u00e9 mortellement percut\u00e9 par un train en <b>Essonne\u2009<\/b>; dans le <b>Val-d\u2019Oise<\/b>, 800\u2009000\u00a0euros pour consolider les berges de l\u2019Oise\u2009; enfin, dans les <b>Yvelines<\/b>, cette quincaillerie r\u00e9siste \u00e0 tout depuis presque un si\u00e8cle.<\/p>\n<p>Les informations \u00e0 retenir en \u00cele-de-France<\/p>\n<p class=\" wall-content\"><b>Paris.<\/b> <a href=\"https:\/\/actu.fr\/ile-de-france\/montreuil_93048\/montreuil-pourquoi-les-pompiers-sont-intervenus-dans-la-ligne-11-du-metro_63559863.html\" target=\"_blank\" rel=\"noopener\">Montreuil\u2009: pourquoi les pompiers sont intervenus en masse dans la ligne 11 du m\u00e9tro<\/a><\/p>\n<p class=\" wall-content\">Les secours ont \u00e9t\u00e9 d\u00e9ploy\u00e9s, dans la nuit du jeudi\u00a011 au vendredi 12\u00a0d\u00e9cembre 2025 \u00e0 Montreuil, aux abords de la ligne 11 du m\u00e9tro, dans le cadre d\u2019un exercice avec la RATP.<\/p>\n<p class=\" wall-content\"><b>Seine-et-Marne. <a href=\"https:\/\/actu.fr\/ile-de-france\/montereau-fault-yonne_77305\/seine-et-marne-gynecologue-psychologue-kines-ce-nouvel-hopital-de-jour-est-dedie-a-lendometriose_63545765.html\" target=\"_blank\" rel=\"noopener\">Seine-et-Marne\u2009: gyn\u00e9cologue, psychologue, kin\u00e9s\u2026 Ce nouvel h\u00f4pital de jour est d\u00e9di\u00e9 \u00e0 l\u2019endom\u00e9triose<\/a><\/b><\/p>\n<p class=\" wall-content\">Compos\u00e9 de plusieurs praticiens sp\u00e9cialis\u00e9s dans l\u2019endom\u00e9triose, le nouvel h\u00f4pital de jour du centre hospitalier du sud Seine-et-Marne permet un bilan complet en une journ\u00e9e.<\/p>\n<p class=\" wall-content\"><b>Essonne. <a href=\"https:\/\/actu.fr\/ile-de-france\/montgeron_91421\/essonne-une-homme-meurt-apres-avoir-ete-percute-par-un-train-le-trafic-du-rer-d-et-de-la-ligne-r-interrompu_63565482.html\" target=\"_blank\" rel=\"noopener\">Essonne\u2009: un homme meurt apr\u00e8s avoir \u00e9t\u00e9 percut\u00e9 par un train, le trafic du RER D et de la ligne R perturb\u00e9<\/a><\/b><\/p>\n<p class=\" wall-content\">Le drame s\u2019est produit en milieu d\u2019apr\u00e8s-midi\u00a0jeudi 11\u00a0d\u00e9cembre 2025 \u00e0 la\u00a0gare\u00a0de\u00a0Montgeron Crosne<b> <\/b>desservie par le\u00a0RER D.\u00a0Peu avant 16\u2009h, un<b>\u00a0<\/b>homme de 50\u00a0ans\u00a0a \u00e9t\u00e9\u00a0percut\u00e9\u00a0par un\u00a0train. Les secours n\u2019ont pas pu le r\u00e9animer.<\/p>\n<p class=\" wall-content\"><b>Val-d\u2019Oise.<\/b> <a href=\"https:\/\/actu.fr\/ile-de-france\/saint-ouen-l-aumone_95572\/800-000-euros-pour-consolider-les-berges-de-cette-ville-du-val-doise_63559934.html\" target=\"_blank\" rel=\"noopener\">800\u2009000\u00a0euros pour consolider les berges de cette ville du Val-d\u2019Oise<\/a><\/p>\n<p>Vid\u00e9os : en ce moment sur Actu<\/p>\n<p class=\" wall-content\">C\u2019est un chantier d\u2019envergure port\u00e9 par le\u00a0Syndicat mixte des berges de l\u2019Oise (Smbo). Les travaux de consolidation des\u00a0berges de l\u2019Oise\u00a0viennent d\u2019\u00eatre engag\u00e9s le long du quai de l\u2019\u00e9cluse \u00e0\u00a0Saint-Ouen-l\u2019Aum\u00f4ne.<\/p>\n<p class=\" wall-content\"><b>Yvelines.<\/b> <a href=\"https:\/\/actu.fr\/ile-de-france\/le-perray-en-yvelines_78486\/la-patronne-a-91-ans-dans-les-yvelines-cette-quincaillerie-resiste-a-tout-depuis-presque-un-siecle_63564496.html\" target=\"_blank\" rel=\"noopener\">La patronne a 91\u00a0ans\u2009: dans les Yvelines, cette quincaillerie r\u00e9siste \u00e0 tout depuis presque un si\u00e8cle<\/a><\/p>\n<p>Votre r\u00e9gion, votre actu !<\/p>\n<p>Recevez chaque jour les infos qui comptent pour vous.<\/p>\n<p>\t<a href=\"https:\/\/actu.fr\/newsletter\" class=\"ac-btn ac-btn--corner ac-btn--medium ac-btn--blue800\" target=\"_blank\" rel=\"noopener\">S&rsquo;incrire<\/a><\/p>\n<p class=\" wall-content\">La quincaillerie Andr\u00e9, v\u00e9ritable institution au Perray-en-Yvelines, est tenue par la m\u00eame famille depuis 1932. Quel est le secret de la long\u00e9vit\u00e9 et du succ\u00e8s de ce commerce\u2009?<\/p>\n<p>Suivez-nous pour en savoir plus\u2009!<\/p>\n<p class=\" wall-content\">Vous voulez plus d\u2019infos sur l\u2019\u00cele-de-France\u2009? Vous pouvez nous retrouver sur actu \u00cele-de-France. Pour nous suivre sur les r\u00e9seaux sociaux, dans vos d\u00e9partements\u2009:<\/p>\n<p class=\" wall-content\"><b>Paris<\/b>\u2009: retrouvez\u00a0actu\u00a0Paris\u00a0sur\u00a0<a href=\"https:\/\/www.facebook.com\/actufr.paris\/\" target=\"_blank\" rel=\"noopener\">Facebook\u00a0<\/a>et\u00a0<a href=\"https:\/\/twitter.com\/actufrparis\" target=\"_blank\" rel=\"noopener\">Twitter\u2009<\/a>;<\/p>\n<p class=\" wall-content\"><b>Seine-et-Marne<\/b>\u2009: retrouvez\u00a0La R\u00e9publique de Seine-et-Marne (sud) sur\u00a0<a href=\"https:\/\/www.facebook.com\/RepubliqueSeineMarne\/\" target=\"_blank\" rel=\"noopener\">Facebook\u00a0<\/a>et\u00a0<a href=\"https:\/\/twitter.com\/LaRep77\" target=\"_blank\" rel=\"noopener\">Twitter\u2009<\/a>; La Marne (nord) sur\u00a0<a href=\"https:\/\/www.facebook.com\/journallarmarne\/?__tn__=%2Cd%2CP-R&amp;eid=ARDLZc91LaHbXzDwChLLLQJVMBLx_ABJremTC2-RG0CYvg0f4f8CLvbV5G1Lli4g_6QoXDcKkU1_LX1W\" target=\"_blank\" rel=\"noopener\">Facebook\u00a0<\/a>et\u00a0<a href=\"https:\/\/twitter.com\/JournalLaMarne\" target=\"_blank\" rel=\"noopener\">Twitter\u2009<\/a>; et\u00a0Le Pays Briard\u00a0sur\u00a0<a href=\"https:\/\/www.facebook.com\/LePaysBriard\/?ref=bookmarks\" target=\"_blank\" rel=\"noopener\">Facebook\u00a0<\/a>et\u00a0<a href=\"https:\/\/twitter.com\/LePaysBriard\" target=\"_blank\" rel=\"noopener\">Twitter\u2009<\/a>;<\/p>\n<p class=\" wall-content\"><b>Yvelines\u2009:<\/b> retrouvez\u00a078actu\u00a0sur\u00a0<a href=\"https:\/\/www.facebook.com\/78actu\/\" target=\"_blank\" rel=\"noopener\">Facebook\u00a0<\/a>et\u00a0<a href=\"https:\/\/x.com\/78actu\">Twitter\u2009<\/a>;<\/p>\n<p class=\" wall-content\"><b>Essonne\u2009:<\/b> retrouvez\u00a0actu Essonne\u00a0sur\u00a0<a href=\"https:\/\/www.facebook.com\/actuessonne\/?ref=br_rs\" target=\"_blank\" rel=\"noopener\">Facebook\u00a0<\/a>et\u00a0<a href=\"https:\/\/twitter.com\/ActuEssonne\" target=\"_blank\" rel=\"noopener\">Twitter\u2009<\/a>;<\/p>\n<p class=\" wall-content\"><b>Hauts-de-Seine\u2009:<\/b> retrouvez\u00a0actu\u00a0Hauts-de-Seine\u00a0sur\u00a0<a href=\"https:\/\/www.facebook.com\/actufr.hautsdeseine\/\" target=\"_blank\" rel=\"noopener\">Facebook\u00a0<\/a>et\u00a0<a href=\"https:\/\/twitter.com\/actufr92\" target=\"_blank\" rel=\"noopener\">Twitter\u2009<\/a>;<\/p>\n<p class=\" wall-content\"><b>Seine-Saint-Denis\u2009:<\/b> retrouvez actu Seine-Saint-Denis sur\u00a0<a href=\"https:\/\/www.facebook.com\/actufr.seinesaintdenis\/\" target=\"_blank\" rel=\"noopener\">Facebook\u00a0<\/a>et\u00a0<a href=\"https:\/\/x.com\/Actufr93\">Twitter\u2009<\/a>;<\/p>\n<p class=\" wall-content\"><b>Val-de-Marne\u2009: <\/b>retrouvez actu Val-de-Marne sur\u00a0<a href=\"https:\/\/www.facebook.com\/actu94.valdemarne\/\" target=\"_blank\" rel=\"noopener\">Facebook\u00a0<\/a>et\u00a0<a href=\"https:\/\/x.com\/actufr94\">Twitter\u2009<\/a>;<\/p>\n<p class=\" wall-content\"><b>Val-d\u2019Oise\u2009: <\/b>retrouvez La Gazette du Val-d\u2019Oise sur\u00a0<a href=\"https:\/\/x.com\/actufr94\">Twitter<\/a><\/p>\n<p class=\" wall-content\">Personnalisez votre actualit\u00e9 en ajoutant vos villes et m\u00e9dias en favori avec <a href=\"https:\/\/moncompte.actu.fr\" title=\"D\u00e9couvez Mon Actu\" rel=\"nofollow noopener\" data-trk=\"{&quot;cta&quot;:{&quot;action&quot;:&quot;https:\\\/\\\/moncompte.actu.fr&quot;,&quot;category&quot;:&quot;mon compte&quot;,&quot;from&quot;:&quot;article footer&quot;,&quot;name&quot;:&quot;Mon actu&quot;,&quot;type&quot;:&quot;cta&quot;}}\" target=\"_blank\">Mon Actu<\/a>.<\/p>\n<p>                    <script async src=\"https:\/\/platform.twitter.com\/widgets.js\" charset=\"utf-8\"><\/script><\/p>\n","protected":false},"excerpt":{"rendered":"Par R\u00e9daction Meaux Publi\u00e9 le 12 d\u00e9c. 2025 \u00e0 11h59 Que se passe-t-il en \u00cele-de-France ce vendredi 12\u00a0d\u00e9cembre&hellip;\n","protected":false},"author":2,"featured_media":594810,"comment_status":"","ping_status":"","sticky":false,"template":"","format":"standard","meta":{"footnotes":""},"categories":[1592],"tags":[7757,1111,11,1777,674,1011,27,662,12,626,1311,25,104],"class_list":{"0":"post-594809","1":"post","2":"type-post","3":"status-publish","4":"format-standard","5":"has-post-thumbnail","7":"category-ile-de-france","8":"tag-accident-grave-de-voyageur","9":"tag-actu","10":"tag-actualites","11":"tag-eu","12":"tag-europe","13":"tag-fr","14":"tag-france","15":"tag-ile-de-france","16":"tag-news","17":"tag-paris","18":"tag-pompiers","19":"tag-republique-francaise","20":"tag-societe"},"share_on_mastodon":{"url":"https:\/\/pubeurope.com\/@fr\/115706316965159224","error":""},"_links":{"self":[{"href":"https:\/\/www.europesays.com\/fr\/wp-json\/wp\/v2\/posts\/594809","targetHints":{"allow":["GET"]}}],"collection":[{"href":"https:\/\/www.europesays.com\/fr\/wp-json\/wp\/v2\/posts"}],"about":[{"href":"https:\/\/www.europesays.com\/fr\/wp-json\/wp\/v2\/types\/post"}],"author":[{"embeddable":true,"href":"https:\/\/www.europesays.com\/fr\/wp-json\/wp\/v2\/users\/2"}],"replies":[{"embeddable":true,"href":"https:\/\/www.europesays.com\/fr\/wp-json\/wp\/v2\/comments?post=594809"}],"version-history":[{"count":0,"href":"https:\/\/www.europesays.com\/fr\/wp-json\/wp\/v2\/posts\/594809\/revisions"}],"wp:featuredmedia":[{"embeddable":true,"href":"https:\/\/www.europesays.com\/fr\/wp-json\/wp\/v2\/media\/594810"}],"wp:attachment":[{"href":"https:\/\/www.europesays.com\/fr\/wp-json\/wp\/v2\/media?parent=594809"}],"wp:term":[{"taxonomy":"category","embeddable":true,"href":"https:\/\/www.europesays.com\/fr\/wp-json\/wp\/v2\/categories?post=594809"},{"taxonomy":"post_tag","embeddable":true,"href":"https:\/\/www.europesays.com\/fr\/wp-json\/wp\/v2\/tags?post=594809"}],"curies":[{"name":"wp","href":"https:\/\/api.w.org\/{rel}","templated":true}]}}