{"id":594811,"date":"2025-12-12T11:18:18","date_gmt":"2025-12-12T11:18:18","guid":{"rendered":"https:\/\/www.europesays.com\/fr\/594811\/"},"modified":"2025-12-12T11:18:18","modified_gmt":"2025-12-12T11:18:18","slug":"paris-nouveau-rebond-apres-le-record-du-dow-jones-12-12-2025-a-1146","status":"publish","type":"post","link":"https:\/\/www.europesays.com\/fr\/594811\/","title":{"rendered":"Paris: nouveau rebond apr\u00e8s le record du Dow Jones &#8211; 12\/12\/2025 \u00e0 11:46"},"content":{"rendered":"<p>                                                                La Bourse de Paris est en hausse vendredi pour la derni\u00e8re s\u00e9ance d&rsquo;une semaine d\u00e9cisive, principalement marqu\u00e9e par les d\u00e9cisions strat\u00e9giques de la Fed. L&rsquo;indice CAC 40 progresse de 0,7% \u00e0 8 140 points.<\/p>\n<p>Le march\u00e9 parisien avait gagn\u00e9 0,8% \u00e0 8 086 points hier soir, signant la meilleure performance des places europ\u00e9ennes. Le CAC affiche d\u00e9sormais un gain de plus de 0,3% sur l&rsquo;ensemble de la semaine, ce qui signifie que la performance du jour va s&rsquo;av\u00e9rer d\u00e9terminante en vue d&rsquo;\u00e9tablir son score hebdomadaire final.\n<\/p>\n<p>Les march\u00e9s d&rsquo;actions mondiaux ont plut\u00f4t bien dig\u00e9r\u00e9 les derni\u00e8res annonces de la R\u00e9serve f\u00e9d\u00e9rale, qui s&rsquo;est abstenue de tenir un discours trop restrictif en d\u00e9pit de la solidit\u00e9 actuelle de l&rsquo;\u00e9conomie am\u00e9ricaine et des fortes divergences de vues qui subsistent au sein de son comit\u00e9 de politique mon\u00e9taire.\n<\/p>\n<p>L&rsquo;apr\u00e8s-FOMC s&rsquo;est notamment av\u00e9r\u00e9 positif pour Wall Street, en d\u00e9pit de la d\u00e9ception suscit\u00e9e par les r\u00e9sultats trimestriels moins bons que pr\u00e9vu d&rsquo;Oracle, qui ont raviv\u00e9 les craintes de surinvestissements massifs dans l&rsquo;IA susceptibles de plomber les comptes des g\u00e9ants am\u00e9ricains de la tech.\n<\/p>\n<p>P\u00e9nalis\u00e9 par la contre-performance d&rsquo;Oracle, qui a d\u00e9viss\u00e9 de plus de 10% hier, le Nasdaq Composite a certes fini la s\u00e9ance de jeudi dans le rouge, mais sur un repli limit\u00e9 de 0,2% \u00e0 23 593,8 points, illustrant l&rsquo;\u00e9tat d&rsquo;esprit constructif des acteurs de march\u00e9 \u00e0 quelques semaines de la fin de l&rsquo;ann\u00e9e.\n<\/p>\n<p>\u00ab\u00a0Si cette d\u00e9convenue s&rsquo;\u00e9tait produite il y a encore trois semaines, la r\u00e9action des march\u00e9s aurait \u00e9t\u00e9 bien plus s\u00e9v\u00e8re\u00a0\u00bb, estiment ce matin les \u00e9quipes de Danske Bank.\n<\/p>\n<p>Signe de la confiance des investisseurs, le Dow Jones a progress\u00e9 hier soir de plus de 1,3% \u00e0 48 704 points apr\u00e8s avoir \u00e9tabli dans la journ\u00e9e un nouveau record historique au-del\u00e0 de 48 756,3 points, tandis que le S&amp;P 500 avan\u00e7ait de 0,2% \u00e0 6 901 points, une hausse qui lui a permis de revenir \u00e0 une vingtaine de points de ses plus hauts absolus.\n<\/p>\n<p>La lourde incertitude li\u00e9e \u00e0 la Fed maintenant lev\u00e9e, il reste \u00e0 voir si les march\u00e9s disposent encore de suffisamment de carburant pour se lancer dans le traditionnel \u00ab\u00a0rally de fin d&rsquo;ann\u00e9e\u00a0\u00bb.\n<\/p>\n<p>Historiquement, les Bourses mondiales ont tendance \u00e0 progresser durant les derni\u00e8res semaines de l&rsquo;ann\u00e9e, \u00e0 la faveur d&rsquo;habillages de bilan sur les valeurs gagnantes de l&rsquo;exercice \u00e9coul\u00e9 et de premi\u00e8res prises de positions en vue de l&rsquo;ann\u00e9e \u00e0 venir.\n<\/p>\n<p>Le Dow Jones a cependant gagn\u00e9 14,5% depuis le 1er janvier, tandis que le S&amp;P et le Nasdaq affichent des hausses de respectivement 17% et 22%, ce qui laisse penser que l&rsquo;essentiel de l&rsquo;action a d\u00e9j\u00e0 eu lieu.\n<\/p>\n<p>A Paris, le CAC 40 s&rsquo;adjuge pr\u00e8s de 10% cette ann\u00e9e, un score flatteur au vu des incertitudes politiques qui ont frein\u00e9 la tendance en 2025, mais l&rsquo;indice parisien se situe \u00e0 moins de 3% de son plus haut historique, ce qui pourrait dissuader les investisseurs de fermer leurs livres de comptes trop t\u00f4t.\n<\/p>\n<p>Maintenant que le rendez-vous de la Fed est pass\u00e9, le march\u00e9 va \u00e9galement pouvoir revenir \u00e0 un processus de prises de d\u00e9cisions plus rationnel, bas\u00e9 sur les fondamentaux \u00e9conomiques et les r\u00e9sultats d&rsquo;entreprise, avec une nouvelle \u00ab\u00a0saison\u00a0\u00bb qui arrivera d\u00e8s le mois de janvier.\n<\/p>\n<p>En attendant, les investisseurs porteront leur attention, dans le courant de la semaine prochaine, sur les derniers chiffres tr\u00e8s attendus de l&rsquo;inflation et de l&#8217;emploi aux Etats-Unis.\n<\/p>\n<p>Il s&rsquo;agira de la derni\u00e8re semaine de Bourse compl\u00e8te sur les march\u00e9s avant No\u00ebl et le Nouvel An, ce qui pourrait aussi impliquer un all\u00e8gement des volumes d&rsquo;\u00e9changes.\n<\/p>\n<p>Parmi les indicateurs du jour figurent les donn\u00e9es d\u00e9finitives des prix \u00e0 la consommation en France. Les prix \u00e0 la consommation en France sont ressortis en hausse de 0,9% en novembre 2025 en rythme annuel, soit le m\u00eame taux que celui observ\u00e9 en octobre, selon l&rsquo;Insee qui confirme donc son estimation provisoire pour le mois dernier.<\/p>\n","protected":false},"excerpt":{"rendered":"La Bourse de Paris est en hausse vendredi pour la derni\u00e8re s\u00e9ance d&rsquo;une semaine d\u00e9cisive, principalement marqu\u00e9e par&hellip;\n","protected":false},"author":2,"featured_media":17400,"comment_status":"","ping_status":"","sticky":false,"template":"","format":"standard","meta":{"footnotes":""},"categories":[1888],"tags":[400,1111,1928,11,1927,398,408,405,1777,674,1011,27,403,402,399,404,12,1926,626,1925,25,401,406,407],"class_list":{"0":"post-594811","1":"post","2":"type-post","3":"status-publish","4":"format-standard","5":"has-post-thumbnail","7":"category-paris","8":"tag-action-cac-40","9":"tag-actu","10":"tag-actu-paris","11":"tag-actualites","12":"tag-actualites-paris","13":"tag-bourse-de-paris","14":"tag-boursorama","15":"tag-cotations","16":"tag-eu","17":"tag-europe","18":"tag-fr","19":"tag-france","20":"tag-indices-devises","21":"tag-investir","22":"tag-investissement","23":"tag-marche-boursier","24":"tag-news","25":"tag-news-paris","26":"tag-paris","27":"tag-paris-news","28":"tag-republique-francaise","29":"tag-sicav","30":"tag-trackers","31":"tag-warrants"},"share_on_mastodon":{"url":"https:\/\/pubeurope.com\/@fr\/115706325102109784","error":""},"_links":{"self":[{"href":"https:\/\/www.europesays.com\/fr\/wp-json\/wp\/v2\/posts\/594811","targetHints":{"allow":["GET"]}}],"collection":[{"href":"https:\/\/www.europesays.com\/fr\/wp-json\/wp\/v2\/posts"}],"about":[{"href":"https:\/\/www.europesays.com\/fr\/wp-json\/wp\/v2\/types\/post"}],"author":[{"embeddable":true,"href":"https:\/\/www.europesays.com\/fr\/wp-json\/wp\/v2\/users\/2"}],"replies":[{"embeddable":true,"href":"https:\/\/www.europesays.com\/fr\/wp-json\/wp\/v2\/comments?post=594811"}],"version-history":[{"count":0,"href":"https:\/\/www.europesays.com\/fr\/wp-json\/wp\/v2\/posts\/594811\/revisions"}],"wp:featuredmedia":[{"embeddable":true,"href":"https:\/\/www.europesays.com\/fr\/wp-json\/wp\/v2\/media\/17400"}],"wp:attachment":[{"href":"https:\/\/www.europesays.com\/fr\/wp-json\/wp\/v2\/media?parent=594811"}],"wp:term":[{"taxonomy":"category","embeddable":true,"href":"https:\/\/www.europesays.com\/fr\/wp-json\/wp\/v2\/categories?post=594811"},{"taxonomy":"post_tag","embeddable":true,"href":"https:\/\/www.europesays.com\/fr\/wp-json\/wp\/v2\/tags?post=594811"}],"curies":[{"name":"wp","href":"https:\/\/api.w.org\/{rel}","templated":true}]}}